{"id":17562,"date":"2019-09-06T12:55:31","date_gmt":"2019-09-06T10:55:31","guid":{"rendered":"http:\/\/slaskipegaz.bs.katowice.pl\/?p=17562"},"modified":"2019-09-06T12:55:31","modified_gmt":"2019-09-06T10:55:31","slug":"zapowiedz-miejska-biblioteka-publiczna-w-jaworznie-13","status":"publish","type":"post","link":"https:\/\/slaskipegaz.bs.katowice.pl\/?p=17562","title":{"rendered":"[Zapowied\u017a] MIEJSKA BIBLIOTEKA PUBLICZNA W JAWORZNIE"},"content":{"rendered":"<h6 style=\"text-align: center;\">Narodowe Czytanie w Jaworznie<\/h6>\n<p><a href=\"https:\/\/slaskipegaz.bs.katowice.pl\/wp-content\/uploads\/2019\/09\/plakat_narodowe.jpg\"><img loading=\"lazy\" decoding=\"async\" class=\"size-medium wp-image-17563 alignleft\" src=\"https:\/\/slaskipegaz.bs.katowice.pl\/wp-content\/uploads\/2019\/09\/plakat_narodowe-212x300.jpg\" alt=\"spotkanie\" width=\"212\" height=\"300\" srcset=\"https:\/\/slaskipegaz.bs.katowice.pl\/wp-content\/uploads\/2019\/09\/plakat_narodowe-212x300.jpg 212w, https:\/\/slaskipegaz.bs.katowice.pl\/wp-content\/uploads\/2019\/09\/plakat_narodowe-768x1086.jpg 768w, https:\/\/slaskipegaz.bs.katowice.pl\/wp-content\/uploads\/2019\/09\/plakat_narodowe-724x1024.jpg 724w, https:\/\/slaskipegaz.bs.katowice.pl\/wp-content\/uploads\/2019\/09\/plakat_narodowe.jpg 1654w\" sizes=\"auto, (max-width: 212px) 100vw, 212px\" \/><\/a>Serdecznie zapraszamy do udzia\u0142u w wydarzeniach przygotowanych przez nasz\u0105 Bibliotek\u0119 w zwi\u0105zku z tegoroczn\u0105 ods\u0142on\u0105 Narodowego Czytania. Podczas \u00f3smej edycji wsp\u00f3lnie czyta\u0107 b\u0119dziemy Nowele polskie. Zestaw o\u015bmiu tekst\u00f3w z r\u00f3\u017cnych epok literackich wy\u0142oniony zosta\u0142 przez Par\u0119 Prezydenck\u0105 spo\u015br\u00f3d stu propozycji przes\u0142anych do Kancelarii Prezydenta. <!--more-->W gronie autor\u00f3w znale\u017ali si\u0119 Maria Konopnicka, Boles\u0142aw Prus, Henryk Sienkiewicz, Eliza Orzeszkowa, Stefan \u017beromski, W\u0142adys\u0142aw Stanis\u0142aw Reymont, Henryk Rzewuski, Brunon Schulz.<\/p>\n<p>G\u0142\u00f3wne wydarzenie odb\u0119dzie si\u0119 7 wrze\u015bnia (sobota) o godz. 11.00. \u201eKatarynk\u0119\u201d Boles\u0142awa Prusa us\u0142yszymy w interpretacji Prezydenta Miasta Paw\u0142a Silberta, natomiast nowel\u0119 Elizy Orzeszkowej pt. \u201eDobra pani\u201d przypomni Tomasz Stockinger. Prezentacji dzie\u0142a towarzyszy\u0107 b\u0119dzie muzyka w aran\u017cacji i wykonaniu Stefan G\u0105sienieca.<\/p>\n<p>Najm\u0142odszych zaprosimy do wsp\u00f3lnych zabaw literackich \u2013 rebus\u00f3w, quiz\u00f3w, zagadek, przybli\u017caj\u0105cych postaci autor\u00f3w oraz ich dorobek. Trwa\u0142\u0105 pami\u0105tk\u0105 udzia\u0142u w wydarzeniu b\u0119dzie okoliczno\u015bciowa piecz\u0119\u0107, w tym celu zach\u0119camy do przyniesienia ksi\u0105\u017cek z w\u0142asnych kolekcji.<\/p>\n","protected":false},"excerpt":{"rendered":"<p>Narodowe Czytanie w Jaworznie Serdecznie zapraszamy do udzia\u0142u w wydarzeniach przygotowanych przez nasz\u0105 Bibliotek\u0119 w zwi\u0105zku z tegoroczn\u0105 ods\u0142on\u0105 Narodowego Czytania. Podczas \u00f3smej edycji wsp\u00f3lnie czyta\u0107 b\u0119dziemy Nowele polskie. Zestaw o\u015bmiu tekst\u00f3w z r\u00f3\u017cnych epok literackich wy\u0142oniony zosta\u0142 przez Par\u0119 Prezydenck\u0105 spo\u015br\u00f3d stu propozycji przes\u0142anych do Kancelarii Prezydenta.<\/p>\n","protected":false},"author":3,"featured_media":0,"comment_status":"closed","ping_status":"closed","sticky":false,"template":"","format":"standard","meta":{"_acf_changed":false,"_exactmetrics_skip_tracking":false,"_exactmetrics_sitenote_active":false,"_exactmetrics_sitenote_note":"","_exactmetrics_sitenote_category":0,"footnotes":""},"categories":[6],"tags":[8,333],"class_list":["post-17562","post","type-post","status-publish","format-standard","hentry","category-aktualnosci","tag-miejska-biblioteka-publiczna-w-jaworznie","tag-narodowe-czytanie"],"acf":[],"jetpack_featured_media_url":"","_links":{"self":[{"href":"https:\/\/slaskipegaz.bs.katowice.pl\/index.php?rest_route=\/wp\/v2\/posts\/17562","targetHints":{"allow":["GET"]}}],"collection":[{"href":"https:\/\/slaskipegaz.bs.katowice.pl\/index.php?rest_route=\/wp\/v2\/posts"}],"about":[{"href":"https:\/\/slaskipegaz.bs.katowice.pl\/index.php?rest_route=\/wp\/v2\/types\/post"}],"author":[{"embeddable":true,"href":"https:\/\/slaskipegaz.bs.katowice.pl\/index.php?rest_route=\/wp\/v2\/users\/3"}],"replies":[{"embeddable":true,"href":"https:\/\/slaskipegaz.bs.katowice.pl\/index.php?rest_route=%2Fwp%2Fv2%2Fcomments&post=17562"}],"version-history":[{"count":1,"href":"https:\/\/slaskipegaz.bs.katowice.pl\/index.php?rest_route=\/wp\/v2\/posts\/17562\/revisions"}],"predecessor-version":[{"id":17564,"href":"https:\/\/slaskipegaz.bs.katowice.pl\/index.php?rest_route=\/wp\/v2\/posts\/17562\/revisions\/17564"}],"wp:attachment":[{"href":"https:\/\/slaskipegaz.bs.katowice.pl\/index.php?rest_route=%2Fwp%2Fv2%2Fmedia&parent=17562"}],"wp:term":[{"taxonomy":"category","embeddable":true,"href":"https:\/\/slaskipegaz.bs.katowice.pl\/index.php?rest_route=%2Fwp%2Fv2%2Fcategories&post=17562"},{"taxonomy":"post_tag","embeddable":true,"href":"https:\/\/slaskipegaz.bs.katowice.pl\/index.php?rest_route=%2Fwp%2Fv2%2Ftags&post=17562"}],"curies":[{"name":"wp","href":"https:\/\/api.w.org\/{rel}","templated":true}]}}