{"id":17601,"date":"2019-09-19T10:39:30","date_gmt":"2019-09-19T08:39:30","guid":{"rendered":"http:\/\/slaskipegaz.bs.katowice.pl\/?p=17601"},"modified":"2019-09-19T10:39:43","modified_gmt":"2019-09-19T08:39:43","slug":"relacja-miejsko-gminna-biblioteka-publiczna-w-siewierzu-filia-w-wojkowicach-koscielnych-28","status":"publish","type":"post","link":"https:\/\/slaskipegaz.bs.katowice.pl\/?p=17601","title":{"rendered":"[Relacja] MIEJSKO-GMINNA BIBLIOTEKA PUBLICZNA W SIEWIERZU. FILIA W WOJKOWICACH KO\u015aCIELNYCH"},"content":{"rendered":"<h6 style=\"text-align: center;\">\u201eChce mi si\u0119 chcie\u0107\u201d\u2026 A Nam si\u0119 chcia\u0142o!!! \u2013 czyli o bibliowakacjach w Wojkowicach Ko\u015bcielnych\u201d<\/h6>\n<p><a href=\"https:\/\/slaskipegaz.bs.katowice.pl\/wp-content\/uploads\/2019\/09\/DSCN5513.jpg\"><img loading=\"lazy\" decoding=\"async\" class=\"size-medium wp-image-17602 alignleft\" src=\"https:\/\/slaskipegaz.bs.katowice.pl\/wp-content\/uploads\/2019\/09\/DSCN5513-300x225.jpg\" alt=\"Wojkowice\" width=\"300\" height=\"225\" srcset=\"https:\/\/slaskipegaz.bs.katowice.pl\/wp-content\/uploads\/2019\/09\/DSCN5513-300x225.jpg 300w, https:\/\/slaskipegaz.bs.katowice.pl\/wp-content\/uploads\/2019\/09\/DSCN5513-768x576.jpg 768w, https:\/\/slaskipegaz.bs.katowice.pl\/wp-content\/uploads\/2019\/09\/DSCN5513-1024x768.jpg 1024w\" sizes=\"auto, (max-width: 300px) 100vw, 300px\" \/><\/a>Sko\u0144czy\u0142 si\u0119 czas wakacyjnych przyg\u00f3d z ksi\u0105\u017ck\u0105 i wsp\u00f3lnych spotka\u0144 w filii bibliotecznej w Wojkowicach Ko\u015bcielnych. Wzorem lat ubieg\u0142ych plac\u00f3wka zorganizowa\u0142a spotkania dla dzieci w wieku przedszkolnym i szkolnym w ramach og\u00f3lnopolskiej akcji \u201eZachowaj Trze\u017awy Umys\u0142\u201d.<!--more--><\/p>\n<p>Podczas 12 spotka\u0144 bibliotek\u0119 odwiedzi\u0142o ponad 20. dzieci, a \u0142\u0105czna frekwencja wynios\u0142a 126. Celem spotka\u0144 by\u0142o umo\u017cliwienie dzieciom sp\u0119dzenia wolnego czasu w spos\u00f3b po\u017cyteczny, atrakcyjny i bezpieczny. Biblioteka przygotowa\u0142a r\u00f3\u017cnorodne zaj\u0119cia, kt\u00f3re pozwoli\u0142y na tw\u00f3rcze i czynne zagospodarowanie wolnego czasu. Na ten czas wojkowicka filia zamieni\u0142a si\u0119 wi\u0119c w bajkow\u0105 krain\u0119 fantazji. I tak zawitali\u015bmy do bajkowej krainy smerf\u00f3w \u015bwi\u0119tuj\u0105c 25 czerwca ich urodziny. By\u0142o g\u0142o\u015bne czytanie ksi\u0105\u017cek o smerfnych przygodach oraz powsta\u0142a kolorowa smerfna wioska.<\/p>\n<p>Z kolei 2 lipca obchodzili\u015bmy \u201eDzie\u0144 UFO\u201d, podczas kt\u00f3rego poznali\u015bmy \u201eKosmiczne przygody Kaczora Donalda\u201d i mogli\u015bmy polecie\u0107 w kosmos \u201elataj\u0105cymi talerzami\u201d wykonanymi przez dzieci. Z okazji \u201eDnia Czerwonego Kapturka\u201d, kt\u00f3ry przypada 19 lipca dzieciaki wykleja\u0142y scenki z bajki oraz dowiedzia\u0142y si\u0119 kilku cennych informacji na temat niebezpiecze\u0144stwa jakie czyha na nie ze strony nieznajomych im os\u00f3b i jak nale\u017cy si\u0119 zachowa\u0107 w takiej sytuacji.<\/p>\n<p><a href=\"https:\/\/slaskipegaz.bs.katowice.pl\/wp-content\/uploads\/2019\/09\/IMG_20190731_165237.jpg\"><img loading=\"lazy\" decoding=\"async\" class=\"aligncenter size-medium wp-image-17603\" src=\"https:\/\/slaskipegaz.bs.katowice.pl\/wp-content\/uploads\/2019\/09\/IMG_20190731_165237-300x225.jpg\" alt=\"prace\" width=\"300\" height=\"225\" srcset=\"https:\/\/slaskipegaz.bs.katowice.pl\/wp-content\/uploads\/2019\/09\/IMG_20190731_165237-300x225.jpg 300w, https:\/\/slaskipegaz.bs.katowice.pl\/wp-content\/uploads\/2019\/09\/IMG_20190731_165237-768x576.jpg 768w, https:\/\/slaskipegaz.bs.katowice.pl\/wp-content\/uploads\/2019\/09\/IMG_20190731_165237-1024x768.jpg 1024w\" sizes=\"auto, (max-width: 300px) 100vw, 300px\" \/><\/a><\/p>\n<p>Na czas bibliowakacji biblioteka zmieni\u0142a si\u0119 r\u00f3wnie\u017c w zaczarowany \u015bwiat \u017cab, rybek, papug, s\u00f3w, ksi\u0119\u017cniczek, wr\u00f3\u017cek i wielu innych bajkowych postaci i stwork\u00f3w. Dzieci wzi\u0119\u0142y te\u017c udzia\u0142 w konkursach plastycznych: \u201eMoje hobby-moja pasja\u201d oraz \u201eMoje marzenia \u2013 czyli ja za 20 lat\u201d. Powsta\u0142o wiele ciekawych tematycznych, kolorowych i interesuj\u0105cych prac plastycznych, bo wyobra\u017ania dzieci\u0119ca nie zna granic. W czasie zaj\u0119\u0107 dzieci bawi\u0142y si\u0119 tak\u017ce zgromadzonymi w \u201ek\u0105ciku malucha\u201d zabawkami, rozwi\u0105zywa\u0142y zagadki i rymowanki Nie zabrak\u0142o r\u00f3wnie\u017c r\u00f3\u017cnego rodzaju konkurs\u00f3w czy gier logicznych, przy kt\u00f3rych dzieci \u0107wiczy\u0142y sprawno\u015b\u0107 umys\u0142ow\u0105 oraz zabaw ruchowych, przy kt\u00f3rych mog\u0142y roz\u0142adowa\u0107 pok\u0142ady energii, a przy tym \u015bwietnie bawi\u0107 si\u0119 w grupie. Nie zabrak\u0142o zaj\u0119\u0107 z ksi\u0105\u017ck\u0105: g\u0142o\u015bne czytanie utwor\u00f3w pisarzy polskich i opowiada\u0144 o bohaterach, wakacyjnych igraszkach i przygodach.<\/p>\n<p>Podczas tych wakacyjnych spotka\u0144 rozmawiali\u015bmy r\u00f3wnie\u017c o przyja\u017ani, bezpiecze\u0144stwie, zdrowiu, o aktywnych formach sp\u0119dzania wolnego czasu, o wsp\u00f3\u0142pracy, wsp\u00f3\u0142dzia\u0142aniu oraz o tym, \u017ce weso\u0142e wakacje w bibliotece stwarzaj\u0105 dzieciom okazj\u0119 do odkrywania nowych warto\u015bci, pobudzaj\u0105 do rozwoju, rozszerzaj\u0105 zainteresowania oraz pozwalaj\u0105 nawi\u0105za\u0107 nowe kontakty i zdobywa\u0107 nowe do\u015bwiadczenia a wizyta w bibliotece mo\u017ce by\u0107 wspania\u0142\u0105 przygod\u0105. Na ostatnie zaj\u0119cia wszyscy uczestnicy przyszli w stylizacjach nawi\u0105zuj\u0105cych do ich hobby-pasji. Byli zatem: d\u017cokejka, gimnastyczka, p\u0142ywaczka, piosenkarka, karateczka, baletnica, rolkarki, mi\u0142o\u015bniczka futbolu ameryka\u0144skiego, \u017co\u0142nierz, karatecy, weterynarz. Dzieciaki z wielk\u0105 ch\u0119ci\u0105 orazi zaanga\u017cowaniem zar\u00f3wno prezentowali swoje stroje jak i opowiadali o swoich pasjach i zainteresowaniach.<\/p>\n<p>Na zako\u0144czenie wakacyjnych spotka\u0144 wszyscy uczestnicy otrzymali dyplom oraz nagrody ksi\u0105\u017ckowe i kredki ufundowane przez Burmistrza Miasta i Gminy Siewierz Pana Zdzis\u0142awa Banasia.<\/p>\n<p>Nades\u0142a\u0142a: Marzena Wac\u0142awek, filia biblioteczna Wojkowice Ko\u015bcielne<\/p>\n<p>&nbsp;<\/p>\n","protected":false},"excerpt":{"rendered":"<p>\u201eChce mi si\u0119 chcie\u0107\u201d\u2026 A Nam si\u0119 chcia\u0142o!!! \u2013 czyli o bibliowakacjach w Wojkowicach Ko\u015bcielnych\u201d Sko\u0144czy\u0142 si\u0119 czas wakacyjnych przyg\u00f3d z ksi\u0105\u017ck\u0105 i wsp\u00f3lnych spotka\u0144 w filii bibliotecznej w Wojkowicach Ko\u015bcielnych. Wzorem lat ubieg\u0142ych plac\u00f3wka zorganizowa\u0142a spotkania dla dzieci w wieku przedszkolnym i szkolnym w ramach og\u00f3lnopolskiej akcji \u201eZachowaj Trze\u017awy Umys\u0142\u201d.<\/p>\n","protected":false},"author":3,"featured_media":0,"comment_status":"closed","ping_status":"closed","sticky":false,"template":"","format":"standard","meta":{"_acf_changed":false,"_exactmetrics_skip_tracking":false,"_exactmetrics_sitenote_active":false,"_exactmetrics_sitenote_note":"","_exactmetrics_sitenote_category":0,"footnotes":""},"categories":[1870],"tags":[68,67,304],"class_list":["post-17601","post","type-post","status-publish","format-standard","hentry","category-nr-60-wrzesien-2019","tag-filia-biblioteczna-w-wojkowicach-koscielnych","tag-miejsko-gminna-biblioteka-publiczna-w-siewierzu","tag-wakacje-w-bibliotece"],"acf":[],"jetpack_featured_media_url":"","_links":{"self":[{"href":"https:\/\/slaskipegaz.bs.katowice.pl\/index.php?rest_route=\/wp\/v2\/posts\/17601","targetHints":{"allow":["GET"]}}],"collection":[{"href":"https:\/\/slaskipegaz.bs.katowice.pl\/index.php?rest_route=\/wp\/v2\/posts"}],"about":[{"href":"https:\/\/slaskipegaz.bs.katowice.pl\/index.php?rest_route=\/wp\/v2\/types\/post"}],"author":[{"embeddable":true,"href":"https:\/\/slaskipegaz.bs.katowice.pl\/index.php?rest_route=\/wp\/v2\/users\/3"}],"replies":[{"embeddable":true,"href":"https:\/\/slaskipegaz.bs.katowice.pl\/index.php?rest_route=%2Fwp%2Fv2%2Fcomments&post=17601"}],"version-history":[{"count":1,"href":"https:\/\/slaskipegaz.bs.katowice.pl\/index.php?rest_route=\/wp\/v2\/posts\/17601\/revisions"}],"predecessor-version":[{"id":17604,"href":"https:\/\/slaskipegaz.bs.katowice.pl\/index.php?rest_route=\/wp\/v2\/posts\/17601\/revisions\/17604"}],"wp:attachment":[{"href":"https:\/\/slaskipegaz.bs.katowice.pl\/index.php?rest_route=%2Fwp%2Fv2%2Fmedia&parent=17601"}],"wp:term":[{"taxonomy":"category","embeddable":true,"href":"https:\/\/slaskipegaz.bs.katowice.pl\/index.php?rest_route=%2Fwp%2Fv2%2Fcategories&post=17601"},{"taxonomy":"post_tag","embeddable":true,"href":"https:\/\/slaskipegaz.bs.katowice.pl\/index.php?rest_route=%2Fwp%2Fv2%2Ftags&post=17601"}],"curies":[{"name":"wp","href":"https:\/\/api.w.org\/{rel}","templated":true}]}}