{"id":17613,"date":"2019-09-19T11:05:01","date_gmt":"2019-09-19T09:05:01","guid":{"rendered":"http:\/\/slaskipegaz.bs.katowice.pl\/?p=17613"},"modified":"2019-09-19T11:05:01","modified_gmt":"2019-09-19T09:05:01","slug":"relacja-miejska-biblioteka-publiczna-w-gliwicach-17","status":"publish","type":"post","link":"https:\/\/slaskipegaz.bs.katowice.pl\/?p=17613","title":{"rendered":"[Relacja] MIEJSKA BIBLIOTEKA PUBLICZNA W GLIWICACH"},"content":{"rendered":"<h6 style=\"text-align: center;\">Coraz ciekawsi \u015bwiata<\/h6>\n<p><a href=\"https:\/\/slaskipegaz.bs.katowice.pl\/wp-content\/uploads\/2019\/09\/20190528_095639.jpg\"><img loading=\"lazy\" decoding=\"async\" class=\"size-medium wp-image-17614 alignleft\" src=\"https:\/\/slaskipegaz.bs.katowice.pl\/wp-content\/uploads\/2019\/09\/20190528_095639-300x180.jpg\" alt=\"planetarium\" width=\"300\" height=\"180\" srcset=\"https:\/\/slaskipegaz.bs.katowice.pl\/wp-content\/uploads\/2019\/09\/20190528_095639-300x180.jpg 300w, https:\/\/slaskipegaz.bs.katowice.pl\/wp-content\/uploads\/2019\/09\/20190528_095639-768x461.jpg 768w, https:\/\/slaskipegaz.bs.katowice.pl\/wp-content\/uploads\/2019\/09\/20190528_095639-1024x614.jpg 1024w\" sizes=\"auto, (max-width: 300px) 100vw, 300px\" \/><\/a>Wraz z ko\u0144cem roku szkolnego Miejska Biblioteka Publiczna w Gliwicach podsumowa\u0142a pierwsz\u0105 cz\u0119\u015b\u0107 jednego ze swoich flagowych projekt\u00f3w \u201eCiekawo\u015b\u0107 \u015bwiata\u201d. W jego ramach organizowane s\u0105 spotkania autorskie, pokazy, warsztaty i konkursy dla gliwickich uczni\u00f3w. Wszystkie te atrakcje wi\u0105\u017c\u0105 si\u0119 z zagadnieniami popularnonaukowymi. Patronami przedsi\u0119wzi\u0119cia i przewodnikami po \u015bwiecie wiedzy s\u0105: Leonardo da Vinci, Galileusz oraz Albert Einstein. Za po\u015brednictwem swoich wys\u0142annik\u00f3w \u2013 autor\u00f3w ksi\u0105\u017cek i ludzi nauki \u2013 przekazuj\u0105 oni gliwickim uczniom ogromn\u0105 dawk\u0119 ciekawych informacji w przyst\u0119pnej formie.<!--more--><\/p>\n<p>Jednym z pierwszych go\u015bci by\u0142 Pawe\u0142 Wo\u017aniak z Oddzia\u0142u G\u00f3rno\u015bl\u0105skiego Pa\u0144stwowego Instytutu Geologicznego, kt\u00f3ry 21 maja 2019r., podczas spotkania w Filii nr 1 Miejskiej Biblioteki Publicznej w\u00a0Gliwicach przedstawi\u0142 ciekawostki dotycz\u0105ce ery dinozaur\u00f3w, tak\u017ce tych zamieszkuj\u0105cych tereny wsp\u00f3\u0142czesnej Polski. Kolejn\u0105 atrakcj\u0105 by\u0142y pokazy mobilnego planetarium Orbitek w Arenie Gliwice, z\u00a0udzia\u0142em niemal 200 uczni\u00f3w. Byli oni \u015bwiadkami gwiezdnych seans\u00f3w, po kt\u00f3rych niejednemu z\u00a0widz\u00f3w ci\u0119\u017cko by\u0142o wr\u00f3ci\u0107 na ziemi\u0119. Pierwsz\u0105 cz\u0119\u015b\u0107 projektu \u201eCiekawo\u015b\u0107 \u015bwiata\u201d zako\u0144czy\u0142 trzydniowy maraton pokaz\u00f3w naukowych Centrum Nauki Kopernik w Forum Gliwice i\u00a0Centrum Sportowo Kulturalnym &#8222;\u0141ab\u0119d\u017a&#8221;. M\u0142odzie\u017c uczy\u0142a si\u0119 uodparnia\u0107 na figle jakie p\u0142ata umys\u0142, sprawdza\u0142a czym jest i sk\u0105d bierze si\u0119 d\u017awi\u0119k oraz tworzy\u0142a spontaniczn\u0105 bum-bum-rurkow\u0105 orkiestr\u0119.<\/p>\n<p>Wakacje przeznaczono na wykorzystanie zdobytej dotychczas wiedzy w praktyce, a tak\u017ce na przygotowanie kolejnych popularnonaukowych atrakcji. Ju\u017c we wrze\u015bniu Leo, Gali i Al (Leonardo Da Vinci, Galileusz i Albert Einstein) zaprosz\u0105 m\u0142odzie\u017c do wzi\u0119cia udzia\u0142u w\u00a0konkursie fotograficznym. B\u0119dzie on polega\u0142 na zainscenizowaniu i uwiecznieniu na zdj\u0119ciu pracowni jednego z naszych naukowych przewodnik\u00f3w. Uczestnicy mog\u0105 skorzysta\u0107 ze wsparcia w postaci warsztat\u00f3w fotograficznych, aby jak najlepiej wykona\u0107 to nie\u0142atwe zadanie. Na zwyci\u0119zc\u00f3w konkursu czekaj\u0105 atrakcyjne nagrody!<\/p>\n<p><a href=\"https:\/\/slaskipegaz.bs.katowice.pl\/wp-content\/uploads\/2019\/09\/20190604_110517.jpg\"><img loading=\"lazy\" decoding=\"async\" class=\"aligncenter size-medium wp-image-17615\" src=\"https:\/\/slaskipegaz.bs.katowice.pl\/wp-content\/uploads\/2019\/09\/20190604_110517-300x169.jpg\" alt=\"sala\" width=\"300\" height=\"169\" srcset=\"https:\/\/slaskipegaz.bs.katowice.pl\/wp-content\/uploads\/2019\/09\/20190604_110517-300x169.jpg 300w, https:\/\/slaskipegaz.bs.katowice.pl\/wp-content\/uploads\/2019\/09\/20190604_110517-768x432.jpg 768w, https:\/\/slaskipegaz.bs.katowice.pl\/wp-content\/uploads\/2019\/09\/20190604_110517-1024x576.jpg 1024w\" sizes=\"auto, (max-width: 300px) 100vw, 300px\" \/><\/a><\/p>\n<p>Oczywi\u015bcie tym, co najlepiej pomaga w przyswajaniu nowych informacji s\u0105 oczywi\u015bcie bezpo\u015brednie spotkania z naukowcami, pasjonatami i lud\u017ami \u015bwiata wiedzy. Ju\u017c 24 wrze\u015bnia 2019 r. z gwiezdn\u0105 pogadank\u0105 do Miejskiej Biblioteki Publicznej w Gliwicach zajrzy Karol W\u00f3jcicki, kt\u00f3ry na co dzie\u0144 \u00a0t\u0142umaczy swoim internetowym widzom zjawiska daj\u0105ce si\u0119 zaobserwowa\u0107 na niebie. Wyposa\u017ceni w\u00a0spor\u0105 dawk\u0119 informacji naukowi adepci zastanowi\u0105 si\u0119 nast\u0119pnie, jak ten zas\u00f3b usystematyzowa\u0107 i\u00a0jak z niego najlepiej korzysta\u0107. Nie zostan\u0105 z tym sami! Pomog\u0105 im kolejni go\u015bcie \u2013 Micha\u0142 Zawadka i Krzysztof Piersa.<\/p>\n<p>Pierwszy z nich to autor ksi\u0105\u017cek motywacyjnych dla dzieci i m\u0142odzie\u017cy, publikowanych za po\u015brednictwem w\u0142asnego wydawnictwa Mind&amp;Dream. Podczas wizyty w Gliwicach, 15 pa\u017adziernika 2019 r. Micha\u0142 Zawadka zaprezentuje wyst\u0105pienie pt. \u201eChc\u0119 by\u0107 kim\u015b! Czyli jak osi\u0105ga\u0107 cele w\u00a0czasach, gdy wszyscy maj\u0105 wywalone&#8221;.<\/p>\n<p><a href=\"https:\/\/slaskipegaz.bs.katowice.pl\/wp-content\/uploads\/2019\/09\/20190605_141742.jpg\"><img loading=\"lazy\" decoding=\"async\" class=\"aligncenter size-medium wp-image-17616\" src=\"https:\/\/slaskipegaz.bs.katowice.pl\/wp-content\/uploads\/2019\/09\/20190605_141742-300x169.jpg\" alt=\"spotkanie\" width=\"300\" height=\"169\" srcset=\"https:\/\/slaskipegaz.bs.katowice.pl\/wp-content\/uploads\/2019\/09\/20190605_141742-300x169.jpg 300w, https:\/\/slaskipegaz.bs.katowice.pl\/wp-content\/uploads\/2019\/09\/20190605_141742-768x432.jpg 768w, https:\/\/slaskipegaz.bs.katowice.pl\/wp-content\/uploads\/2019\/09\/20190605_141742-1024x576.jpg 1024w\" sizes=\"auto, (max-width: 300px) 100vw, 300px\" \/><\/a><\/p>\n<p>Drugi z go\u015bci to ekspert od \u015bwiata wirtualnego i zwi\u0105zanych z nim korzy\u015bci i zagro\u017ce\u0144. Autor ksi\u0105\u017cek \u201eKomputerowy \u0107pun\u201d i \u201eTrener marze\u0144\u201d na spotkaniu 18\u00a0listopada\u00a02019 r. opowie o tym, jak m\u0105drze korzysta\u0107 z dobrodziejstw nowoczesnych technologii, nie wpadaj\u0105c przy tym w uzale\u017cnienie. Z\u00a0pewno\u015bci\u0105 ogromn\u0105 niespodziank\u0105 dla gliwickich uczni\u00f3w b\u0119dzie tak\u017ce spotkanie rozpalaj\u0105ce ju\u017c teraz sporo emocji.<\/p>\n<p>5 listopada 2019 r. Gliwice odwiedzi, jak dot\u0105d jedyny Polak, kt\u00f3ry odby\u0142 lot w kosmos \u2013 Miros\u0142aw Hermaszewski. Mo\u017cna zatem liczy\u0107 na arcyciekaw\u0105 opowie\u015b\u0107 pozwalaj\u0105c\u0105 na chwil\u0119 poczu\u0107 stan niewa\u017cko\u015bci. Wyst\u0105pienie legendy polskiej astronautyki poprzedzone b\u0119dzie prezentacj\u0105 i warsztatami zwi\u0105zanymi z projektowanymi przez student\u00f3w Politechniki \u015al\u0105skiej \u0142azikami marsja\u0144skimi. Wygl\u0105da na to, \u017ce tego dnia, Gliwice b\u0119d\u0105 stanowi\u0107 wa\u017cniejszy o\u015brodek kosmiczny ni\u017c NASA!<\/p>\n<p>Co poza tym? Ot\u00f3\u017c w planach jest jeszcze sporo warsztat\u00f3w o zr\u00f3\u017cnicowanej formie i tematyce. Uczniowie gliwickich szk\u00f3\u0142 b\u0119d\u0105 mieli okazj\u0119 pozna\u0107 podstawy projektowania i konstruowania przy u\u017cyciu klock\u00f3w lego dzi\u0119ki zaj\u0119ciom przygotowanym przez Fabryk\u0119 Naukowc\u00f3w. Spr\u00f3buj\u0105 tak\u017ce nauczy\u0107 si\u0119 tworzenia szkic\u00f3w w stylu Leonarda da Vinci za pomoc\u0105 nowoczesnych tablet\u00f3w graficznych 3D.<\/p>\n<p><a href=\"https:\/\/slaskipegaz.bs.katowice.pl\/wp-content\/uploads\/2019\/09\/20190606_141327.jpg\"><img loading=\"lazy\" decoding=\"async\" class=\"aligncenter size-medium wp-image-17617\" src=\"https:\/\/slaskipegaz.bs.katowice.pl\/wp-content\/uploads\/2019\/09\/20190606_141327-300x169.jpg\" alt=\"wyk\u0142ad\" width=\"300\" height=\"169\" srcset=\"https:\/\/slaskipegaz.bs.katowice.pl\/wp-content\/uploads\/2019\/09\/20190606_141327-300x169.jpg 300w, https:\/\/slaskipegaz.bs.katowice.pl\/wp-content\/uploads\/2019\/09\/20190606_141327-768x432.jpg 768w, https:\/\/slaskipegaz.bs.katowice.pl\/wp-content\/uploads\/2019\/09\/20190606_141327-1024x576.jpg 1024w\" sizes=\"auto, (max-width: 300px) 100vw, 300px\" \/><\/a>Kolejne niespodzianki s\u0105 ju\u017c w trakcie przygotowania. Dotychczasowe do\u015bwiadczenie bibliotekarzy realizuj\u0105cych projekt wskazuje na to, \u017ce tematy popularnonaukowe budz\u0105 u m\u0142odzie\u017cy ogromne zainteresowanie, a \u0142atwo\u015b\u0107 przyswajania informacji cechuj\u0105ca uczestnik\u00f3w organizowanych wydarze\u0144 jest do prawdy niewiarygodna. Tym bardziej cieszy fakt, \u017ce wiedza prezentowana jest przez tak wa\u017cne i interesuj\u0105ce postaci jak go\u015bcie, kt\u00f3rzy zdecydowali si\u0119 odpowiedzie\u0107 na zaproszenie do udzia\u0142u w\u00a0projekcie. To dzi\u0119ki nim udaje si\u0119 zaspokaja\u0107 ciekawo\u015b\u0107 \u015bwiata!<\/p>\n<p>Dzia\u0142anie dofinansowano ze \u015brodk\u00f3w Ministra Kultury i Dziedzictwa Narodowego pochodz\u0105cych z\u00a0Funduszu Promocji Kultury.<\/p>\n<p>Nades\u0142a\u0142a: Miejska i Powiatowa Biblioteka Publiczna w Gliwicach<\/p>\n","protected":false},"excerpt":{"rendered":"<p>Coraz ciekawsi \u015bwiata Wraz z ko\u0144cem roku szkolnego Miejska Biblioteka Publiczna w Gliwicach podsumowa\u0142a pierwsz\u0105 cz\u0119\u015b\u0107 jednego ze swoich flagowych projekt\u00f3w \u201eCiekawo\u015b\u0107 \u015bwiata\u201d. W jego ramach organizowane s\u0105 spotkania autorskie, pokazy, warsztaty i konkursy dla gliwickich uczni\u00f3w. Wszystkie te atrakcje wi\u0105\u017c\u0105 si\u0119 z zagadnieniami popularnonaukowymi. Patronami przedsi\u0119wzi\u0119cia i przewodnikami po \u015bwiecie wiedzy s\u0105: Leonardo da &hellip; <a href=\"https:\/\/slaskipegaz.bs.katowice.pl\/?p=17613\" class=\"more-link\">Czytaj dalej <span class=\"screen-reader-text\">[Relacja] MIEJSKA BIBLIOTEKA PUBLICZNA W GLIWICACH<\/span> <span class=\"meta-nav\">&rarr;<\/span><\/a><\/p>\n","protected":false},"author":3,"featured_media":0,"comment_status":"closed","ping_status":"closed","sticky":false,"template":"","format":"standard","meta":{"_acf_changed":false,"_exactmetrics_skip_tracking":false,"_exactmetrics_sitenote_active":false,"_exactmetrics_sitenote_note":"","_exactmetrics_sitenote_category":0,"footnotes":""},"categories":[1870],"tags":[1874,1093,1359,662,33,1875],"class_list":["post-17613","post","type-post","status-publish","format-standard","hentry","category-nr-60-wrzesien-2019","tag-ciekawosc-swiata","tag-karol-wojcicki","tag-krzysztof-piersa","tag-michal-zawadka","tag-miejska-biblitoeka-publiczna-w-gliwicach","tag-miroslaw-hermaszewski"],"acf":[],"jetpack_featured_media_url":"","_links":{"self":[{"href":"https:\/\/slaskipegaz.bs.katowice.pl\/index.php?rest_route=\/wp\/v2\/posts\/17613","targetHints":{"allow":["GET"]}}],"collection":[{"href":"https:\/\/slaskipegaz.bs.katowice.pl\/index.php?rest_route=\/wp\/v2\/posts"}],"about":[{"href":"https:\/\/slaskipegaz.bs.katowice.pl\/index.php?rest_route=\/wp\/v2\/types\/post"}],"author":[{"embeddable":true,"href":"https:\/\/slaskipegaz.bs.katowice.pl\/index.php?rest_route=\/wp\/v2\/users\/3"}],"replies":[{"embeddable":true,"href":"https:\/\/slaskipegaz.bs.katowice.pl\/index.php?rest_route=%2Fwp%2Fv2%2Fcomments&post=17613"}],"version-history":[{"count":1,"href":"https:\/\/slaskipegaz.bs.katowice.pl\/index.php?rest_route=\/wp\/v2\/posts\/17613\/revisions"}],"predecessor-version":[{"id":17618,"href":"https:\/\/slaskipegaz.bs.katowice.pl\/index.php?rest_route=\/wp\/v2\/posts\/17613\/revisions\/17618"}],"wp:attachment":[{"href":"https:\/\/slaskipegaz.bs.katowice.pl\/index.php?rest_route=%2Fwp%2Fv2%2Fmedia&parent=17613"}],"wp:term":[{"taxonomy":"category","embeddable":true,"href":"https:\/\/slaskipegaz.bs.katowice.pl\/index.php?rest_route=%2Fwp%2Fv2%2Fcategories&post=17613"},{"taxonomy":"post_tag","embeddable":true,"href":"https:\/\/slaskipegaz.bs.katowice.pl\/index.php?rest_route=%2Fwp%2Fv2%2Ftags&post=17613"}],"curies":[{"name":"wp","href":"https:\/\/api.w.org\/{rel}","templated":true}]}}