{"id":17639,"date":"2019-09-19T12:51:34","date_gmt":"2019-09-19T10:51:34","guid":{"rendered":"http:\/\/slaskipegaz.bs.katowice.pl\/?p=17639"},"modified":"2019-09-19T12:51:34","modified_gmt":"2019-09-19T10:51:34","slug":"relacja-biblioteka-publiczna-miasta-i-gminy-lazy-27","status":"publish","type":"post","link":"https:\/\/slaskipegaz.bs.katowice.pl\/?p=17639","title":{"rendered":"[Relacja] BIBLIOTEKA PUBLICZNA MIASTA I GMINY \u0141AZY"},"content":{"rendered":"<h6 style=\"text-align: center;\">WAKACJE<\/h6>\n<p><a href=\"https:\/\/slaskipegaz.bs.katowice.pl\/wp-content\/uploads\/2019\/09\/wakacje_001.jpg\"><img loading=\"lazy\" decoding=\"async\" class=\"size-medium wp-image-17640 alignleft\" src=\"https:\/\/slaskipegaz.bs.katowice.pl\/wp-content\/uploads\/2019\/09\/wakacje_001-300x225.jpg\" alt=\"biblioteka\" width=\"300\" height=\"225\" srcset=\"https:\/\/slaskipegaz.bs.katowice.pl\/wp-content\/uploads\/2019\/09\/wakacje_001-300x225.jpg 300w, https:\/\/slaskipegaz.bs.katowice.pl\/wp-content\/uploads\/2019\/09\/wakacje_001-768x576.jpg 768w, https:\/\/slaskipegaz.bs.katowice.pl\/wp-content\/uploads\/2019\/09\/wakacje_001.jpg 800w\" sizes=\"auto, (max-width: 300px) 100vw, 300px\" \/><\/a>Zaczarowa\u0107 Parow\u00f3z Ty45? Namalowa\u0107 rysunek, kt\u00f3rym mo\u017cna by otoczy\u0107 Plac przy fontannie? Zagra\u0107 w \u201eKolory\u201d nad Zalewem Mitr\u0119ga? Wsi\u0105\u015b\u0107 do poci\u0105gu i ruszy\u0107 w podr\u00f3\u017c\u2026 po Europie? Brzmi bajkowo? Jednak to \u017cadna bajka! Lato, a w\u0142a\u015bciwie \u201eWakacje w Bibliotece\u201d by\u0142y czasem magicznym, wype\u0142nionym zaskakuj\u0105cymi wydarzeniami. W tym roku bibliotekarze Biblioteki Publicznej Miasta i Gminy w \u0141azach opracowali z wychowawcami \u015awietlicy \u015arodowiskowej \u201eStokrotka\u201d w \u0141azach plan popo\u0142udniowych dzia\u0142a\u0144 zach\u0119caj\u0105cych dzieci i m\u0142odzie\u017c z gminy \u0141azy do aktywnego, tw\u00f3rczego i bezpiecznego sp\u0119dzania czasu wolnego od nauki. <!--more--><\/p>\n<p>Jak co roku seri\u0119 wakacyjnych spotka\u0144 otworzy\u0142y zaj\u0119cia \u201eBezpieczne wakacje\u201d, podczas kt\u00f3rego uczestnicy mieli za zadanie zapami\u0119ta\u0107 jak najwi\u0119cej cennych informacji, by wakacje by\u0142y czasem przyjemnego wypoczynku bez przykrych zdarze\u0144. Pomaga\u0142 im w tym druh Tomasz M\u0119cik-Kronenberg. Edukacyjne spotkanie nad Zalewem Mitr\u0119ga zako\u0144czy\u0142y gry i zabawy ruchowe, kt\u00f3re wprowadzi\u0142y wszystkich w klimat letniej beztroski kontynuowanej na kolejnych spotkaniach.<\/p>\n<p><a href=\"https:\/\/slaskipegaz.bs.katowice.pl\/wp-content\/uploads\/2019\/09\/wakacje_002.jpg\"><img loading=\"lazy\" decoding=\"async\" class=\"aligncenter size-medium wp-image-17641\" src=\"https:\/\/slaskipegaz.bs.katowice.pl\/wp-content\/uploads\/2019\/09\/wakacje_002-300x225.jpg\" alt=\"spotkanie\" width=\"300\" height=\"225\" srcset=\"https:\/\/slaskipegaz.bs.katowice.pl\/wp-content\/uploads\/2019\/09\/wakacje_002-300x225.jpg 300w, https:\/\/slaskipegaz.bs.katowice.pl\/wp-content\/uploads\/2019\/09\/wakacje_002-768x576.jpg 768w, https:\/\/slaskipegaz.bs.katowice.pl\/wp-content\/uploads\/2019\/09\/wakacje_002.jpg 800w\" sizes=\"auto, (max-width: 300px) 100vw, 300px\" \/><\/a><\/p>\n<p>Beztroska nie oznacza\u0142a jednak tylko stanu totalnego bujania w ob\u0142okach podczas letnich kinowych seans\u00f3w mi\u0119dzy rega\u0142ami. Na dzieci i m\u0142odzie\u017c czeka\u0142o wiele absorbuj\u0105cych uwag\u0119 zaj\u0119\u0107. Lipiec rozpocz\u0105\u0142 si\u0119 dru\u017cynowym konkursem \u201ePokocha\u0107 Europ\u0119\u201d, podczas kt\u00f3rego po prostu nie da\u0142o si\u0119 nie wyt\u0119\u017ca\u0107 szarych kom\u00f3rek oraz \u201eAkcj\u0105 komiks\u201d \u2013 zaj\u0119ciami tw\u00f3rczymi, b\u0119d\u0105cymi polem wsp\u00f3lnego dzia\u0142ania prowadz\u0105cego do utworzenia komiksowej wizji ksi\u0105\u017cki i biblioteki rodem z kosmosu.<\/p>\n<p>Jednym z wydarze\u0144, kt\u00f3re przysporzy\u0142y wiele frajdy nie tylko uczestnikom, ale i organizatorom, by\u0142 dru\u017cynowy konkurs na najd\u0142u\u017cszy\u00a0 rysunek wakacyjny malowany d\u0142o\u0144mi \u201eKreatywne d\u0142onie\u201d. Nikogo nie powstrzyma\u0142 wiatr, kt\u00f3rego nie powstydzi\u0142oby si\u0119 nadmorskie wybrze\u017ce w pochmurny dzie\u0144, wszyscy dzia\u0142ali z pe\u0142n\u0105 pasj\u0105, wzbogacaj\u0105c swoje dru\u017cyny o kolejne metry kolorowego rysunku, farbuj\u0105c d\u0142onie, papier, ubrania\u2026 a nawet stopy. Czasami uczestnicy potrzebowali chwili wytchnienia i rozlu\u017anienia, za\u015bmiewania si\u0119 podczas kalambur\u00f3w, by chwil\u0119 p\u00f3\u017aniej wyt\u0119\u017ca\u0107 umys\u0142 nad krzy\u017c\u00f3wkami online.<\/p>\n<p><a href=\"https:\/\/slaskipegaz.bs.katowice.pl\/wp-content\/uploads\/2019\/09\/wakacje_003.jpg\"><img loading=\"lazy\" decoding=\"async\" class=\"aligncenter size-medium wp-image-17642\" src=\"https:\/\/slaskipegaz.bs.katowice.pl\/wp-content\/uploads\/2019\/09\/wakacje_003-300x225.jpg\" alt=\"biblioteka\" width=\"300\" height=\"225\" srcset=\"https:\/\/slaskipegaz.bs.katowice.pl\/wp-content\/uploads\/2019\/09\/wakacje_003-300x225.jpg 300w, https:\/\/slaskipegaz.bs.katowice.pl\/wp-content\/uploads\/2019\/09\/wakacje_003-768x576.jpg 768w, https:\/\/slaskipegaz.bs.katowice.pl\/wp-content\/uploads\/2019\/09\/wakacje_003.jpg 800w\" sizes=\"auto, (max-width: 300px) 100vw, 300px\" \/><\/a><\/p>\n<p>Kreatywna tw\u00f3rczo\u015b\u0107 znalaz\u0142a tak\u017ce odzwierciedlenie na \u201eT\u0119czowej tkaninie\u201d, na kt\u00f3rej kilkana\u015bcie par r\u0105k utworzy\u0142o wyj\u0105tkowe printy na ogromnym p\u0142\u00f3tnie, na kt\u00f3rym swojej podobizny doczeka\u0142 si\u0119 nawet Freddie Mercury. Dzieci i m\u0142odzie\u017c przenios\u0142y si\u0119 te\u017c na jedno popo\u0142udnie do Szko\u0142y Magii i Czarodziejstwa w Hogwarcie. By\u0142 to dzie\u0144, w kt\u00f3rym centrum \u0141az znalaz\u0142o si\u0119 pod urokiem tajemnego zakl\u0119cia i tak: Park zamieni\u0142 si\u0119 w Zakazany Las, Biblioteka w Hogwart, plac przy fontannie w peron 9 i \u00be, a ulica Ko\u015bciuszki oczywi\u015bcie w Pok\u0105tn\u0105.<\/p>\n<p>Na domiar z\u0142ego lub w zale\u017cno\u015bci od humoru ca\u0142kiem dobrego, na ka\u017cdego \u015bmia\u0142ka, kt\u00f3ry da\u0142 si\u0119 zaprosi\u0107 do \u015bwiata Harrego, czeka\u0142a ca\u0142a magiczna sie\u0107 misji, zagadek i zakl\u0119\u0107, kt\u00f3re wymaga\u0142y skanowania, przeszukiwania sieci i umys\u0142\u00f3w oraz r\u00f3\u017cnych zak\u0105tk\u00f3w i krain. By\u0142 to dzie\u0144 czarnej magii i nowych technologii, a tak\u017ce biegania do utraty tchu w poszukiwaniu kolejnych wyzwa\u0144. A je\u015bli o wyzwaniach mowa, nie mo\u017cna nie wspomnie\u0107 o turnieju wiedzy o Polsce \u201eCudze chwalicie swego nie znacie\u201d, w trakcie kt\u00f3rego mo\u017cna by\u0142o poszerzy\u0107 horyzonty i dowiedzie\u0107 si\u0119 ciekawych wiadomo\u015bci o Polsce i jej mieszka\u0144cach, a nawet zosta\u0107 obdarowanym wybuchaj\u0105cym prezentem.<\/p>\n<p>Jak co roku nie mog\u0142o te\u017c zabrakn\u0105\u0107 spotkania z magi\u0105 japo\u0144skiej sztuki opowiadania &#8211; Kamishibai. Podczas zaj\u0119\u0107 \u201eLato z magicznej skrzynki\u201d powsta\u0142y kolejne bajki, z kt\u00f3rymi bibliotekarze niebawem zagoszcz\u0105 w przedszkolach. Prawdziw\u0105 gratk\u0105 dla dzieci i m\u0142odzie\u017cy by\u0142y zaj\u0119cia warsztatowe \u201eBajkowe fotografie\u201d ze S\u0142awomirem Smoleniem. M\u0142odzi fotografowie mogli w ich trakcie podszkoli\u0107 technik\u0119 pod okiem specjalisty i przy okazji zapozowa\u0107 do najpi\u0119kniejszych wakacyjnych uj\u0119\u0107. Uczestnicy \u201eWakacji w Bibliotece\u201d wzi\u0119li r\u00f3wnie\u017c udzia\u0142 w spotkaniu tw\u00f3rczo-edukacyjnym \u201eLetnie harce\u201d.<br \/>\nDzi\u0119kujemy wszystkim uczestnikom za wsp\u00f3lnie sp\u0119dzony czas pe\u0142en zabawy, edukacji, rozm\u00f3w, \u015bmiechu, tworzenia i rozwijania umiej\u0119tno\u015bci.<\/p>\n<p>Zaj\u0119cia dofinansowano ze \u015brodk\u00f3w Gminnej Komisji Rozwi\u0105zywania Problem\u00f3w Alkoholowych.<\/p>\n<p>Nades\u0142a\u0142a: Bogus\u0142awa Serzysko, Biblioteka Publiczna Miasta i Gminy w \u0141azach<\/p>\n","protected":false},"excerpt":{"rendered":"<p>WAKACJE Zaczarowa\u0107 Parow\u00f3z Ty45? Namalowa\u0107 rysunek, kt\u00f3rym mo\u017cna by otoczy\u0107 Plac przy fontannie? Zagra\u0107 w \u201eKolory\u201d nad Zalewem Mitr\u0119ga? Wsi\u0105\u015b\u0107 do poci\u0105gu i ruszy\u0107 w podr\u00f3\u017c\u2026 po Europie? Brzmi bajkowo? Jednak to \u017cadna bajka! Lato, a w\u0142a\u015bciwie \u201eWakacje w Bibliotece\u201d by\u0142y czasem magicznym, wype\u0142nionym zaskakuj\u0105cymi wydarzeniami. W tym roku bibliotekarze Biblioteki Publicznej Miasta i Gminy &hellip; <a href=\"https:\/\/slaskipegaz.bs.katowice.pl\/?p=17639\" class=\"more-link\">Czytaj dalej <span class=\"screen-reader-text\">[Relacja] BIBLIOTEKA PUBLICZNA MIASTA I GMINY \u0141AZY<\/span> <span class=\"meta-nav\">&rarr;<\/span><\/a><\/p>\n","protected":false},"author":3,"featured_media":0,"comment_status":"closed","ping_status":"closed","sticky":false,"template":"","format":"standard","meta":{"_acf_changed":false,"_exactmetrics_skip_tracking":false,"_exactmetrics_sitenote_active":false,"_exactmetrics_sitenote_note":"","_exactmetrics_sitenote_category":0,"footnotes":""},"categories":[1870],"tags":[40,304],"class_list":["post-17639","post","type-post","status-publish","format-standard","hentry","category-nr-60-wrzesien-2019","tag-biblioteka-publiczna-miasta-i-gminy-w-lazach","tag-wakacje-w-bibliotece"],"acf":[],"jetpack_featured_media_url":"","_links":{"self":[{"href":"https:\/\/slaskipegaz.bs.katowice.pl\/index.php?rest_route=\/wp\/v2\/posts\/17639","targetHints":{"allow":["GET"]}}],"collection":[{"href":"https:\/\/slaskipegaz.bs.katowice.pl\/index.php?rest_route=\/wp\/v2\/posts"}],"about":[{"href":"https:\/\/slaskipegaz.bs.katowice.pl\/index.php?rest_route=\/wp\/v2\/types\/post"}],"author":[{"embeddable":true,"href":"https:\/\/slaskipegaz.bs.katowice.pl\/index.php?rest_route=\/wp\/v2\/users\/3"}],"replies":[{"embeddable":true,"href":"https:\/\/slaskipegaz.bs.katowice.pl\/index.php?rest_route=%2Fwp%2Fv2%2Fcomments&post=17639"}],"version-history":[{"count":1,"href":"https:\/\/slaskipegaz.bs.katowice.pl\/index.php?rest_route=\/wp\/v2\/posts\/17639\/revisions"}],"predecessor-version":[{"id":17643,"href":"https:\/\/slaskipegaz.bs.katowice.pl\/index.php?rest_route=\/wp\/v2\/posts\/17639\/revisions\/17643"}],"wp:attachment":[{"href":"https:\/\/slaskipegaz.bs.katowice.pl\/index.php?rest_route=%2Fwp%2Fv2%2Fmedia&parent=17639"}],"wp:term":[{"taxonomy":"category","embeddable":true,"href":"https:\/\/slaskipegaz.bs.katowice.pl\/index.php?rest_route=%2Fwp%2Fv2%2Fcategories&post=17639"},{"taxonomy":"post_tag","embeddable":true,"href":"https:\/\/slaskipegaz.bs.katowice.pl\/index.php?rest_route=%2Fwp%2Fv2%2Ftags&post=17639"}],"curies":[{"name":"wp","href":"https:\/\/api.w.org\/{rel}","templated":true}]}}