{"id":17713,"date":"2019-09-20T10:23:14","date_gmt":"2019-09-20T08:23:14","guid":{"rendered":"http:\/\/slaskipegaz.bs.katowice.pl\/?p=17713"},"modified":"2019-09-20T10:23:14","modified_gmt":"2019-09-20T08:23:14","slug":"relacja-miejska-biblioteka-publiczna-w-jaworznie-82","status":"publish","type":"post","link":"https:\/\/slaskipegaz.bs.katowice.pl\/?p=17713","title":{"rendered":"[Relacja] MIEJSKA BIBLIOTEKA PUBLICZNA W JAWORZNIE"},"content":{"rendered":"<h6 style=\"text-align: center;\">Narodowe Czytanie 2019<\/h6>\n<p><a href=\"https:\/\/slaskipegaz.bs.katowice.pl\/wp-content\/uploads\/2019\/09\/190907_Narodowe_czytanie_065.jpg\"><img loading=\"lazy\" decoding=\"async\" class=\"size-medium wp-image-17714 alignleft\" src=\"https:\/\/slaskipegaz.bs.katowice.pl\/wp-content\/uploads\/2019\/09\/190907_Narodowe_czytanie_065-300x200.jpg\" alt=\"spotkanie\" width=\"300\" height=\"200\" srcset=\"https:\/\/slaskipegaz.bs.katowice.pl\/wp-content\/uploads\/2019\/09\/190907_Narodowe_czytanie_065-300x200.jpg 300w, https:\/\/slaskipegaz.bs.katowice.pl\/wp-content\/uploads\/2019\/09\/190907_Narodowe_czytanie_065-768x512.jpg 768w, https:\/\/slaskipegaz.bs.katowice.pl\/wp-content\/uploads\/2019\/09\/190907_Narodowe_czytanie_065.jpg 1024w\" sizes=\"auto, (max-width: 300px) 100vw, 300px\" \/><\/a>W sobot\u0119, 7 wrze\u015bnia, mia\u0142y miejsce g\u0142\u00f3wne wydarzenia w ramach tegorocznej ods\u0142ony akcji Narodowego Czytania. Jak co roku, r\u00f3wnie\u017c nasza Biblioteka, w\u0142\u0105czaj\u0105c si\u0119 w t\u0119 niezwyk\u0142\u0105 inicjatyw\u0119, przygotowa\u0142a program propozycji literackich i artystycznych nawi\u0105zuj\u0105cych do wskazanych lektur. Wraz z ca\u0142\u0105 Polsk\u0105 czytali\u015bmy Nowele polskie. <!--more-->\u201eKatarynk\u0119\u201d Boles\u0142awa Prusa, nieprzerwanie nale\u017c\u0105c\u0105 do szkolnego kanonu, us\u0142yszeli\u015bmy w interpretacji Prezydenta Miasta Jaworzna Paw\u0142a Silberta. Natomiast nowel\u0119 Elizy Orzeszkowej pt. \u201eDobra pani\u201d przypomnia\u0142 zebranym licznie s\u0142uchaczom Tomasz Stockinger \u2013 popularny aktor filmowy i teatralny, szerszej publiczno\u015bci znany przede wszystkim z roli doktora Lubicza w serialu Klan. Prezentacji dzie\u0142a towarzyszy\u0142a ilustracja muzyczna w aran\u017cacji i\u00a0wykonaniu Stefana G\u0105sienieca \u2013 kompozytora i pianisty jazzowego, przygotowana w oparciu o\u00a0utwory Stanis\u0142awa Moniuszki, Henryka Wieniawskiego i Fryderyka Chopina.<\/p>\n<p><a href=\"https:\/\/slaskipegaz.bs.katowice.pl\/wp-content\/uploads\/2019\/09\/190907_Narodowe_czytanie_073.jpg\"><img loading=\"lazy\" decoding=\"async\" class=\"aligncenter size-medium wp-image-17715\" src=\"https:\/\/slaskipegaz.bs.katowice.pl\/wp-content\/uploads\/2019\/09\/190907_Narodowe_czytanie_073-300x200.jpg\" alt=\"czytanie\" width=\"300\" height=\"200\" srcset=\"https:\/\/slaskipegaz.bs.katowice.pl\/wp-content\/uploads\/2019\/09\/190907_Narodowe_czytanie_073-300x200.jpg 300w, https:\/\/slaskipegaz.bs.katowice.pl\/wp-content\/uploads\/2019\/09\/190907_Narodowe_czytanie_073-768x512.jpg 768w, https:\/\/slaskipegaz.bs.katowice.pl\/wp-content\/uploads\/2019\/09\/190907_Narodowe_czytanie_073.jpg 1024w\" sizes=\"auto, (max-width: 300px) 100vw, 300px\" \/><\/a><a href=\"https:\/\/slaskipegaz.bs.katowice.pl\/wp-content\/uploads\/2019\/09\/190907_Narodowe_czytanie_032.jpg\"><img loading=\"lazy\" decoding=\"async\" class=\"aligncenter size-medium wp-image-17716\" src=\"https:\/\/slaskipegaz.bs.katowice.pl\/wp-content\/uploads\/2019\/09\/190907_Narodowe_czytanie_032-300x200.jpg\" alt=\"spotkanie\" width=\"300\" height=\"200\" srcset=\"https:\/\/slaskipegaz.bs.katowice.pl\/wp-content\/uploads\/2019\/09\/190907_Narodowe_czytanie_032-300x200.jpg 300w, https:\/\/slaskipegaz.bs.katowice.pl\/wp-content\/uploads\/2019\/09\/190907_Narodowe_czytanie_032-768x512.jpg 768w, https:\/\/slaskipegaz.bs.katowice.pl\/wp-content\/uploads\/2019\/09\/190907_Narodowe_czytanie_032.jpg 1024w\" sizes=\"auto, (max-width: 300px) 100vw, 300px\" \/><\/a><\/p>\n<p>Najm\u0142odszych uczestnik\u00f3w zapraszali\u015bmy do udzia\u0142u w zaj\u0119ciach edukacyjno-rozrywkowych przybli\u017caj\u0105cych postaci i tw\u00f3rczo\u015b\u0107 autor\u00f3w wybranych tekst\u00f3w literackich. Specjalnie na t\u0119 okazj\u0119 opracowane zosta\u0142y wystawy: \u201eIlustracje polskich nowel\u201d i\u00a0\u201eBoles\u0142aw Prus \u2013 kronikarz epoki\u201d oraz prezentacja multimedialna \u2013 \u201eTranzytem przez Jaworzno. S\u0142ynni noweli\u015bci w naszym mie\u015bcie\u201d. Tradycyjnie udzia\u0142 w\u00a0spotkaniu mo\u017cna by\u0142o utrwali\u0107 poprzez przybicie pami\u0105tkowej piecz\u0119ci.<\/p>\n<p>Nades\u0142a\u0142a: Miejska Biblioteka Publiczna w Jaworznie<\/p>\n","protected":false},"excerpt":{"rendered":"<p>Narodowe Czytanie 2019 W sobot\u0119, 7 wrze\u015bnia, mia\u0142y miejsce g\u0142\u00f3wne wydarzenia w ramach tegorocznej ods\u0142ony akcji Narodowego Czytania. Jak co roku, r\u00f3wnie\u017c nasza Biblioteka, w\u0142\u0105czaj\u0105c si\u0119 w t\u0119 niezwyk\u0142\u0105 inicjatyw\u0119, przygotowa\u0142a program propozycji literackich i artystycznych nawi\u0105zuj\u0105cych do wskazanych lektur. Wraz z ca\u0142\u0105 Polsk\u0105 czytali\u015bmy Nowele polskie.<\/p>\n","protected":false},"author":3,"featured_media":0,"comment_status":"closed","ping_status":"closed","sticky":false,"template":"","format":"standard","meta":{"_acf_changed":false,"_exactmetrics_skip_tracking":false,"_exactmetrics_sitenote_active":false,"_exactmetrics_sitenote_note":"","_exactmetrics_sitenote_category":0,"footnotes":""},"categories":[1870],"tags":[8,1877],"class_list":["post-17713","post","type-post","status-publish","format-standard","hentry","category-nr-60-wrzesien-2019","tag-miejska-biblioteka-publiczna-w-jaworznie","tag-narodowe-czytanie-2019"],"acf":[],"jetpack_featured_media_url":"","_links":{"self":[{"href":"https:\/\/slaskipegaz.bs.katowice.pl\/index.php?rest_route=\/wp\/v2\/posts\/17713","targetHints":{"allow":["GET"]}}],"collection":[{"href":"https:\/\/slaskipegaz.bs.katowice.pl\/index.php?rest_route=\/wp\/v2\/posts"}],"about":[{"href":"https:\/\/slaskipegaz.bs.katowice.pl\/index.php?rest_route=\/wp\/v2\/types\/post"}],"author":[{"embeddable":true,"href":"https:\/\/slaskipegaz.bs.katowice.pl\/index.php?rest_route=\/wp\/v2\/users\/3"}],"replies":[{"embeddable":true,"href":"https:\/\/slaskipegaz.bs.katowice.pl\/index.php?rest_route=%2Fwp%2Fv2%2Fcomments&post=17713"}],"version-history":[{"count":1,"href":"https:\/\/slaskipegaz.bs.katowice.pl\/index.php?rest_route=\/wp\/v2\/posts\/17713\/revisions"}],"predecessor-version":[{"id":17717,"href":"https:\/\/slaskipegaz.bs.katowice.pl\/index.php?rest_route=\/wp\/v2\/posts\/17713\/revisions\/17717"}],"wp:attachment":[{"href":"https:\/\/slaskipegaz.bs.katowice.pl\/index.php?rest_route=%2Fwp%2Fv2%2Fmedia&parent=17713"}],"wp:term":[{"taxonomy":"category","embeddable":true,"href":"https:\/\/slaskipegaz.bs.katowice.pl\/index.php?rest_route=%2Fwp%2Fv2%2Fcategories&post=17713"},{"taxonomy":"post_tag","embeddable":true,"href":"https:\/\/slaskipegaz.bs.katowice.pl\/index.php?rest_route=%2Fwp%2Fv2%2Ftags&post=17713"}],"curies":[{"name":"wp","href":"https:\/\/api.w.org\/{rel}","templated":true}]}}