{"id":17745,"date":"2019-09-20T12:33:38","date_gmt":"2019-09-20T10:33:38","guid":{"rendered":"http:\/\/slaskipegaz.bs.katowice.pl\/?p=17745"},"modified":"2019-09-20T12:33:38","modified_gmt":"2019-09-20T10:33:38","slug":"relacja-ksiaznica-beskidzka-w-bielsku-bialej-116","status":"publish","type":"post","link":"https:\/\/slaskipegaz.bs.katowice.pl\/?p=17745","title":{"rendered":"[Relacja] KSI\u0104\u017bNICA BESKIDZKA W BIELSKU-BIA\u0141EJ"},"content":{"rendered":"<h6 style=\"text-align: center;\"><strong>Nowa ods\u0142ona FABRYKI KSI\u0104\u017bKI w Wapienicy<\/strong><\/h6>\n<p><a href=\"https:\/\/slaskipegaz.bs.katowice.pl\/wp-content\/uploads\/2019\/09\/IMG_3843.jpg\"><img loading=\"lazy\" decoding=\"async\" class=\"size-medium wp-image-17746 alignleft\" src=\"https:\/\/slaskipegaz.bs.katowice.pl\/wp-content\/uploads\/2019\/09\/IMG_3843-225x300.jpg\" alt=\"biblioteka\" width=\"225\" height=\"300\" srcset=\"https:\/\/slaskipegaz.bs.katowice.pl\/wp-content\/uploads\/2019\/09\/IMG_3843-225x300.jpg 225w, https:\/\/slaskipegaz.bs.katowice.pl\/wp-content\/uploads\/2019\/09\/IMG_3843.jpg 240w\" sizes=\"auto, (max-width: 225px) 100vw, 225px\" \/><\/a>Zapraszamy do filii Ksi\u0105\u017cnicy Beskidzkiej w Wapienicy. Agenda zyska\u0142a dodatkowe pomieszczenie o powierzchni 35m\u00b2, dzi\u0119ki czemu uda\u0142o si\u0119 zaaran\u017cowa\u0107 k\u0105cik dla dzieci<br \/>\ni czytelni\u0119 oraz przestrze\u0144 wystawiennicz\u0105. Czytelnicy mog\u0105 tam tak\u017ce skorzysta\u0107 z prasy codziennej, tygodnik\u00f3w i miesi\u0119cznik\u00f3w oraz z komputera z dost\u0119pem do Internetu.<!--more--><\/p>\n<p>Wymiana rega\u0142\u00f3w pozwoli\u0142a uzyska\u0107 wi\u0119cej przestrzeni na p\u00f3\u0142kach, dzi\u0119ki czemu czytelnicy maj\u0105 wi\u0119ksz\u0105 swobod\u0119 przy przegl\u0105daniu ksi\u0119gozbioru. Od\u015bwie\u017cono r\u00f3wnie\u017c dotychczasowe pomieszczenie, zachowuj\u0105c niepowtarzalny industrialny klimat plac\u00f3wki. Agenda oferuje nie tylko bogat\u0105 ofert\u0119 ksi\u0105\u017cek (prawie 11\u00a0500 wolumin\u00f3w), ale tak\u017ce proponuje swoim czytelnikom zbiory multimedialne: kolekcja audiobook\u00f3w liczy ponad 250 pozycji, film\u00f3w DVD prawie 1000 tytu\u0142\u00f3w. Agenda obs\u0142uguje ponad 1000 czytelnik\u00f3w rocznie, g\u0142\u00f3wnie mieszka\u0144c\u00f3w tej dzielnicy.<\/p>\n<p><a href=\"https:\/\/slaskipegaz.bs.katowice.pl\/wp-content\/uploads\/2019\/09\/IMG_3845.jpg\"><img loading=\"lazy\" decoding=\"async\" class=\"aligncenter size-medium wp-image-17748\" src=\"https:\/\/slaskipegaz.bs.katowice.pl\/wp-content\/uploads\/2019\/09\/IMG_3845-225x300.jpg\" alt=\"biblio\" width=\"225\" height=\"300\" srcset=\"https:\/\/slaskipegaz.bs.katowice.pl\/wp-content\/uploads\/2019\/09\/IMG_3845-225x300.jpg 225w, https:\/\/slaskipegaz.bs.katowice.pl\/wp-content\/uploads\/2019\/09\/IMG_3845.jpg 240w\" sizes=\"auto, (max-width: 225px) 100vw, 225px\" \/><\/a><a href=\"https:\/\/slaskipegaz.bs.katowice.pl\/wp-content\/uploads\/2019\/09\/IMG_3847.jpg\"><img loading=\"lazy\" decoding=\"async\" class=\"aligncenter size-medium wp-image-17749\" src=\"https:\/\/slaskipegaz.bs.katowice.pl\/wp-content\/uploads\/2019\/09\/IMG_3847-225x300.jpg\" alt=\"biblioteka\" width=\"225\" height=\"300\" srcset=\"https:\/\/slaskipegaz.bs.katowice.pl\/wp-content\/uploads\/2019\/09\/IMG_3847-225x300.jpg 225w, https:\/\/slaskipegaz.bs.katowice.pl\/wp-content\/uploads\/2019\/09\/IMG_3847.jpg 240w\" sizes=\"auto, (max-width: 225px) 100vw, 225px\" \/><\/a><a href=\"https:\/\/slaskipegaz.bs.katowice.pl\/wp-content\/uploads\/2019\/09\/IMG_3849.jpg\"><img loading=\"lazy\" decoding=\"async\" class=\"aligncenter size-medium wp-image-17750\" src=\"https:\/\/slaskipegaz.bs.katowice.pl\/wp-content\/uploads\/2019\/09\/IMG_3849-225x300.jpg\" alt=\"biblioteka\" width=\"225\" height=\"300\" srcset=\"https:\/\/slaskipegaz.bs.katowice.pl\/wp-content\/uploads\/2019\/09\/IMG_3849-225x300.jpg 225w, https:\/\/slaskipegaz.bs.katowice.pl\/wp-content\/uploads\/2019\/09\/IMG_3849.jpg 240w\" sizes=\"auto, (max-width: 225px) 100vw, 225px\" \/><\/a><\/p>\n<p>W plac\u00f3wce cyklicznie odbywaj\u0105\u00a0 spotkania Dyskusyjnego Klubu Ksi\u0105\u017cki. Prowadzone\u00a0s\u0105 te\u017c lekcje biblioteczne, a bibliotekarz odwiedza przedszkola propaguj\u0105c literatur\u0119 dzieci\u0119c\u0105. Biblioteka wsp\u00f3\u0142pracuje te\u017c ze\u00a0\u015brodowiskiem lokalnym, ze szko\u0142ami i przedszkolami oraz miejscowym Domem Kultury. Pozyskanie nowej przestrzeni pozwoli na bardziej komfortowe prowadzenie r\u00f3\u017cnorodnych zaj\u0119\u0107 w ramach wsp\u00f3\u0142pracy z lokalnym \u015brodowiskiem.<\/p>\n<p><strong>Zapraszamy!<\/strong><\/p>\n<p><strong>Dane adresowe:<br \/>\n<\/strong>ul.\u00a0Cieszy\u0144ska\u00a0367, 43-300 Bielsko-Bia\u0142a<br \/>\ntel. (33)\u00a0818-31-96<br \/>\ne-mail:\u00a0<a href=\"mailto:wapienica@ksiaznica.bielsko.pl\">wapienica@ksiaznica.bielsko.pl<\/a><\/p>\n","protected":false},"excerpt":{"rendered":"<p>Nowa ods\u0142ona FABRYKI KSI\u0104\u017bKI w Wapienicy Zapraszamy do filii Ksi\u0105\u017cnicy Beskidzkiej w Wapienicy. Agenda zyska\u0142a dodatkowe pomieszczenie o powierzchni 35m\u00b2, dzi\u0119ki czemu uda\u0142o si\u0119 zaaran\u017cowa\u0107 k\u0105cik dla dzieci i czytelni\u0119 oraz przestrze\u0144 wystawiennicz\u0105. Czytelnicy mog\u0105 tam tak\u017ce skorzysta\u0107 z prasy codziennej, tygodnik\u00f3w i miesi\u0119cznik\u00f3w oraz z komputera z dost\u0119pem do Internetu.<\/p>\n","protected":false},"author":3,"featured_media":0,"comment_status":"closed","ping_status":"closed","sticky":false,"template":"","format":"standard","meta":{"_acf_changed":false,"_exactmetrics_skip_tracking":false,"_exactmetrics_sitenote_active":false,"_exactmetrics_sitenote_note":"","_exactmetrics_sitenote_category":0,"footnotes":""},"categories":[1870],"tags":[1883,83],"class_list":["post-17745","post","type-post","status-publish","format-standard","hentry","category-nr-60-wrzesien-2019","tag-fabryka-ksiazki","tag-ksiaznica-beskidzka"],"acf":[],"jetpack_featured_media_url":"","_links":{"self":[{"href":"https:\/\/slaskipegaz.bs.katowice.pl\/index.php?rest_route=\/wp\/v2\/posts\/17745","targetHints":{"allow":["GET"]}}],"collection":[{"href":"https:\/\/slaskipegaz.bs.katowice.pl\/index.php?rest_route=\/wp\/v2\/posts"}],"about":[{"href":"https:\/\/slaskipegaz.bs.katowice.pl\/index.php?rest_route=\/wp\/v2\/types\/post"}],"author":[{"embeddable":true,"href":"https:\/\/slaskipegaz.bs.katowice.pl\/index.php?rest_route=\/wp\/v2\/users\/3"}],"replies":[{"embeddable":true,"href":"https:\/\/slaskipegaz.bs.katowice.pl\/index.php?rest_route=%2Fwp%2Fv2%2Fcomments&post=17745"}],"version-history":[{"count":1,"href":"https:\/\/slaskipegaz.bs.katowice.pl\/index.php?rest_route=\/wp\/v2\/posts\/17745\/revisions"}],"predecessor-version":[{"id":17751,"href":"https:\/\/slaskipegaz.bs.katowice.pl\/index.php?rest_route=\/wp\/v2\/posts\/17745\/revisions\/17751"}],"wp:attachment":[{"href":"https:\/\/slaskipegaz.bs.katowice.pl\/index.php?rest_route=%2Fwp%2Fv2%2Fmedia&parent=17745"}],"wp:term":[{"taxonomy":"category","embeddable":true,"href":"https:\/\/slaskipegaz.bs.katowice.pl\/index.php?rest_route=%2Fwp%2Fv2%2Fcategories&post=17745"},{"taxonomy":"post_tag","embeddable":true,"href":"https:\/\/slaskipegaz.bs.katowice.pl\/index.php?rest_route=%2Fwp%2Fv2%2Ftags&post=17745"}],"curies":[{"name":"wp","href":"https:\/\/api.w.org\/{rel}","templated":true}]}}