{"id":17775,"date":"2019-09-23T07:53:42","date_gmt":"2019-09-23T05:53:42","guid":{"rendered":"http:\/\/slaskipegaz.bs.katowice.pl\/?p=17775"},"modified":"2019-09-23T07:53:42","modified_gmt":"2019-09-23T05:53:42","slug":"zapowiedz-miejska-biblioteka-publiczna-w-sosnowcu-27","status":"publish","type":"post","link":"https:\/\/slaskipegaz.bs.katowice.pl\/?p=17775","title":{"rendered":"[Zapowied\u017a] MIEJSKA BIBLIOTEKA PUBLICZNA W SOSNOWCU"},"content":{"rendered":"<h6 style=\"text-align: center;\"><strong>Anna Cieplak w Zag\u0142\u0119biowskiej Mediatece<\/strong><\/h6>\n<p><a href=\"https:\/\/slaskipegaz.bs.katowice.pl\/wp-content\/uploads\/2019\/09\/Cieplak-plakat-ZM-a.jpg\"><img loading=\"lazy\" decoding=\"async\" class=\"size-medium wp-image-17776 alignleft\" src=\"https:\/\/slaskipegaz.bs.katowice.pl\/wp-content\/uploads\/2019\/09\/Cieplak-plakat-ZM-a-211x300.jpg\" alt=\"SPOTKANIE\" width=\"211\" height=\"300\" srcset=\"https:\/\/slaskipegaz.bs.katowice.pl\/wp-content\/uploads\/2019\/09\/Cieplak-plakat-ZM-a-211x300.jpg 211w, https:\/\/slaskipegaz.bs.katowice.pl\/wp-content\/uploads\/2019\/09\/Cieplak-plakat-ZM-a-768x1093.jpg 768w, https:\/\/slaskipegaz.bs.katowice.pl\/wp-content\/uploads\/2019\/09\/Cieplak-plakat-ZM-a-719x1024.jpg 719w, https:\/\/slaskipegaz.bs.katowice.pl\/wp-content\/uploads\/2019\/09\/Cieplak-plakat-ZM-a.jpg 800w\" sizes=\"auto, (max-width: 211px) 100vw, 211px\" \/><\/a>Dyskusyjny Klub Ksi\u0105\u017cki \u201eKa\u017cdy Kocha Dyskusje\u201d \u2013 dzia\u0142aj\u0105cy przy Miejskiej Bibliotece Publicznej im. Gustawa Dani\u0142owskiego w Sosnowcu \u2013 ma przyjemno\u015b\u0107 zaprosi\u0107 na spotkanie autorskie z Ann\u0105 Cieplak, kt\u00f3re odb\u0119dzie si\u0119 dnia 4 pa\u017adziernika 2019 roku o godzinie 18.00 w Czytelni Auli Zag\u0142\u0119biowskiej Mediateki przy ul. Ko\u015bcielnej 11 w Sosnowcu. Rozmow\u0119 poprowadzi Magdalena Boczkowska.<!--more--><\/p>\n<p>Anna Cieplak \u2013 pisarka, animatorka kultury, edukatorka. Autorka ksi\u0105\u017cek: \u201eMa by\u0107 czysto\u201d, \u201eLata powy\u017cej zera\u201d, \u201eLekki baga\u017c\u201d, wsp\u00f3\u0142autorka z Lidi\u0105 Osta\u0142owsk\u0105 \u201eZaufania\u201d. Laureatka Nagrody Conrada i Gombrowicza za debiut literacki. Nominowana do Paszport\u00f3w Polityki i Nagrody Nike za lata powy\u017cej zera\u201d, Nagrody Literacka Gdynia za \u201eMa by\u0107 czysto\u201d i Europejskiej Nagrody Literackiej za \u201eLekki baga\u017c\u201d. Pisze sta\u0142e teksty do \u201eCzasu kultury\u201d, pracuje w obszarze edukacji kulturalnej z dzie\u0107mi, m\u0142odzie\u017c\u0105 i doros\u0142ymi.<\/p>\n<p>Gor\u0105co zach\u0119camy do udzia\u0142u w spotkaniu, kt\u00f3re odb\u0119dzie si\u0119 w ramach projektu Dyskusyjnych Klub\u00f3w Ksi\u0105\u017cki realizowanego we wsp\u00f3\u0142pracy z Bibliotek\u0105 \u015al\u0105sk\u0105, Instytutem Ksi\u0105\u017cki i Ministerstwem Kultury i Dziedzictwa Narodowego.<\/p>\n","protected":false},"excerpt":{"rendered":"<p>Anna Cieplak w Zag\u0142\u0119biowskiej Mediatece Dyskusyjny Klub Ksi\u0105\u017cki \u201eKa\u017cdy Kocha Dyskusje\u201d \u2013 dzia\u0142aj\u0105cy przy Miejskiej Bibliotece Publicznej im. Gustawa Dani\u0142owskiego w Sosnowcu \u2013 ma przyjemno\u015b\u0107 zaprosi\u0107 na spotkanie autorskie z Ann\u0105 Cieplak, kt\u00f3re odb\u0119dzie si\u0119 dnia 4 pa\u017adziernika 2019 roku o godzinie 18.00 w Czytelni Auli Zag\u0142\u0119biowskiej Mediateki przy ul. Ko\u015bcielnej 11 w Sosnowcu. Rozmow\u0119 &hellip; <a href=\"https:\/\/slaskipegaz.bs.katowice.pl\/?p=17775\" class=\"more-link\">Czytaj dalej <span class=\"screen-reader-text\">[Zapowied\u017a] MIEJSKA BIBLIOTEKA PUBLICZNA W SOSNOWCU<\/span> <span class=\"meta-nav\">&rarr;<\/span><\/a><\/p>\n","protected":false},"author":3,"featured_media":0,"comment_status":"closed","ping_status":"closed","sticky":false,"template":"","format":"standard","meta":{"_acf_changed":false,"_exactmetrics_skip_tracking":false,"_exactmetrics_sitenote_active":false,"_exactmetrics_sitenote_note":"","_exactmetrics_sitenote_category":0,"footnotes":""},"categories":[6],"tags":[1348,146],"class_list":["post-17775","post","type-post","status-publish","format-standard","hentry","category-aktualnosci","tag-dkk","tag-miejska-biblioteka-publiczna-w-sosnowcu"],"acf":[],"jetpack_featured_media_url":"","_links":{"self":[{"href":"https:\/\/slaskipegaz.bs.katowice.pl\/index.php?rest_route=\/wp\/v2\/posts\/17775","targetHints":{"allow":["GET"]}}],"collection":[{"href":"https:\/\/slaskipegaz.bs.katowice.pl\/index.php?rest_route=\/wp\/v2\/posts"}],"about":[{"href":"https:\/\/slaskipegaz.bs.katowice.pl\/index.php?rest_route=\/wp\/v2\/types\/post"}],"author":[{"embeddable":true,"href":"https:\/\/slaskipegaz.bs.katowice.pl\/index.php?rest_route=\/wp\/v2\/users\/3"}],"replies":[{"embeddable":true,"href":"https:\/\/slaskipegaz.bs.katowice.pl\/index.php?rest_route=%2Fwp%2Fv2%2Fcomments&post=17775"}],"version-history":[{"count":1,"href":"https:\/\/slaskipegaz.bs.katowice.pl\/index.php?rest_route=\/wp\/v2\/posts\/17775\/revisions"}],"predecessor-version":[{"id":17777,"href":"https:\/\/slaskipegaz.bs.katowice.pl\/index.php?rest_route=\/wp\/v2\/posts\/17775\/revisions\/17777"}],"wp:attachment":[{"href":"https:\/\/slaskipegaz.bs.katowice.pl\/index.php?rest_route=%2Fwp%2Fv2%2Fmedia&parent=17775"}],"wp:term":[{"taxonomy":"category","embeddable":true,"href":"https:\/\/slaskipegaz.bs.katowice.pl\/index.php?rest_route=%2Fwp%2Fv2%2Fcategories&post=17775"},{"taxonomy":"post_tag","embeddable":true,"href":"https:\/\/slaskipegaz.bs.katowice.pl\/index.php?rest_route=%2Fwp%2Fv2%2Ftags&post=17775"}],"curies":[{"name":"wp","href":"https:\/\/api.w.org\/{rel}","templated":true}]}}