{"id":17800,"date":"2019-09-26T13:21:09","date_gmt":"2019-09-26T11:21:09","guid":{"rendered":"http:\/\/slaskipegaz.bs.katowice.pl\/?p=17800"},"modified":"2019-09-26T13:21:09","modified_gmt":"2019-09-26T11:21:09","slug":"zapowiedz-miejska-biblioteka-publiczna-w-zabrzu-5","status":"publish","type":"post","link":"https:\/\/slaskipegaz.bs.katowice.pl\/?p=17800","title":{"rendered":"[Zapowied\u017a] MIEJSKA BIBLIOTEKA PUBLICZNA W ZABRZU"},"content":{"rendered":"<p><a href=\"https:\/\/slaskipegaz.bs.katowice.pl\/wp-content\/uploads\/2019\/09\/Bez-tytu\u0142u.png\"><img loading=\"lazy\" decoding=\"async\" class=\"size-medium wp-image-17801 alignleft\" src=\"https:\/\/slaskipegaz.bs.katowice.pl\/wp-content\/uploads\/2019\/09\/Bez-tytu\u0142u-300x201.png\" alt=\"OBRAZ\" width=\"300\" height=\"201\" srcset=\"https:\/\/slaskipegaz.bs.katowice.pl\/wp-content\/uploads\/2019\/09\/Bez-tytu\u0142u-300x201.png 300w, https:\/\/slaskipegaz.bs.katowice.pl\/wp-content\/uploads\/2019\/09\/Bez-tytu\u0142u.png 592w\" sizes=\"auto, (max-width: 300px) 100vw, 300px\" \/><\/a>Miejska Biblioteka Publiczna im. Jerzego Fusieckiego w Zabrzu, Centrum Kszta\u0142cenia Praktycznego i Ustawicznego w Zabrzu oraz Pedagogiczna Biblioteka Wojew\u00f3dzka w Katowicach filia w Zabrzu zapraszaj\u0105 nauczycieli-bibliotekarzy i nauczycieli-polonist\u00f3w pracuj\u0105cych we wszystkich typach szk\u00f3\u0142 oraz bibliotekarzy z wszystkich typ\u00f3w bibliotek\u00a0 do wzi\u0119cia udzia\u0142u w bezp\u0142atnym seminarium, kt\u00f3re jest realizowane w ramach projektu &#8222;Ksi\u0105\u017cka na pi\u0105tk\u0119, znakomity\u00a0 pocz\u0105tek: rozdanie trzecie&#8221;. Projekt ten jest\u00a0 dofinansowany ze \u015brodk\u00f3w Ministra\u00a0 Kultury i Dziedzictwa Narodowego pochodz\u0105cych z Funduszu Promocji Kultury w ramach programu &#8222;Promocja czytelnictwa&#8221;.<!--more--><\/p>\n<p>Seminarium odb\u0119dzie si\u0119 24 pa\u017adziernika 2019 roku w budynku Miejskiego O\u015brodka Kultury (ul. 3 Maja 91A, 41-800 Zabrze).<\/p>\n<p>Udzia\u0142 w seminarium jest bezp\u0142atny. Koszty dojazdu pozostaj\u0105 po stronie uczestnika. Liczba miejsc na seminarium jest ograniczona, zg\u0142osze\u0144 mo\u017cna dokonywa\u0107 przez wys\u0142anie zeskanowanych formularzy zg\u0142oszeniowych na adres: <a href=\"mailto:warsztaty@biblioteka.zabrze.pl\">warsztaty@biblioteka.zabrze.pl<\/a><\/p>\n<p>Zapisy prowadzone\u00a0\u00a0\u00a0 s\u0105\u00a0\u00a0 do wyczerpania miejsc, o zakwalifikowaniu si\u0119\u00a0\u00a0\u00a0\u00a0\u00a0\u00a0\u00a0\u00a0\u00a0\u00a0\u00a0\u00a0\u00a0\u00a0\u00a0\u00a0\u00a0\u00a0\u00a0\u00a0\u00a0\u00a0\u00a0\u00a0\u00a0\u00a0\u00a0\u00a0\u00a0\u00a0\u00a0\u00a0\u00a0\u00a0 decyduje kolejno\u015b\u0107 zg\u0142osze\u0144. Po przes\u0142aniu zg\u0142osze\u0144 uczestnicy seminarium\u00a0\u00a0\u00a0\u00a0\u00a0\u00a0\u00a0\u00a0\u00a0\u00a0\u00a0\u00a0\u00a0\u00a0 otrzymaj\u0105 potwierdzenie przyj\u0119cia zg\u0142oszenia i zakwalifikowania si\u0119 na seminarium.<\/p>\n<p>Dodatkowych informacji na temat seminarium ch\u0119tnie udzieli: Pawe\u0142 Dobrzelecki (G\u0142\u00f3wny specjalista ds. projekt\u00f3w, promocji i marketingu Miejska Biblioteka Publiczna w Zabrzu, mailowo: <a href=\"mailto:pawel.dobrzelecki@biblioteka.zabrze.pl\">pawel.dobrzelecki@biblioteka.zabrze.pl<\/a> lub telefonicznie: 609 158 965)<\/p>\n<p>PROGRAM:<\/p>\n<p>9.00-10.00\u00a0\u00a0\u00a0\u00a0\u00a0 Rejestracja uczestnik\u00f3w<\/p>\n<p>10.00-10.15\u00a0\u00a0\u00a0 Rozpocz\u0119cie seminarium: powitanie go\u015bci i uczestnik\u00f3w przez dyrektora Miejskiej Biblioteki Publicznej w Zabrzu Tomasza Iwasi\u00f3w<\/p>\n<p>10.15-10.45\u00a0\u00a0\u00a0\u00a0 Justyna Konieczny, Ksi\u0105\u017cka na pi\u0105tk\u0119 znakomity pocz\u0105tek<\/p>\n<p>10.45-11.30\u00a0\u00a0\u00a0\u00a0\u00a0 Grzegorz Kasdepke, Chuligani w bibliotece &#8211; czyli jak wychowa\u0107 przysz\u0142ych buntownik\u00f3w, marzycieli i wynalazc\u00f3w<\/p>\n<p><em>\u00a0<\/em>11.30-12.00\u00a0\u00a0\u00a0 Przerwa kawowa<\/p>\n<p>12.00-12.45 Anna Czernow, <em>Czytelnictwo dzieci i m\u0142odzie<\/em><em>\u017c<\/em><em>y wobec doros\u0142ych oczekiwa\u0144<\/em><\/p>\n<p>12.45-13.30 Joanna Papuzi\u0144ska, <em>Sam na sam z ksi\u0105<\/em><em>\u017c<\/em><em>k\u0105. Pierwsze samodzielne lektury<\/em><\/p>\n","protected":false},"excerpt":{"rendered":"<p>Miejska Biblioteka Publiczna im. Jerzego Fusieckiego w Zabrzu, Centrum Kszta\u0142cenia Praktycznego i Ustawicznego w Zabrzu oraz Pedagogiczna Biblioteka Wojew\u00f3dzka w Katowicach filia w Zabrzu zapraszaj\u0105 nauczycieli-bibliotekarzy i nauczycieli-polonist\u00f3w pracuj\u0105cych we wszystkich typach szk\u00f3\u0142 oraz bibliotekarzy z wszystkich typ\u00f3w bibliotek\u00a0 do wzi\u0119cia udzia\u0142u w bezp\u0142atnym seminarium, kt\u00f3re jest realizowane w ramach projektu &#8222;Ksi\u0105\u017cka na pi\u0105tk\u0119, znakomity\u00a0 &hellip; <a href=\"https:\/\/slaskipegaz.bs.katowice.pl\/?p=17800\" class=\"more-link\">Czytaj dalej <span class=\"screen-reader-text\">[Zapowied\u017a] MIEJSKA BIBLIOTEKA PUBLICZNA W ZABRZU<\/span> <span class=\"meta-nav\">&rarr;<\/span><\/a><\/p>\n","protected":false},"author":3,"featured_media":0,"comment_status":"closed","ping_status":"closed","sticky":false,"template":"","format":"standard","meta":{"_acf_changed":false,"_exactmetrics_skip_tracking":false,"_exactmetrics_sitenote_active":false,"_exactmetrics_sitenote_note":"","_exactmetrics_sitenote_category":0,"footnotes":""},"categories":[6],"tags":[1623,1570],"class_list":["post-17800","post","type-post","status-publish","format-standard","hentry","category-aktualnosci","tag-ksiazka-na-piatke","tag-miejska-biblioteka-publiczna-w-zabrzu"],"acf":[],"jetpack_featured_media_url":"","_links":{"self":[{"href":"https:\/\/slaskipegaz.bs.katowice.pl\/index.php?rest_route=\/wp\/v2\/posts\/17800","targetHints":{"allow":["GET"]}}],"collection":[{"href":"https:\/\/slaskipegaz.bs.katowice.pl\/index.php?rest_route=\/wp\/v2\/posts"}],"about":[{"href":"https:\/\/slaskipegaz.bs.katowice.pl\/index.php?rest_route=\/wp\/v2\/types\/post"}],"author":[{"embeddable":true,"href":"https:\/\/slaskipegaz.bs.katowice.pl\/index.php?rest_route=\/wp\/v2\/users\/3"}],"replies":[{"embeddable":true,"href":"https:\/\/slaskipegaz.bs.katowice.pl\/index.php?rest_route=%2Fwp%2Fv2%2Fcomments&post=17800"}],"version-history":[{"count":1,"href":"https:\/\/slaskipegaz.bs.katowice.pl\/index.php?rest_route=\/wp\/v2\/posts\/17800\/revisions"}],"predecessor-version":[{"id":17802,"href":"https:\/\/slaskipegaz.bs.katowice.pl\/index.php?rest_route=\/wp\/v2\/posts\/17800\/revisions\/17802"}],"wp:attachment":[{"href":"https:\/\/slaskipegaz.bs.katowice.pl\/index.php?rest_route=%2Fwp%2Fv2%2Fmedia&parent=17800"}],"wp:term":[{"taxonomy":"category","embeddable":true,"href":"https:\/\/slaskipegaz.bs.katowice.pl\/index.php?rest_route=%2Fwp%2Fv2%2Fcategories&post=17800"},{"taxonomy":"post_tag","embeddable":true,"href":"https:\/\/slaskipegaz.bs.katowice.pl\/index.php?rest_route=%2Fwp%2Fv2%2Ftags&post=17800"}],"curies":[{"name":"wp","href":"https:\/\/api.w.org\/{rel}","templated":true}]}}