{"id":18307,"date":"2019-11-13T10:07:24","date_gmt":"2019-11-13T09:07:24","guid":{"rendered":"http:\/\/slaskipegaz.bs.katowice.pl\/?p=18307"},"modified":"2019-11-13T10:07:24","modified_gmt":"2019-11-13T09:07:24","slug":"relacja-biblioteka-publiczna-miasta-i-gminy-w-lazach-134","status":"publish","type":"post","link":"https:\/\/slaskipegaz.bs.katowice.pl\/?p=18307","title":{"rendered":"[Relacja] BIBLIOTEKA PUBLICZNA MIASTA I GMINY W \u0141AZACH"},"content":{"rendered":"<h6 style=\"text-align: center;\"><strong>Jesienne bukiety<\/strong><\/h6>\n<p><a href=\"https:\/\/slaskipegaz.bs.katowice.pl\/wp-content\/uploads\/2019\/11\/Jesienne-bukiety-2.jpg\"><img loading=\"lazy\" decoding=\"async\" class=\"size-medium wp-image-18308 alignleft\" src=\"https:\/\/slaskipegaz.bs.katowice.pl\/wp-content\/uploads\/2019\/11\/Jesienne-bukiety-2-300x200.jpg\" alt=\"warsztaty\" width=\"300\" height=\"200\" srcset=\"https:\/\/slaskipegaz.bs.katowice.pl\/wp-content\/uploads\/2019\/11\/Jesienne-bukiety-2-300x200.jpg 300w, https:\/\/slaskipegaz.bs.katowice.pl\/wp-content\/uploads\/2019\/11\/Jesienne-bukiety-2-768x512.jpg 768w, https:\/\/slaskipegaz.bs.katowice.pl\/wp-content\/uploads\/2019\/11\/Jesienne-bukiety-2.jpg 1024w\" sizes=\"auto, (max-width: 300px) 100vw, 300px\" \/><\/a>Jesienne barwy zachwycaj\u0105 co roku. Drzewa mieni\u0105 si\u0119 wszelkimi odcieniami \u017c\u00f3\u0142ci, czerwieni, br\u0105zu, pomara\u0144czu i zieleni, a spadaj\u0105ce li\u015bcie zdobi\u0105 le\u015bne \u015bcie\u017cki i przydro\u017cne pasy zieleni. Wystarczy zebra\u0107 najpi\u0119kniejsze okazy i pu\u015bci\u0107 wodze wyobra\u017ani, aby wyczarowa\u0107 z nich zachwycaj\u0105ce kompozycje.<!--more--><\/p>\n<p>23 pa\u017adziernika 2019 r. w Oddziale dla dzieci i m\u0142odzie\u017cy Biblioteki Publicznej Miasta i Gminy w \u0141azach odby\u0142y si\u0119 warsztaty kreatywne pn. \u201eJesienne bukiety\u201d. Kr\u00f3lem spotkania z uczniami klasy II Szko\u0142y Podstawowej nr w \u0141azach i ich wychowawczyni\u0105 Ann\u0105 Grabowsk\u0105 by\u0142 li\u015b\u0107 klonu, a dok\u0142adniej ujmuj\u0105c \u2013 setki li\u015bci.<\/p>\n<p>Za ich spraw\u0105 Biblioteka zamieni\u0142a si\u0119 w pracowni\u0119 florystyczn\u0105, w kt\u00f3rej powsta\u0142y bukiety mieni\u0105ce si\u0119 z\u0142ot\u0105 jesieni\u0105. Id\u0105c za radami bibliotekarek, uczestnicy warsztat\u00f3w utworzyli r\u00f3\u017ce, kt\u00f3re z\u0142o\u017cy\u0142y si\u0119 na efektowne i trwa\u0142e dekoracje. Pracowali ze szczeg\u00f3lnym zaanga\u017cowaniem, by zabra\u0107 do dom\u00f3w cho\u0107 ma\u0142y fragmencik s\u0142onecznej jesieni, bo jesieni\u0105 inspirujemy si\u0119 przyrod\u0105!<\/p>\n<p>Nades\u0142a\u0142a: Biblioteka Publiczna Miasta i Gminy w \u0141azach<\/p>\n","protected":false},"excerpt":{"rendered":"<p>Jesienne bukiety Jesienne barwy zachwycaj\u0105 co roku. Drzewa mieni\u0105 si\u0119 wszelkimi odcieniami \u017c\u00f3\u0142ci, czerwieni, br\u0105zu, pomara\u0144czu i zieleni, a spadaj\u0105ce li\u015bcie zdobi\u0105 le\u015bne \u015bcie\u017cki i przydro\u017cne pasy zieleni. Wystarczy zebra\u0107 najpi\u0119kniejsze okazy i pu\u015bci\u0107 wodze wyobra\u017ani, aby wyczarowa\u0107 z nich zachwycaj\u0105ce kompozycje.<\/p>\n","protected":false},"author":3,"featured_media":0,"comment_status":"closed","ping_status":"closed","sticky":false,"template":"","format":"standard","meta":{"_acf_changed":false,"_exactmetrics_skip_tracking":false,"_exactmetrics_sitenote_active":false,"_exactmetrics_sitenote_note":"","_exactmetrics_sitenote_category":0,"footnotes":""},"categories":[1930],"tags":[40,14],"class_list":["post-18307","post","type-post","status-publish","format-standard","hentry","category-nr-62-listopad-2019","tag-biblioteka-publiczna-miasta-i-gminy-w-lazach","tag-warsztaty"],"acf":[],"jetpack_featured_media_url":"","_links":{"self":[{"href":"https:\/\/slaskipegaz.bs.katowice.pl\/index.php?rest_route=\/wp\/v2\/posts\/18307","targetHints":{"allow":["GET"]}}],"collection":[{"href":"https:\/\/slaskipegaz.bs.katowice.pl\/index.php?rest_route=\/wp\/v2\/posts"}],"about":[{"href":"https:\/\/slaskipegaz.bs.katowice.pl\/index.php?rest_route=\/wp\/v2\/types\/post"}],"author":[{"embeddable":true,"href":"https:\/\/slaskipegaz.bs.katowice.pl\/index.php?rest_route=\/wp\/v2\/users\/3"}],"replies":[{"embeddable":true,"href":"https:\/\/slaskipegaz.bs.katowice.pl\/index.php?rest_route=%2Fwp%2Fv2%2Fcomments&post=18307"}],"version-history":[{"count":1,"href":"https:\/\/slaskipegaz.bs.katowice.pl\/index.php?rest_route=\/wp\/v2\/posts\/18307\/revisions"}],"predecessor-version":[{"id":18309,"href":"https:\/\/slaskipegaz.bs.katowice.pl\/index.php?rest_route=\/wp\/v2\/posts\/18307\/revisions\/18309"}],"wp:attachment":[{"href":"https:\/\/slaskipegaz.bs.katowice.pl\/index.php?rest_route=%2Fwp%2Fv2%2Fmedia&parent=18307"}],"wp:term":[{"taxonomy":"category","embeddable":true,"href":"https:\/\/slaskipegaz.bs.katowice.pl\/index.php?rest_route=%2Fwp%2Fv2%2Fcategories&post=18307"},{"taxonomy":"post_tag","embeddable":true,"href":"https:\/\/slaskipegaz.bs.katowice.pl\/index.php?rest_route=%2Fwp%2Fv2%2Ftags&post=18307"}],"curies":[{"name":"wp","href":"https:\/\/api.w.org\/{rel}","templated":true}]}}