{"id":18347,"date":"2019-11-18T07:39:38","date_gmt":"2019-11-18T06:39:38","guid":{"rendered":"http:\/\/slaskipegaz.bs.katowice.pl\/?p=18347"},"modified":"2019-11-18T07:39:38","modified_gmt":"2019-11-18T06:39:38","slug":"relacja-miejska-i-powiatowa-biblioteka-publiczna-w-raciborzu-494","status":"publish","type":"post","link":"https:\/\/slaskipegaz.bs.katowice.pl\/?p=18347","title":{"rendered":"[Relacja] MIEJSKA I POWIATOWA BIBLIOTEKA PUBLICZNA W RACIBORZU"},"content":{"rendered":"<h6 style=\"text-align: center;\">Leszek Libera odwiedzi Racib\u00f3rz<\/h6>\n<p><a href=\"https:\/\/slaskipegaz.bs.katowice.pl\/wp-content\/uploads\/2019\/11\/Plakat_Libera.jpg\"><img loading=\"lazy\" decoding=\"async\" class=\"size-medium wp-image-18348 alignleft\" src=\"https:\/\/slaskipegaz.bs.katowice.pl\/wp-content\/uploads\/2019\/11\/Plakat_Libera-212x300.jpg\" alt=\"SPOTKANIE\" width=\"212\" height=\"300\" srcset=\"https:\/\/slaskipegaz.bs.katowice.pl\/wp-content\/uploads\/2019\/11\/Plakat_Libera-212x300.jpg 212w, https:\/\/slaskipegaz.bs.katowice.pl\/wp-content\/uploads\/2019\/11\/Plakat_Libera-768x1086.jpg 768w, https:\/\/slaskipegaz.bs.katowice.pl\/wp-content\/uploads\/2019\/11\/Plakat_Libera-724x1024.jpg 724w, https:\/\/slaskipegaz.bs.katowice.pl\/wp-content\/uploads\/2019\/11\/Plakat_Libera.jpg 1754w\" sizes=\"auto, (max-width: 212px) 100vw, 212px\" \/><\/a>Leszek Libera &#8211; pochodz\u0105cy z Raciborza autor powie\u015bci \u201eUtopek\u201d i \u201eBuks Molenda\u201d \u2013 jednych z\u00a0najwi\u0119kszych tegorocznych sensacji wydawniczych w\u00a0Polsce spotka si\u0119 ze swoimi czytelnikami 20 listopada w Miejskiej i Powiatowej Bibliotece Publicznej w Raciborzu. Moderatorem spotkania b\u0119dzie dr Janusz Nowak.<!--more--><\/p>\n<p>Leszek Libera \u2013 urodzony w Raciborzu, literaturoznawca, prozaik. Pracowa\u0142 na Uniwersytecie im. Adama Mickiewicza w Poznaniu, obecnie jest profesorem w Instytucie Filologii Polskiej w Zielonej G\u00f3rze. Badacz Mickiewicza i S\u0142owackiego, zajmuje si\u0119 naukowo polskim romantyzmem i symbolizmem. Opublikowa\u0142 dwie powie\u015bci w j\u0119zyku niemieckim: Buks Molenda oraz Utopek, kt\u00f3rych polskie t\u0142umaczenia ukaza\u0142y si\u0119 w 2019 roku w wydawnictwie Od Do. Mieszka w Essen.<\/p>\n<p>Spotkanie poprowadzi dr Janusz Nowak &#8211; raciborzanin, krytyk literacki, folklorysta, poeta, dziennikarz i animator kultury. Doktor nauk humanistycznych, wieloletni nauczyciel j\u0119zyka polskiego w Zespole Szk\u00f3\u0142 Og\u00f3lnokszta\u0142c\u0105cych nr 1 w Raciborzu, by\u0142y wyk\u0142adowca w Instytucie Filologii Polskiej Uniwersytetu Opolskiego oraz w Pa\u0144stwowej Wy\u017cszej Szkole Zawodowej w Raciborzu.<\/p>\n<p>Spotkanie odb\u0119dzie si\u0119 w \u015brod\u0119 20 listopada o godz. 18.00 w bibliotece przy ul. Kasprowicza 12. Serdecznie zapraszamy!<\/p>\n","protected":false},"excerpt":{"rendered":"<p>Leszek Libera odwiedzi Racib\u00f3rz Leszek Libera &#8211; pochodz\u0105cy z Raciborza autor powie\u015bci \u201eUtopek\u201d i \u201eBuks Molenda\u201d \u2013 jednych z\u00a0najwi\u0119kszych tegorocznych sensacji wydawniczych w\u00a0Polsce spotka si\u0119 ze swoimi czytelnikami 20 listopada w Miejskiej i Powiatowej Bibliotece Publicznej w Raciborzu. Moderatorem spotkania b\u0119dzie dr Janusz Nowak.<\/p>\n","protected":false},"author":3,"featured_media":0,"comment_status":"closed","ping_status":"closed","sticky":false,"template":"","format":"standard","meta":{"_acf_changed":false,"_exactmetrics_skip_tracking":false,"_exactmetrics_sitenote_active":false,"_exactmetrics_sitenote_note":"","_exactmetrics_sitenote_category":0,"footnotes":""},"categories":[6],"tags":[1948,48,11],"class_list":["post-18347","post","type-post","status-publish","format-standard","hentry","category-aktualnosci","tag-leszek-libera","tag-miejska-i-powiatowa-biblioteka-publiczna-w-raciborzu","tag-spotkanie-autorskie"],"acf":[],"jetpack_featured_media_url":"","_links":{"self":[{"href":"https:\/\/slaskipegaz.bs.katowice.pl\/index.php?rest_route=\/wp\/v2\/posts\/18347","targetHints":{"allow":["GET"]}}],"collection":[{"href":"https:\/\/slaskipegaz.bs.katowice.pl\/index.php?rest_route=\/wp\/v2\/posts"}],"about":[{"href":"https:\/\/slaskipegaz.bs.katowice.pl\/index.php?rest_route=\/wp\/v2\/types\/post"}],"author":[{"embeddable":true,"href":"https:\/\/slaskipegaz.bs.katowice.pl\/index.php?rest_route=\/wp\/v2\/users\/3"}],"replies":[{"embeddable":true,"href":"https:\/\/slaskipegaz.bs.katowice.pl\/index.php?rest_route=%2Fwp%2Fv2%2Fcomments&post=18347"}],"version-history":[{"count":1,"href":"https:\/\/slaskipegaz.bs.katowice.pl\/index.php?rest_route=\/wp\/v2\/posts\/18347\/revisions"}],"predecessor-version":[{"id":18349,"href":"https:\/\/slaskipegaz.bs.katowice.pl\/index.php?rest_route=\/wp\/v2\/posts\/18347\/revisions\/18349"}],"wp:attachment":[{"href":"https:\/\/slaskipegaz.bs.katowice.pl\/index.php?rest_route=%2Fwp%2Fv2%2Fmedia&parent=18347"}],"wp:term":[{"taxonomy":"category","embeddable":true,"href":"https:\/\/slaskipegaz.bs.katowice.pl\/index.php?rest_route=%2Fwp%2Fv2%2Fcategories&post=18347"},{"taxonomy":"post_tag","embeddable":true,"href":"https:\/\/slaskipegaz.bs.katowice.pl\/index.php?rest_route=%2Fwp%2Fv2%2Ftags&post=18347"}],"curies":[{"name":"wp","href":"https:\/\/api.w.org\/{rel}","templated":true}]}}