{"id":18583,"date":"2020-01-03T09:35:41","date_gmt":"2020-01-03T08:35:41","guid":{"rendered":"http:\/\/slaskipegaz.bs.katowice.pl\/?p=18583"},"modified":"2020-01-03T09:35:41","modified_gmt":"2020-01-03T08:35:41","slug":"relacja-miejska-biblioteka-publiczna-w-wisle-54","status":"publish","type":"post","link":"https:\/\/slaskipegaz.bs.katowice.pl\/?p=18583","title":{"rendered":"[Relacja] MIEJSKA BIBLIOTEKA PUBLICZNA W WI\u015aLE"},"content":{"rendered":"<h6 style=\"text-align: center;\">Promocja 11 tomu \u201eRocznika Wi\u015bla\u0144skiego\u201d<\/h6>\n<p><a href=\"https:\/\/slaskipegaz.bs.katowice.pl\/wp-content\/uploads\/2020\/01\/rocznik_wislanski_2019_001.jpg\"><img loading=\"lazy\" decoding=\"async\" class=\"size-medium wp-image-18584 alignleft\" src=\"https:\/\/slaskipegaz.bs.katowice.pl\/wp-content\/uploads\/2020\/01\/rocznik_wislanski_2019_001-300x200.jpg\" alt=\"spotkanie\" width=\"300\" height=\"200\" srcset=\"https:\/\/slaskipegaz.bs.katowice.pl\/wp-content\/uploads\/2020\/01\/rocznik_wislanski_2019_001-300x200.jpg 300w, https:\/\/slaskipegaz.bs.katowice.pl\/wp-content\/uploads\/2020\/01\/rocznik_wislanski_2019_001-768x512.jpg 768w, https:\/\/slaskipegaz.bs.katowice.pl\/wp-content\/uploads\/2020\/01\/rocznik_wislanski_2019_001.jpg 1024w\" sizes=\"auto, (max-width: 300px) 100vw, 300px\" \/><\/a>W sali Domu Zborowego w Wi\u015ble 29 listopada odby\u0142a si\u0119 promocja 11 tomu \u201eRocznika Wi\u015bla\u0144skiego\u201d. Czasopismo dotyczy dziej\u00f3w miasta i \u015al\u0105ska Cieszy\u0144skiego, a ukazuje si\u0119 od 2009 roku. Wydawc\u0105 jest Parafia Ewangelicko-Augsburska w Wi\u015ble i Wydawnictwo Luteranin.<!--more--><\/p>\n<p>Spotkanie rozpocz\u0105\u0142 ks. radca Waldemar Szajthauer, kt\u00f3ry powita\u0142 zebranych. Nast\u0119pnie g\u0142os zabra\u0142y redaktorki \u201eRocznika\u201d: Danuta Szczypka, kt\u00f3ra opowiedzia\u0142a o znaczeniu \u017ar\u00f3de\u0142 historycznych, tak\u017ce tych z domowych archiw\u00f3w mieszka\u0144c\u00f3w i dyrektor Miejskiej Biblioteki Publicznej Renata Czy\u017c, kt\u00f3ra przedstawi\u0142a zawarto\u015b\u0107 tegorocznej publikacji.<\/p>\n<p><a href=\"https:\/\/slaskipegaz.bs.katowice.pl\/wp-content\/uploads\/2020\/01\/rocznik_wislanski_2019_002.jpg\"><img loading=\"lazy\" decoding=\"async\" class=\"aligncenter size-medium wp-image-18585\" src=\"https:\/\/slaskipegaz.bs.katowice.pl\/wp-content\/uploads\/2020\/01\/rocznik_wislanski_2019_002-300x200.jpg\" alt=\"spotkanie\" width=\"300\" height=\"200\" srcset=\"https:\/\/slaskipegaz.bs.katowice.pl\/wp-content\/uploads\/2020\/01\/rocznik_wislanski_2019_002-300x200.jpg 300w, https:\/\/slaskipegaz.bs.katowice.pl\/wp-content\/uploads\/2020\/01\/rocznik_wislanski_2019_002-768x512.jpg 768w, https:\/\/slaskipegaz.bs.katowice.pl\/wp-content\/uploads\/2020\/01\/rocznik_wislanski_2019_002.jpg 1024w\" sizes=\"auto, (max-width: 300px) 100vw, 300px\" \/><\/a><a href=\"https:\/\/slaskipegaz.bs.katowice.pl\/wp-content\/uploads\/2020\/01\/rocznik_wislanski_2019_004.jpg\"><img loading=\"lazy\" decoding=\"async\" class=\"aligncenter size-medium wp-image-18586\" src=\"https:\/\/slaskipegaz.bs.katowice.pl\/wp-content\/uploads\/2020\/01\/rocznik_wislanski_2019_004-300x200.jpg\" alt=\"spotkanie\" width=\"300\" height=\"200\" srcset=\"https:\/\/slaskipegaz.bs.katowice.pl\/wp-content\/uploads\/2020\/01\/rocznik_wislanski_2019_004-300x200.jpg 300w, https:\/\/slaskipegaz.bs.katowice.pl\/wp-content\/uploads\/2020\/01\/rocznik_wislanski_2019_004-768x512.jpg 768w, https:\/\/slaskipegaz.bs.katowice.pl\/wp-content\/uploads\/2020\/01\/rocznik_wislanski_2019_004.jpg 1024w\" sizes=\"auto, (max-width: 300px) 100vw, 300px\" \/><\/a><\/p>\n<p>Tom 11 sk\u0142ada si\u0119 z czterech artyku\u0142\u00f3w, trzech szkic\u00f3w biograficznych, trzech materia\u0142\u00f3w \u017ar\u00f3d\u0142owych i czterech not wydawniczych. Spo\u015br\u00f3d autor\u00f3w artyku\u0142\u00f3w g\u0142os zabra\u0142 dr Jerzy Polak z Bielska-Bia\u0142ej, kt\u00f3ry odnalaz\u0142 nieznany dot\u0105d dokument z 1914 roku, dotycz\u0105cy pr\u00f3by legalnego wyjazdu z Wis\u0142y ks. Juliusza Bursche po wybuchu pierwszej wojny \u015bwiatowej.<\/p>\n<p><a href=\"https:\/\/slaskipegaz.bs.katowice.pl\/wp-content\/uploads\/2020\/01\/rocznik_wislanski_2019_003.jpg\"><img loading=\"lazy\" decoding=\"async\" class=\"aligncenter size-medium wp-image-18587\" src=\"https:\/\/slaskipegaz.bs.katowice.pl\/wp-content\/uploads\/2020\/01\/rocznik_wislanski_2019_003-300x200.jpg\" alt=\"spotkanie\" width=\"300\" height=\"200\" srcset=\"https:\/\/slaskipegaz.bs.katowice.pl\/wp-content\/uploads\/2020\/01\/rocznik_wislanski_2019_003-300x200.jpg 300w, https:\/\/slaskipegaz.bs.katowice.pl\/wp-content\/uploads\/2020\/01\/rocznik_wislanski_2019_003-768x512.jpg 768w, https:\/\/slaskipegaz.bs.katowice.pl\/wp-content\/uploads\/2020\/01\/rocznik_wislanski_2019_003.jpg 1024w\" sizes=\"auto, (max-width: 300px) 100vw, 300px\" \/><\/a><\/p>\n<p>Na \u0142amach \u201eRocznika\u201d, opr\u00f3cz wymienionych wy\u017cej, publikuj\u0105 tak\u017ce prof. Izabela Trzci\u0144ska z Krakowa i dr Micha\u0142 Kawulok oraz autorzy recenzji i not wydawniczych dr Aneta Sok\u00f3\u0142 z Katowic i W\u0142adys\u0142aw Sosna z Cieszyna. Publikacj\u0119 mo\u017cna naby\u0107 w ksi\u0119garni parafialnej. Redakcja \u017cyczy interesuj\u0105cej lektury!<\/p>\n<p>Nades\u0142a\u0142a: Miejska Biblioteka Publiczna w Wi\u015ble<\/p>\n","protected":false},"excerpt":{"rendered":"<p>Promocja 11 tomu \u201eRocznika Wi\u015bla\u0144skiego\u201d W sali Domu Zborowego w Wi\u015ble 29 listopada odby\u0142a si\u0119 promocja 11 tomu \u201eRocznika Wi\u015bla\u0144skiego\u201d. Czasopismo dotyczy dziej\u00f3w miasta i \u015al\u0105ska Cieszy\u0144skiego, a ukazuje si\u0119 od 2009 roku. Wydawc\u0105 jest Parafia Ewangelicko-Augsburska w Wi\u015ble i Wydawnictwo Luteranin.<\/p>\n","protected":false},"author":3,"featured_media":0,"comment_status":"closed","ping_status":"closed","sticky":false,"template":"","format":"standard","meta":{"_acf_changed":false,"_exactmetrics_skip_tracking":false,"_exactmetrics_sitenote_active":false,"_exactmetrics_sitenote_note":"","_exactmetrics_sitenote_category":0,"footnotes":""},"categories":[1962],"tags":[35,57,742],"class_list":["post-18583","post","type-post","status-publish","format-standard","hentry","category-nr-63-grudzien-2019","tag-miejska-biblioteka-publiczna-w-wisle","tag-promocja-ksiazki","tag-rocznik-wislanski"],"acf":[],"jetpack_featured_media_url":"","_links":{"self":[{"href":"https:\/\/slaskipegaz.bs.katowice.pl\/index.php?rest_route=\/wp\/v2\/posts\/18583","targetHints":{"allow":["GET"]}}],"collection":[{"href":"https:\/\/slaskipegaz.bs.katowice.pl\/index.php?rest_route=\/wp\/v2\/posts"}],"about":[{"href":"https:\/\/slaskipegaz.bs.katowice.pl\/index.php?rest_route=\/wp\/v2\/types\/post"}],"author":[{"embeddable":true,"href":"https:\/\/slaskipegaz.bs.katowice.pl\/index.php?rest_route=\/wp\/v2\/users\/3"}],"replies":[{"embeddable":true,"href":"https:\/\/slaskipegaz.bs.katowice.pl\/index.php?rest_route=%2Fwp%2Fv2%2Fcomments&post=18583"}],"version-history":[{"count":1,"href":"https:\/\/slaskipegaz.bs.katowice.pl\/index.php?rest_route=\/wp\/v2\/posts\/18583\/revisions"}],"predecessor-version":[{"id":18588,"href":"https:\/\/slaskipegaz.bs.katowice.pl\/index.php?rest_route=\/wp\/v2\/posts\/18583\/revisions\/18588"}],"wp:attachment":[{"href":"https:\/\/slaskipegaz.bs.katowice.pl\/index.php?rest_route=%2Fwp%2Fv2%2Fmedia&parent=18583"}],"wp:term":[{"taxonomy":"category","embeddable":true,"href":"https:\/\/slaskipegaz.bs.katowice.pl\/index.php?rest_route=%2Fwp%2Fv2%2Fcategories&post=18583"},{"taxonomy":"post_tag","embeddable":true,"href":"https:\/\/slaskipegaz.bs.katowice.pl\/index.php?rest_route=%2Fwp%2Fv2%2Ftags&post=18583"}],"curies":[{"name":"wp","href":"https:\/\/api.w.org\/{rel}","templated":true}]}}