{"id":18631,"date":"2020-01-03T11:42:21","date_gmt":"2020-01-03T10:42:21","guid":{"rendered":"http:\/\/slaskipegaz.bs.katowice.pl\/?p=18631"},"modified":"2020-01-03T11:42:21","modified_gmt":"2020-01-03T10:42:21","slug":"relacja-miejsko-gminna-biblioteka-publiczna-w-siewierzu-114","status":"publish","type":"post","link":"https:\/\/slaskipegaz.bs.katowice.pl\/?p=18631","title":{"rendered":"[Relacja] MIEJSKO-GMINNA BIBLIOTEKA PUBLICZNA W SIEWIERZU"},"content":{"rendered":"<h6 style=\"text-align: center;\"><strong>GDZIE \u015aWI\u0118TY MIKO\u0141AJ ZAMAWIA PREZENTY? CZYLI MIKO\u0141AJKOWE PASOWANIA NA CZYTELNIKA W BIBLIOTECE<\/strong><\/h6>\n<p><a href=\"https:\/\/slaskipegaz.bs.katowice.pl\/wp-content\/uploads\/2020\/01\/Pierwszoklasi\u015bci-ze-Szko\u0142y-Podstawowej-Nr-2-w-Siewierzu-sk\u0142adaj\u0105-przysi\u0119g\u0119..jpg\"><img loading=\"lazy\" decoding=\"async\" class=\"size-medium wp-image-18632 alignleft\" src=\"https:\/\/slaskipegaz.bs.katowice.pl\/wp-content\/uploads\/2020\/01\/Pierwszoklasi\u015bci-ze-Szko\u0142y-Podstawowej-Nr-2-w-Siewierzu-sk\u0142adaj\u0105-przysi\u0119g\u0119.-300x225.jpg\" alt=\"przysi\u0119ga\" width=\"300\" height=\"225\" srcset=\"https:\/\/slaskipegaz.bs.katowice.pl\/wp-content\/uploads\/2020\/01\/Pierwszoklasi\u015bci-ze-Szko\u0142y-Podstawowej-Nr-2-w-Siewierzu-sk\u0142adaj\u0105-przysi\u0119g\u0119.-300x225.jpg 300w, https:\/\/slaskipegaz.bs.katowice.pl\/wp-content\/uploads\/2020\/01\/Pierwszoklasi\u015bci-ze-Szko\u0142y-Podstawowej-Nr-2-w-Siewierzu-sk\u0142adaj\u0105-przysi\u0119g\u0119.-768x576.jpg 768w, https:\/\/slaskipegaz.bs.katowice.pl\/wp-content\/uploads\/2020\/01\/Pierwszoklasi\u015bci-ze-Szko\u0142y-Podstawowej-Nr-2-w-Siewierzu-sk\u0142adaj\u0105-przysi\u0119g\u0119.-1024x768.jpg 1024w\" sizes=\"auto, (max-width: 300px) 100vw, 300px\" \/><\/a>Worek pe\u0142en prezent\u00f3w w postaci pi\u0119knych ksi\u0105\u017cek &#8211; czeka\u0142 na uczni\u00f3w klas pierwszych, kt\u00f3rzy 5 i 9 grudnia 2019 roku przybyli w odwiedziny do Miejsko-Gminnej Biblioteki Publicznej im. Leona Korusiewicza w Siewierzu na uroczyste Pasowanie na Czytelnika Biblioteki.<!--more--><\/p>\n<p>Tradycj\u0105 biblioteki jest organizowanie co roku uroczysto\u015bci, podczas kt\u00f3rej pierwszoklasi\u015bci ze Szko\u0142y Podstawowej im. Ksi\u0119stwa Siewierskiego i Szko\u0142y Podstawowej Nr 2 w Siewierzu zostaj\u0105 uroczy\u015bcie przyj\u0119ci w poczet czytelnik\u00f3w biblioteki.<\/p>\n<p>Tegorocznym go\u015bciem pasowania by\u0142 Wojciech Wac\u0142awek \u2013 dziennikarz od lat bez ma\u0142a 35. swoj\u0105 drog\u0119 dziennikarsk\u0105 zaczyna\u0142 w prasie studenckiej. Od 1986 roku na sta\u0142e wsp\u00f3\u0142pracowa\u0142 z tygodnikiem konsumenckim \u201eVeto\u201d, a p\u00f3\u017aniej z popo\u0142udni\u00f3wk\u0105 \u201eEkspress Wieczorny\u201d. Na pocz\u0105tku lat 90 prowadzi\u0142 siewiersk\u0105 samorz\u0105dow\u0105 \u201eGazet\u0119\u201d (poprzedniczk\u0119 obecnego \u201eKuriera Siewierskiego\u201d), pracuj\u0105c jednocze\u015bnie w miesi\u0119czniku \u201eSejmik Samorz\u0105dowy\u201d, a nast\u0119pnie \u2013 przez lat 10 \u2013 w \u201eDzienniku Zachodnim\u201d. Od 2004 roku zwi\u0105zany z pras\u0105 zwi\u0105zkow\u0105 (\u201eNiezale\u017cny Zwi\u0105zkowiec\u201d, \u201eMoplik\u201d, \u201eTygodnik \u015al\u0105sko-D\u0105browski\u201d), kt\u00f3ra od paru lat ma cz\u0119sto r\u00f3wnie\u017c form\u0119 stron internetowych.<\/p>\n<p>Podczas spotka\u0144 w bibliotece dzieci zamieni\u0142y si\u0119 w kolegium redakcyjne i wsp\u00f3lnie z Wojciechem Wac\u0142awkiem tworzy\u0142y jedyne i niepowtarzalne\u00a0 gazetki, kt\u00f3rych tematem przewodnim\u00a0 by\u0142 oczywi\u015bcie \u015awi\u0119ty Miko\u0142aj. Gazetka sk\u0142ada\u0142a si\u0119 z nast\u0119puj\u0105cych element\u00f3w: Strona tytu\u0142owa; Wywiad ze \u015aw. Miko\u0142ajem; List do \u015aw. Miko\u0142aja; Og\u0142oszenia; Krzy\u017c\u00f3wka.<\/p>\n<p><a href=\"https:\/\/slaskipegaz.bs.katowice.pl\/wp-content\/uploads\/2020\/01\/Uczniowie-klas-pierwszych-ze-Szko\u0142y-Podstawowej-w-Siewierzu-sk\u0142adaj\u0105-przysi\u0119g\u0119..jpg\"><img loading=\"lazy\" decoding=\"async\" class=\"aligncenter size-medium wp-image-18633\" src=\"https:\/\/slaskipegaz.bs.katowice.pl\/wp-content\/uploads\/2020\/01\/Uczniowie-klas-pierwszych-ze-Szko\u0142y-Podstawowej-w-Siewierzu-sk\u0142adaj\u0105-przysi\u0119g\u0119.-300x225.jpg\" alt=\"spotkanie\" width=\"300\" height=\"225\" srcset=\"https:\/\/slaskipegaz.bs.katowice.pl\/wp-content\/uploads\/2020\/01\/Uczniowie-klas-pierwszych-ze-Szko\u0142y-Podstawowej-w-Siewierzu-sk\u0142adaj\u0105-przysi\u0119g\u0119.-300x225.jpg 300w, https:\/\/slaskipegaz.bs.katowice.pl\/wp-content\/uploads\/2020\/01\/Uczniowie-klas-pierwszych-ze-Szko\u0142y-Podstawowej-w-Siewierzu-sk\u0142adaj\u0105-przysi\u0119g\u0119.-768x576.jpg 768w, https:\/\/slaskipegaz.bs.katowice.pl\/wp-content\/uploads\/2020\/01\/Uczniowie-klas-pierwszych-ze-Szko\u0142y-Podstawowej-w-Siewierzu-sk\u0142adaj\u0105-przysi\u0119g\u0119.-1024x768.jpg 1024w\" sizes=\"auto, (max-width: 300px) 100vw, 300px\" \/><\/a><\/p>\n<p>Powsta\u0142y czasopisma o intryguj\u0105cych nazwach jak \u201e\u015anie\u017cna Gwiazda\u201d, \u201eMiko\u0142ajki\u201d i \u201e\u015awi\u0105teczna Czapka\u201d.\u00a0 Wymy\u015blaj\u0105c wywiad ze \u015awi\u0119tym Miko\u0142ajem, kt\u00f3ry te\u017c nale\u017ca\u0142o zatytu\u0142owa\u0107 (np. \u201eCzy b\u0119d\u0105 prezenty?\u201d) dzieci proponowa\u0142y \u00a0wiele\u00a0 czasem zaskakuj\u0105cych pyta\u0144: np. Gdzie \u015awi\u0119ty Miko\u0142aj zamawia prezenty? Czy \u015awi\u0119ty Miko\u0142aj utkn\u0105\u0142 kiedy\u015b w kominie? Sk\u0105d wie, gdzie mieszkamy? Jak d\u0142ug\u0105 ma brod\u0119? Czy \u015awi\u0119temu Miko\u0142ajowi uciek\u0142y kiedy\u015b renifery? Ile wa\u017cy pe\u0142en worek z prezentami? Po wywiadzie przysz\u0142a pora na wymy\u015blenie\u00a0 ciekawych og\u0142osze\u0144.\u00a0\u00a0 W gazetkach znalaz\u0142y si\u0119 nast\u0119puj\u0105ce og\u0142oszenia: Zagin\u0105\u0142 worek z prezentami; \u015awi\u0119ty Miko\u0142aj zachorowa\u0142 i szuka zast\u0119pcy; \u015awi\u0119temu Miko\u0142ajowi zagin\u0105\u0142 but; \u015awi\u0119temu Miko\u0142ajowi zepsu\u0142y si\u0119 sanie. Dzieci wymy\u015bla\u0142y r\u00f3wnie\u017c historyjk\u0119 obrazkow\u0105 \u201eCo zrobi\u0107 by dosta\u0107 prezent?\u201d, wymy\u015bla\u0142y \u201eList do \u015awi\u0119tego Miko\u0142aja\u201d i rozwi\u0105zywa\u0142y Miko\u0142ajkow\u0105 Krzy\u017c\u00f3wk\u0119.<\/p>\n<p>Gdy powsta\u0142y jedyne i niepowtarzalne miko\u0142ajkowe gazetki, przysz\u0142a pora na kolejn\u0105 cz\u0119\u015b\u0107 spotka\u0144 &#8211; Pasowanie na Czytelnika. Dzieci wys\u0142ucha\u0142y informacji o zasadach korzystania z biblioteki i poszanowania ksi\u0105\u017cek. Nast\u0119pnie zostali uroczy\u015bcie pasowani na Czytelnika przez go\u015bcia spotka\u0144 Wojciecha Wac\u0142awka. Z r\u0105k Dyrektora MGBP w Siewierzu Pauliny Peterek otrzymali pami\u0105tkowe dyplomy i zak\u0142adki.\u00a0 A z magicznego, miko\u0142ajkowego worka mogli wylosowa\u0107 dla siebie prezent w postaci ksi\u0105\u017ceczki.<\/p>\n<p>Mamy nadziej\u0119, \u017ce spotkanie w bibliotece po\u0142\u0105czone z pasowaniem na czytelnika i wsp\u00f3lnym tworzeniem gazetki na d\u0142ugo zapadnie w pami\u0119ci dzieci. Wizyta za\u015b w bibliotece stanie si\u0119 pocz\u0105tkiem ich wielkiej, czytelniczej przygody.<\/p>\n<p>Nades\u0142a\u0142a: Jolanta Jakubczyk, Miejsko-Gminna Biblioteka Publiczna w Siewierzu<\/p>\n","protected":false},"excerpt":{"rendered":"<p>GDZIE \u015aWI\u0118TY MIKO\u0141AJ ZAMAWIA PREZENTY? CZYLI MIKO\u0141AJKOWE PASOWANIA NA CZYTELNIKA W BIBLIOTECE Worek pe\u0142en prezent\u00f3w w postaci pi\u0119knych ksi\u0105\u017cek &#8211; czeka\u0142 na uczni\u00f3w klas pierwszych, kt\u00f3rzy 5 i 9 grudnia 2019 roku przybyli w odwiedziny do Miejsko-Gminnej Biblioteki Publicznej im. Leona Korusiewicza w Siewierzu na uroczyste Pasowanie na Czytelnika Biblioteki.<\/p>\n","protected":false},"author":3,"featured_media":0,"comment_status":"closed","ping_status":"closed","sticky":false,"template":"","format":"standard","meta":{"_acf_changed":false,"_exactmetrics_skip_tracking":false,"_exactmetrics_sitenote_active":false,"_exactmetrics_sitenote_note":"","_exactmetrics_sitenote_category":0,"footnotes":""},"categories":[1962],"tags":[67,73],"class_list":["post-18631","post","type-post","status-publish","format-standard","hentry","category-nr-63-grudzien-2019","tag-miejsko-gminna-biblioteka-publiczna-w-siewierzu","tag-pasowanie-na-czytelnika"],"acf":[],"jetpack_featured_media_url":"","_links":{"self":[{"href":"https:\/\/slaskipegaz.bs.katowice.pl\/index.php?rest_route=\/wp\/v2\/posts\/18631","targetHints":{"allow":["GET"]}}],"collection":[{"href":"https:\/\/slaskipegaz.bs.katowice.pl\/index.php?rest_route=\/wp\/v2\/posts"}],"about":[{"href":"https:\/\/slaskipegaz.bs.katowice.pl\/index.php?rest_route=\/wp\/v2\/types\/post"}],"author":[{"embeddable":true,"href":"https:\/\/slaskipegaz.bs.katowice.pl\/index.php?rest_route=\/wp\/v2\/users\/3"}],"replies":[{"embeddable":true,"href":"https:\/\/slaskipegaz.bs.katowice.pl\/index.php?rest_route=%2Fwp%2Fv2%2Fcomments&post=18631"}],"version-history":[{"count":1,"href":"https:\/\/slaskipegaz.bs.katowice.pl\/index.php?rest_route=\/wp\/v2\/posts\/18631\/revisions"}],"predecessor-version":[{"id":18634,"href":"https:\/\/slaskipegaz.bs.katowice.pl\/index.php?rest_route=\/wp\/v2\/posts\/18631\/revisions\/18634"}],"wp:attachment":[{"href":"https:\/\/slaskipegaz.bs.katowice.pl\/index.php?rest_route=%2Fwp%2Fv2%2Fmedia&parent=18631"}],"wp:term":[{"taxonomy":"category","embeddable":true,"href":"https:\/\/slaskipegaz.bs.katowice.pl\/index.php?rest_route=%2Fwp%2Fv2%2Fcategories&post=18631"},{"taxonomy":"post_tag","embeddable":true,"href":"https:\/\/slaskipegaz.bs.katowice.pl\/index.php?rest_route=%2Fwp%2Fv2%2Ftags&post=18631"}],"curies":[{"name":"wp","href":"https:\/\/api.w.org\/{rel}","templated":true}]}}