{"id":18941,"date":"2020-02-10T09:00:07","date_gmt":"2020-02-10T08:00:07","guid":{"rendered":"http:\/\/slaskipegaz.bs.katowice.pl\/?p=18941"},"modified":"2020-02-10T09:00:07","modified_gmt":"2020-02-10T08:00:07","slug":"relacja-miejska-i-powiatowa-biblioteka-publiczna-w-zawierciu-filia-nr-10-3","status":"publish","type":"post","link":"https:\/\/slaskipegaz.bs.katowice.pl\/?p=18941","title":{"rendered":"[Relacja] MIEJSKA I POWIATOWA BIBLIOTEKA PUBLICZNA W ZAWIERCIU. FILIA NR 10"},"content":{"rendered":"<h6 style=\"text-align: center;\">\nZaj\u0119cia z przedszkolakami w Filii nr 10<\/h6>\n<p><a href=\"https:\/\/slaskipegaz.bs.katowice.pl\/wp-content\/uploads\/2020\/02\/IMG_5009.jpg\"><img loading=\"lazy\" decoding=\"async\" class=\"size-medium wp-image-18942 alignleft\" src=\"https:\/\/slaskipegaz.bs.katowice.pl\/wp-content\/uploads\/2020\/02\/IMG_5009-225x300.jpg\" alt=\"SPOTKANIE\" width=\"225\" height=\"300\" srcset=\"https:\/\/slaskipegaz.bs.katowice.pl\/wp-content\/uploads\/2020\/02\/IMG_5009-225x300.jpg 225w, https:\/\/slaskipegaz.bs.katowice.pl\/wp-content\/uploads\/2020\/02\/IMG_5009.jpg 480w\" sizes=\"auto, (max-width: 225px) 100vw, 225px\" \/><\/a>27 stycznia 2020 roku Fili\u0119 nr 10, odwiedzi\u0142a grupa sympatycznych przedszkolak\u00f3w z Przedszkola nr 2 w Zawierciu. Tematem przewodnim naszego spotkania by\u0142a ba\u015b\u0144 Hansa Christiana Andersena \u2013 Brzydkie kacz\u0105tko. <!--more-->Podczas zaj\u0119\u0107 dzieci mia\u0142y mo\u017cliwo\u015b\u0107 zapoznania si\u0119 z r\u00f3\u017cnymi wydaniami ba\u015bni. Papierowy teatrzyk obrazkowy Kamishibai przybli\u017cy\u0142 dzieciom losy kacz\u0105tka. Wys\u0142uchana historia zach\u0119ci\u0142a wszystkich do wykonania na \u015bcianie du\u017cej ilustracji. Na koniec dzieci otrzyma\u0142y zak\u0142adki do ksi\u0105\u017cek. To by\u0142 bardzo mi\u0142o sp\u0119dzony czas. Historia kacz\u0105tka ci\u0105gle wzrusza i sk\u0142ania do refleksji nad indywidualno\u015bci\u0105 ka\u017cdego z nas.<\/p>\n<p><a href=\"https:\/\/slaskipegaz.bs.katowice.pl\/wp-content\/uploads\/2020\/02\/IMG_5005.jpg\"><img loading=\"lazy\" decoding=\"async\" class=\"aligncenter size-medium wp-image-18943\" src=\"https:\/\/slaskipegaz.bs.katowice.pl\/wp-content\/uploads\/2020\/02\/IMG_5005-225x300.jpg\" alt=\"tablica\" width=\"225\" height=\"300\" srcset=\"https:\/\/slaskipegaz.bs.katowice.pl\/wp-content\/uploads\/2020\/02\/IMG_5005-225x300.jpg 225w, https:\/\/slaskipegaz.bs.katowice.pl\/wp-content\/uploads\/2020\/02\/IMG_5005.jpg 480w\" sizes=\"auto, (max-width: 225px) 100vw, 225px\" \/><\/a><\/p>\n<p><a href=\"https:\/\/slaskipegaz.bs.katowice.pl\/wp-content\/uploads\/2020\/02\/IMG_5001-e1581321547530.jpg\"><img loading=\"lazy\" decoding=\"async\" class=\"aligncenter size-medium wp-image-18944\" src=\"https:\/\/slaskipegaz.bs.katowice.pl\/wp-content\/uploads\/2020\/02\/IMG_5001-e1581321547530-225x300.jpg\" alt=\"tablica\" width=\"225\" height=\"300\" srcset=\"https:\/\/slaskipegaz.bs.katowice.pl\/wp-content\/uploads\/2020\/02\/IMG_5001-e1581321547530-225x300.jpg 225w, https:\/\/slaskipegaz.bs.katowice.pl\/wp-content\/uploads\/2020\/02\/IMG_5001-e1581321547530.jpg 480w\" sizes=\"auto, (max-width: 225px) 100vw, 225px\" \/><\/a>Nades\u0142a\u0142a: Miejska i Powiatowa Biblioteka Publiczna w Zawierciu<\/p>\n","protected":false},"excerpt":{"rendered":"<p>Zaj\u0119cia z przedszkolakami w Filii nr 10 27 stycznia 2020 roku Fili\u0119 nr 10, odwiedzi\u0142a grupa sympatycznych przedszkolak\u00f3w z Przedszkola nr 2 w Zawierciu. Tematem przewodnim naszego spotkania by\u0142a ba\u015b\u0144 Hansa Christiana Andersena \u2013 Brzydkie kacz\u0105tko.<\/p>\n","protected":false},"author":3,"featured_media":0,"comment_status":"closed","ping_status":"closed","sticky":false,"template":"","format":"standard","meta":{"_acf_changed":false,"_exactmetrics_skip_tracking":false,"_exactmetrics_sitenote_active":false,"_exactmetrics_sitenote_note":"","_exactmetrics_sitenote_category":0,"footnotes":""},"categories":[1995],"tags":[184,110],"class_list":["post-18941","post","type-post","status-publish","format-standard","hentry","category-nr-64-styczen-2020","tag-ferie-z-biblioteka","tag-miejska-i-powiatowa-biblioteka-publiczna-w-zawierciu"],"acf":[],"jetpack_featured_media_url":"","_links":{"self":[{"href":"https:\/\/slaskipegaz.bs.katowice.pl\/index.php?rest_route=\/wp\/v2\/posts\/18941","targetHints":{"allow":["GET"]}}],"collection":[{"href":"https:\/\/slaskipegaz.bs.katowice.pl\/index.php?rest_route=\/wp\/v2\/posts"}],"about":[{"href":"https:\/\/slaskipegaz.bs.katowice.pl\/index.php?rest_route=\/wp\/v2\/types\/post"}],"author":[{"embeddable":true,"href":"https:\/\/slaskipegaz.bs.katowice.pl\/index.php?rest_route=\/wp\/v2\/users\/3"}],"replies":[{"embeddable":true,"href":"https:\/\/slaskipegaz.bs.katowice.pl\/index.php?rest_route=%2Fwp%2Fv2%2Fcomments&post=18941"}],"version-history":[{"count":1,"href":"https:\/\/slaskipegaz.bs.katowice.pl\/index.php?rest_route=\/wp\/v2\/posts\/18941\/revisions"}],"predecessor-version":[{"id":18945,"href":"https:\/\/slaskipegaz.bs.katowice.pl\/index.php?rest_route=\/wp\/v2\/posts\/18941\/revisions\/18945"}],"wp:attachment":[{"href":"https:\/\/slaskipegaz.bs.katowice.pl\/index.php?rest_route=%2Fwp%2Fv2%2Fmedia&parent=18941"}],"wp:term":[{"taxonomy":"category","embeddable":true,"href":"https:\/\/slaskipegaz.bs.katowice.pl\/index.php?rest_route=%2Fwp%2Fv2%2Fcategories&post=18941"},{"taxonomy":"post_tag","embeddable":true,"href":"https:\/\/slaskipegaz.bs.katowice.pl\/index.php?rest_route=%2Fwp%2Fv2%2Ftags&post=18941"}],"curies":[{"name":"wp","href":"https:\/\/api.w.org\/{rel}","templated":true}]}}