{"id":19011,"date":"2020-02-18T08:17:36","date_gmt":"2020-02-18T07:17:36","guid":{"rendered":"http:\/\/slaskipegaz.bs.katowice.pl\/?p=19011"},"modified":"2020-02-18T08:17:36","modified_gmt":"2020-02-18T07:17:36","slug":"zapowiedz-miejska-i-powiatowa-biblioteka-publiczna-w-bedzinie-4","status":"publish","type":"post","link":"https:\/\/slaskipegaz.bs.katowice.pl\/?p=19011","title":{"rendered":"[Zapowied\u017a] MIEJSKA I POWIATOWA BIBLIOTEKA PUBLICZNA W B\u0118DZINIE"},"content":{"rendered":"<p><a href=\"https:\/\/slaskipegaz.bs.katowice.pl\/wp-content\/uploads\/2020\/02\/plakat3.jpg\"><img loading=\"lazy\" decoding=\"async\" class=\"size-medium wp-image-19012 alignleft\" src=\"https:\/\/slaskipegaz.bs.katowice.pl\/wp-content\/uploads\/2020\/02\/plakat3-217x300.jpg\" alt=\"PLAKAT\" width=\"217\" height=\"300\" srcset=\"https:\/\/slaskipegaz.bs.katowice.pl\/wp-content\/uploads\/2020\/02\/plakat3-217x300.jpg 217w, https:\/\/slaskipegaz.bs.katowice.pl\/wp-content\/uploads\/2020\/02\/plakat3-768x1061.jpg 768w, https:\/\/slaskipegaz.bs.katowice.pl\/wp-content\/uploads\/2020\/02\/plakat3-741x1024.jpg 741w\" sizes=\"auto, (max-width: 217px) 100vw, 217px\" \/><\/a>Ju\u017c dzi\u015b zapraszamy serdecznie mi\u0142o\u015bnik\u00f3w literatury na spotkanie autorskie z Gra\u017cyn\u0105 Janot\u0105 w b\u0119dzi\u0144skiej ksi\u0105\u017cnicy, kt\u00f3re odb\u0119dzie si\u0119 21 lutego o godz.: 17.00 &#8211; Klub &#8222;Pod Sow\u0105&#8221;.<!--more--><br \/>\nGra\u017cyna Janota, z domu G\u0105sior. Mieszka w Mys\u0142owicach-Krasowach. Ma 47 lat, m\u0119\u017ca i dw\u00f3ch syn\u00f3w. Autorka wydanego przez Mys\u0142owicki O\u015brodek Kultury w 2015 r. tomiku poezji \u201eStany skupienia&#8221;, kt\u00f3ry zaprezentowa\u0142a mieszka\u0144com B\u0119dzina w roku 2017 w b\u0119dzi\u0144skiej ksi\u0105\u017cnicy. Wiersze pisze od 12. roku \u017cycia. Debiutowa\u0142a w 1987 r. w Programie Trzecim Polskiego Radia. Obecnie jej wiersze prezentowane s\u0105 na antenie Radia Katowice. Laureatka kilkudziesi\u0119ciu konkurs\u00f3w poetyckich. Kilkukrotny go\u015b\u0107 \u201eArtystycznych spotka\u0144\u201d red. Macieja Szczawi\u0144skiego w Radiu Katowice. Jej utwory znalaz\u0142y si\u0119 w \u201eAntologii debiut\u00f3w poetyckich\u201d wydanych w Brzegu przez K.I.T. Stowarzyszenie \u017bywych Poet\u00f3w w 2016 r. Publikowa\u0142a m.in. w: \u201e\u015al\u0105sku\u201d, \u201eMigotaniach\u201d, \u201eAkancie\u201d oraz almanachach pokonkursowych. Gra\u017cyna Janota jest laureatk\u0105 II miejsca Og\u00f3lnopolskiego Konkursu Poetyckiego im. Seby\u0142y (2017 r.) organizowanego przez MiPBP w B\u0119dzinie, Instytut Miko\u0142owski oraz Urz\u0105d Miasta w B\u0119dzinie.<br \/>\nSpotkanie nosi tytu\u0142 tak samo jak kolejne wydanie tomiku wierszy poetki, a mianowicie: &#8222;Rozrastanie w Ksi\u0119\u017cyce&#8221;.<br \/>\nPodczas spotkania b\u0119dzie mo\u017cliwo\u015b\u0107 zakupu ksi\u0105\u017cki &#8230; i szansa na autograf autorki!<\/p>\n","protected":false},"excerpt":{"rendered":"<p>Ju\u017c dzi\u015b zapraszamy serdecznie mi\u0142o\u015bnik\u00f3w literatury na spotkanie autorskie z Gra\u017cyn\u0105 Janot\u0105 w b\u0119dzi\u0144skiej ksi\u0105\u017cnicy, kt\u00f3re odb\u0119dzie si\u0119 21 lutego o godz.: 17.00 &#8211; Klub &#8222;Pod Sow\u0105&#8221;.<\/p>\n","protected":false},"author":3,"featured_media":0,"comment_status":"closed","ping_status":"closed","sticky":false,"template":"","format":"standard","meta":{"_acf_changed":false,"_exactmetrics_skip_tracking":false,"_exactmetrics_sitenote_active":false,"_exactmetrics_sitenote_note":"","_exactmetrics_sitenote_category":0,"footnotes":""},"categories":[6],"tags":[1049,72],"class_list":["post-19011","post","type-post","status-publish","format-standard","hentry","category-aktualnosci","tag-grazyna-janota","tag-miejska-i-powiatowa-biblioteka-publiczna-w-bedzinie"],"acf":[],"jetpack_featured_media_url":"","_links":{"self":[{"href":"https:\/\/slaskipegaz.bs.katowice.pl\/index.php?rest_route=\/wp\/v2\/posts\/19011","targetHints":{"allow":["GET"]}}],"collection":[{"href":"https:\/\/slaskipegaz.bs.katowice.pl\/index.php?rest_route=\/wp\/v2\/posts"}],"about":[{"href":"https:\/\/slaskipegaz.bs.katowice.pl\/index.php?rest_route=\/wp\/v2\/types\/post"}],"author":[{"embeddable":true,"href":"https:\/\/slaskipegaz.bs.katowice.pl\/index.php?rest_route=\/wp\/v2\/users\/3"}],"replies":[{"embeddable":true,"href":"https:\/\/slaskipegaz.bs.katowice.pl\/index.php?rest_route=%2Fwp%2Fv2%2Fcomments&post=19011"}],"version-history":[{"count":1,"href":"https:\/\/slaskipegaz.bs.katowice.pl\/index.php?rest_route=\/wp\/v2\/posts\/19011\/revisions"}],"predecessor-version":[{"id":19013,"href":"https:\/\/slaskipegaz.bs.katowice.pl\/index.php?rest_route=\/wp\/v2\/posts\/19011\/revisions\/19013"}],"wp:attachment":[{"href":"https:\/\/slaskipegaz.bs.katowice.pl\/index.php?rest_route=%2Fwp%2Fv2%2Fmedia&parent=19011"}],"wp:term":[{"taxonomy":"category","embeddable":true,"href":"https:\/\/slaskipegaz.bs.katowice.pl\/index.php?rest_route=%2Fwp%2Fv2%2Fcategories&post=19011"},{"taxonomy":"post_tag","embeddable":true,"href":"https:\/\/slaskipegaz.bs.katowice.pl\/index.php?rest_route=%2Fwp%2Fv2%2Ftags&post=19011"}],"curies":[{"name":"wp","href":"https:\/\/api.w.org\/{rel}","templated":true}]}}