{"id":19106,"date":"2020-03-03T14:51:36","date_gmt":"2020-03-03T13:51:36","guid":{"rendered":"http:\/\/slaskipegaz.bs.katowice.pl\/?p=19106"},"modified":"2020-03-03T14:51:36","modified_gmt":"2020-03-03T13:51:36","slug":"relacja-miejsko-gminna-biblioteka-publiczna-w-siewierzu-118","status":"publish","type":"post","link":"https:\/\/slaskipegaz.bs.katowice.pl\/?p=19106","title":{"rendered":"[Relacja] MIEJSKO-GMINNA BIBLIOTEKA PUBLICZNA W SIEWIERZU"},"content":{"rendered":"<h6 style=\"text-align: center;\"><strong>\u015aWIATOWY DZIE\u0143 KOTA W BIBLIOTECE<\/strong><\/h6>\n<p><a href=\"https:\/\/slaskipegaz.bs.katowice.pl\/wp-content\/uploads\/2020\/03\/Drugoklasi\u015bci-\u015bwi\u0119tuj\u0105-Dzie\u0144-Kota-w-bibliotece..jpg\"><img loading=\"lazy\" decoding=\"async\" class=\"size-medium wp-image-19107 alignleft\" src=\"https:\/\/slaskipegaz.bs.katowice.pl\/wp-content\/uploads\/2020\/03\/Drugoklasi\u015bci-\u015bwi\u0119tuj\u0105-Dzie\u0144-Kota-w-bibliotece.-300x225.jpg\" alt=\"sala\" width=\"300\" height=\"225\" srcset=\"https:\/\/slaskipegaz.bs.katowice.pl\/wp-content\/uploads\/2020\/03\/Drugoklasi\u015bci-\u015bwi\u0119tuj\u0105-Dzie\u0144-Kota-w-bibliotece.-300x225.jpg 300w, https:\/\/slaskipegaz.bs.katowice.pl\/wp-content\/uploads\/2020\/03\/Drugoklasi\u015bci-\u015bwi\u0119tuj\u0105-Dzie\u0144-Kota-w-bibliotece.-768x576.jpg 768w, https:\/\/slaskipegaz.bs.katowice.pl\/wp-content\/uploads\/2020\/03\/Drugoklasi\u015bci-\u015bwi\u0119tuj\u0105-Dzie\u0144-Kota-w-bibliotece.-1024x768.jpg 1024w\" sizes=\"auto, (max-width: 300px) 100vw, 300px\" \/><\/a>Dzie\u0144 17 lutego obchodzony jest jako \u015awiatowy Dzie\u0144 Kota.\u00a0 \u015awi\u0119to to zosta\u0142o ustanowione po to, aby \u00a0podkre\u015bli\u0107 znaczenie kot\u00f3w w \u017cyciu cz\u0142owieka, uwra\u017cliwi\u0107 ludzi na koci los.\u00a0 Z tej okazji do Miejsko-Gminnej Biblioteki Publicznej zawitali uczniowie trzech klas drugich ze Szko\u0142y Podstawowej im. Ksi\u0119stwa Siewierskiego w Siewierzu, by uczestniczy\u0107 w \u201ekocim\u201d \u015bwi\u0119cie.\u00a0<!--more--> Dzieci pochwali\u0142y si\u0119 swoj\u0105 wiedz\u0105 na temat kot\u00f3w, ale te\u017c wys\u0142ucha\u0142y r\u00f3\u017cnych wiadomo\u015bci i ciekawostek na temat tych czworonog\u00f3w.\u00a0 Us\u0142ysza\u0142y histori\u0119 o kocie mordercy i legend\u0119 o tym, jak to si\u0119 sta\u0142o, \u017ce psy nie lubi\u0105 kot\u00f3w, a koty ps\u00f3w, dowiedzia\u0142y si\u0119 , jak wygl\u0105da \u201erozk\u0142ad kociego dnia\u201d. By\u0142a te\u017c kocia krzy\u017c\u00f3wka, kocie wierszyki i przys\u0142owia. Ka\u017cdy z uczestnik\u00f3w lekcji zrobi\u0142 sobie na pami\u0105tk\u0119 kota z papieru. Dzieci pochwali\u0142y si\u0119 te\u017c w\u0142asnymi kocimi maskotkami, a niekt\u00f3re mia\u0142y nawet kocie bluzki.<\/p>\n<p><a href=\"https:\/\/slaskipegaz.bs.katowice.pl\/wp-content\/uploads\/2020\/03\/Pami\u0105tkowe-koty-wykonane-podczas-Dnia-Kota-w-bibliotece..jpg\"><img loading=\"lazy\" decoding=\"async\" class=\"aligncenter size-medium wp-image-19108\" src=\"https:\/\/slaskipegaz.bs.katowice.pl\/wp-content\/uploads\/2020\/03\/Pami\u0105tkowe-koty-wykonane-podczas-Dnia-Kota-w-bibliotece.-300x225.jpg\" alt=\"prace\" width=\"300\" height=\"225\" srcset=\"https:\/\/slaskipegaz.bs.katowice.pl\/wp-content\/uploads\/2020\/03\/Pami\u0105tkowe-koty-wykonane-podczas-Dnia-Kota-w-bibliotece.-300x225.jpg 300w, https:\/\/slaskipegaz.bs.katowice.pl\/wp-content\/uploads\/2020\/03\/Pami\u0105tkowe-koty-wykonane-podczas-Dnia-Kota-w-bibliotece.-768x576.jpg 768w, https:\/\/slaskipegaz.bs.katowice.pl\/wp-content\/uploads\/2020\/03\/Pami\u0105tkowe-koty-wykonane-podczas-Dnia-Kota-w-bibliotece.-1024x768.jpg 1024w\" sizes=\"auto, (max-width: 300px) 100vw, 300px\" \/><\/a><\/p>\n<p>Nades\u0142a\u0142a: Jolanta Jakubczyk, M-GBP Siewierz<\/p>\n","protected":false},"excerpt":{"rendered":"<p>\u015aWIATOWY DZIE\u0143 KOTA W BIBLIOTECE Dzie\u0144 17 lutego obchodzony jest jako \u015awiatowy Dzie\u0144 Kota.\u00a0 \u015awi\u0119to to zosta\u0142o ustanowione po to, aby \u00a0podkre\u015bli\u0107 znaczenie kot\u00f3w w \u017cyciu cz\u0142owieka, uwra\u017cliwi\u0107 ludzi na koci los.\u00a0 Z tej okazji do Miejsko-Gminnej Biblioteki Publicznej zawitali uczniowie trzech klas drugich ze Szko\u0142y Podstawowej im. Ksi\u0119stwa Siewierskiego w Siewierzu, by uczestniczy\u0107 w &hellip; <a href=\"https:\/\/slaskipegaz.bs.katowice.pl\/?p=19106\" class=\"more-link\">Czytaj dalej <span class=\"screen-reader-text\">[Relacja] MIEJSKO-GMINNA BIBLIOTEKA PUBLICZNA W SIEWIERZU<\/span> <span class=\"meta-nav\">&rarr;<\/span><\/a><\/p>\n","protected":false},"author":3,"featured_media":0,"comment_status":"closed","ping_status":"closed","sticky":false,"template":"","format":"standard","meta":{"_acf_changed":false,"_exactmetrics_skip_tracking":false,"_exactmetrics_sitenote_active":false,"_exactmetrics_sitenote_note":"","_exactmetrics_sitenote_category":0,"footnotes":""},"categories":[2004],"tags":[997,67],"class_list":["post-19106","post","type-post","status-publish","format-standard","hentry","category-nr-65-luty-2020","tag-dzien-kota","tag-miejsko-gminna-biblioteka-publiczna-w-siewierzu"],"acf":[],"jetpack_featured_media_url":"","_links":{"self":[{"href":"https:\/\/slaskipegaz.bs.katowice.pl\/index.php?rest_route=\/wp\/v2\/posts\/19106","targetHints":{"allow":["GET"]}}],"collection":[{"href":"https:\/\/slaskipegaz.bs.katowice.pl\/index.php?rest_route=\/wp\/v2\/posts"}],"about":[{"href":"https:\/\/slaskipegaz.bs.katowice.pl\/index.php?rest_route=\/wp\/v2\/types\/post"}],"author":[{"embeddable":true,"href":"https:\/\/slaskipegaz.bs.katowice.pl\/index.php?rest_route=\/wp\/v2\/users\/3"}],"replies":[{"embeddable":true,"href":"https:\/\/slaskipegaz.bs.katowice.pl\/index.php?rest_route=%2Fwp%2Fv2%2Fcomments&post=19106"}],"version-history":[{"count":1,"href":"https:\/\/slaskipegaz.bs.katowice.pl\/index.php?rest_route=\/wp\/v2\/posts\/19106\/revisions"}],"predecessor-version":[{"id":19109,"href":"https:\/\/slaskipegaz.bs.katowice.pl\/index.php?rest_route=\/wp\/v2\/posts\/19106\/revisions\/19109"}],"wp:attachment":[{"href":"https:\/\/slaskipegaz.bs.katowice.pl\/index.php?rest_route=%2Fwp%2Fv2%2Fmedia&parent=19106"}],"wp:term":[{"taxonomy":"category","embeddable":true,"href":"https:\/\/slaskipegaz.bs.katowice.pl\/index.php?rest_route=%2Fwp%2Fv2%2Fcategories&post=19106"},{"taxonomy":"post_tag","embeddable":true,"href":"https:\/\/slaskipegaz.bs.katowice.pl\/index.php?rest_route=%2Fwp%2Fv2%2Ftags&post=19106"}],"curies":[{"name":"wp","href":"https:\/\/api.w.org\/{rel}","templated":true}]}}