{"id":19348,"date":"2020-05-27T14:20:54","date_gmt":"2020-05-27T12:20:54","guid":{"rendered":"http:\/\/slaskipegaz.bs.katowice.pl\/?p=19348"},"modified":"2020-05-27T14:20:54","modified_gmt":"2020-05-27T12:20:54","slug":"relacja-miejska-biblioteka-publiczna-w-sosnowcu-24","status":"publish","type":"post","link":"https:\/\/slaskipegaz.bs.katowice.pl\/?p=19348","title":{"rendered":"[Relacja] MIEJSKA BIBLIOTEKA PUBLICZNA W SOSNOWCU"},"content":{"rendered":"<h6 style=\"text-align: center;\"><strong>Tydzie\u0144 Bibliotek w MBP w Sosnowcu<\/strong><\/h6>\n<p><a href=\"https:\/\/slaskipegaz.bs.katowice.pl\/wp-content\/uploads\/2020\/05\/Tydzie\u0144-bibliotek-plakat-og\u00f3lny.jpg\"><img loading=\"lazy\" decoding=\"async\" class=\"size-medium wp-image-19349 alignleft\" src=\"https:\/\/slaskipegaz.bs.katowice.pl\/wp-content\/uploads\/2020\/05\/Tydzie\u0144-bibliotek-plakat-og\u00f3lny-211x300.jpg\" alt=\"spotkania online\" width=\"211\" height=\"300\" srcset=\"https:\/\/slaskipegaz.bs.katowice.pl\/wp-content\/uploads\/2020\/05\/Tydzie\u0144-bibliotek-plakat-og\u00f3lny-211x300.jpg 211w, https:\/\/slaskipegaz.bs.katowice.pl\/wp-content\/uploads\/2020\/05\/Tydzie\u0144-bibliotek-plakat-og\u00f3lny-768x1093.jpg 768w, https:\/\/slaskipegaz.bs.katowice.pl\/wp-content\/uploads\/2020\/05\/Tydzie\u0144-bibliotek-plakat-og\u00f3lny-719x1024.jpg 719w, https:\/\/slaskipegaz.bs.katowice.pl\/wp-content\/uploads\/2020\/05\/Tydzie\u0144-bibliotek-plakat-og\u00f3lny.jpg 800w\" sizes=\"auto, (max-width: 211px) 100vw, 211px\" \/><\/a>Miejska Biblioteka Publiczna w Sosnowcu w tym roku Og\u00f3lnopolski Tydzie\u0144 Bibliotek \u015bwi\u0119towa\u0142a w Internecie. W programie obchod\u00f3w znalaz\u0142y si\u0119 m.in. kolorowe filmiki z r\u0119kodzie\u0142em, zabawne nagrania edukacyjne dla dzieci, prelekcja o ksi\u0105\u017cce jako obiekcie po\u017c\u0105dania, relacja z Czytania Rocznicowego i atrakcyjne konkursy dla dzieci, m\u0142odzie\u017cy i doros\u0142ych. Zach\u0119camy do bycia na bie\u017c\u0105co z ofert\u0105 Biblioteki!<!--more--><\/p>\n<p><strong>\u00a0<\/strong><strong>TYDZIE\u0143 BIBLIOTEK \u2013 ZASMAKUJ W BIBLIOTECE 8-15 maja 2020<\/strong><\/p>\n<p>PROGRAM INICJATYW ONLINE Miejska Biblioteka Publiczna w Sosnowcu<\/p>\n<p><strong>Wyjd\u017a z ukrycia <\/strong><\/p>\n<p>II edycja konkursu literackiego dla uczni\u00f3w szk\u00f3\u0142 ponadpodstawowych i os\u00f3b doros\u0142ych organizowanego przez Zag\u0142\u0119biowsk\u0105 Mediatek\u0119. (Termin zg\u0142osze\u0144 \u2013 15 czerwca 2020).<\/p>\n<p><strong>\u00a0<\/strong><strong>Firlejku, co robisz? <\/strong><\/p>\n<p>Pi\u0119cioodcinkowa seria zabawnych lekcji bibliotecznych dla dzieci, prowadzonych przez super sympatyczn\u0105 pacynk\u0119 \u2013 Firleja! Inicjatywa Filii nr 19 \u2013 Milowice.<\/p>\n<p><strong>Ksi\u0105\u017cka jako obiekt po\u017c\u0105dania<\/strong><\/p>\n<p>Prelekcja online przygotowana przez dr Magdalen\u0119 Boczkowsk\u0105 z Zag\u0142\u0119bian\u00f3w.<\/p>\n<p><strong>Majowe Czytanie Rocznicowe &#8211; Ma\u0142gorzata Hillar. 25 rocznica \u015bmierci<\/strong><\/p>\n<p>Relacja internetowa przygotowana przez pracownik\u00f3w Filii nr 15 \u2013 Mec.<\/p>\n<p><strong>Prosz\u0119 Pa\u0144stwa, oto wiersz! <\/strong><\/p>\n<p>Wiersze polskich poet\u00f3w w interpretacji uczni\u00f3w kl. I b Szko\u0142y Podstawowej nr 46 w Sosnowcu &#8211; filmik. Przygotowanie: Filia nr 15 \u2013 Mec oraz Barbara Siwek \u2013 wychowawca klasy.<\/p>\n<p><strong>Kreatywne warsztaty z bibliotek\u0105<\/strong><\/p>\n<p>Kolorowe filmiki instrukta\u017cowe dla mi\u0142o\u015bnik\u00f3w r\u0119kodzie\u0142a \u2013 trzy odcinki specjalne! Inicjatywa Filii nr 15 \u2013 Mec.<\/p>\n<p><strong>#klasykodnowa <\/strong><\/p>\n<p>Konkurs na filmik z interpretacj\u0105 klasycznego utworu literackiego, dla dzieci i m\u0142odzie\u017cy w wieku 13-19 lat, z ca\u0142ego Zag\u0142\u0119bia D\u0105browskiego, organizowany przez Zag\u0142\u0119biowsk\u0105 Mediatek\u0119. (Termin zg\u0142osze\u0144 \u2013 15 maja 2020).<\/p>\n<p><strong>\u00a0<\/strong><\/p>\n<p>Szukaj nas na:<\/p>\n<p><a href=\"http:\/\/www.biblioteka.sosnowiec.pl\">www.biblioteka.sosnowiec.pl<\/a><\/p>\n<p><a href=\"http:\/\/www.facebook.com\/mbpsosnowiec\">www.facebook.com\/mbpsosnowiec<\/a><\/p>\n<p><a href=\"http:\/\/www.instagram.com\/mbp_sosnowiec\">www.instagram.com\/mbp_sosnowiec<\/a><\/p>\n<p><a href=\"http:\/\/www.twitter.com\/mbp_sosnowiec\">www.twitter.com\/mbp_sosnowiec<\/a><\/p>\n<p><a href=\"http:\/\/www.youtube.com\/user\/bibliotekasosnowiec\">www.youtube.com\/user\/bibliotekasosnowiec<\/a><\/p>\n","protected":false},"excerpt":{"rendered":"<p>Tydzie\u0144 Bibliotek w MBP w Sosnowcu Miejska Biblioteka Publiczna w Sosnowcu w tym roku Og\u00f3lnopolski Tydzie\u0144 Bibliotek \u015bwi\u0119towa\u0142a w Internecie. W programie obchod\u00f3w znalaz\u0142y si\u0119 m.in. kolorowe filmiki z r\u0119kodzie\u0142em, zabawne nagrania edukacyjne dla dzieci, prelekcja o ksi\u0105\u017cce jako obiekcie po\u017c\u0105dania, relacja z Czytania Rocznicowego i atrakcyjne konkursy dla dzieci, m\u0142odzie\u017cy i doros\u0142ych. Zach\u0119camy do &hellip; <a href=\"https:\/\/slaskipegaz.bs.katowice.pl\/?p=19348\" class=\"more-link\">Czytaj dalej <span class=\"screen-reader-text\">[Relacja] MIEJSKA BIBLIOTEKA PUBLICZNA W SOSNOWCU<\/span> <span class=\"meta-nav\">&rarr;<\/span><\/a><\/p>\n","protected":false},"author":3,"featured_media":0,"comment_status":"closed","ping_status":"closed","sticky":false,"template":"","format":"standard","meta":{"_acf_changed":false,"_exactmetrics_skip_tracking":false,"_exactmetrics_sitenote_active":false,"_exactmetrics_sitenote_note":"","_exactmetrics_sitenote_category":0,"footnotes":""},"categories":[2026],"tags":[146,2021,2022],"class_list":["post-19348","post","type-post","status-publish","format-standard","hentry","category-nr-67-maj-2020","tag-miejska-biblioteka-publiczna-w-sosnowcu","tag-spotkanie-online","tag-tydzien-bibliotek-2020"],"acf":[],"jetpack_featured_media_url":"","_links":{"self":[{"href":"https:\/\/slaskipegaz.bs.katowice.pl\/index.php?rest_route=\/wp\/v2\/posts\/19348","targetHints":{"allow":["GET"]}}],"collection":[{"href":"https:\/\/slaskipegaz.bs.katowice.pl\/index.php?rest_route=\/wp\/v2\/posts"}],"about":[{"href":"https:\/\/slaskipegaz.bs.katowice.pl\/index.php?rest_route=\/wp\/v2\/types\/post"}],"author":[{"embeddable":true,"href":"https:\/\/slaskipegaz.bs.katowice.pl\/index.php?rest_route=\/wp\/v2\/users\/3"}],"replies":[{"embeddable":true,"href":"https:\/\/slaskipegaz.bs.katowice.pl\/index.php?rest_route=%2Fwp%2Fv2%2Fcomments&post=19348"}],"version-history":[{"count":1,"href":"https:\/\/slaskipegaz.bs.katowice.pl\/index.php?rest_route=\/wp\/v2\/posts\/19348\/revisions"}],"predecessor-version":[{"id":19351,"href":"https:\/\/slaskipegaz.bs.katowice.pl\/index.php?rest_route=\/wp\/v2\/posts\/19348\/revisions\/19351"}],"wp:attachment":[{"href":"https:\/\/slaskipegaz.bs.katowice.pl\/index.php?rest_route=%2Fwp%2Fv2%2Fmedia&parent=19348"}],"wp:term":[{"taxonomy":"category","embeddable":true,"href":"https:\/\/slaskipegaz.bs.katowice.pl\/index.php?rest_route=%2Fwp%2Fv2%2Fcategories&post=19348"},{"taxonomy":"post_tag","embeddable":true,"href":"https:\/\/slaskipegaz.bs.katowice.pl\/index.php?rest_route=%2Fwp%2Fv2%2Ftags&post=19348"}],"curies":[{"name":"wp","href":"https:\/\/api.w.org\/{rel}","templated":true}]}}