{"id":19571,"date":"2020-07-31T10:23:41","date_gmt":"2020-07-31T08:23:41","guid":{"rendered":"http:\/\/slaskipegaz.bs.katowice.pl\/?p=19571"},"modified":"2020-07-31T10:23:41","modified_gmt":"2020-07-31T08:23:41","slug":"relacja-miejska-i-powiatowa-biblioteka-publiczna-w-zawierciu-204","status":"publish","type":"post","link":"https:\/\/slaskipegaz.bs.katowice.pl\/?p=19571","title":{"rendered":"[Relacja] MIEJSKA I POWIATOWA BIBLIOTEKA PUBLICZNA W ZAWIERCIU"},"content":{"rendered":"<h6 style=\"text-align: center;\">Nowe atrakcje w Strefie Malucha<\/h6>\n<p><a href=\"https:\/\/slaskipegaz.bs.katowice.pl\/wp-content\/uploads\/2020\/07\/IMG_0617.jpg\"><img loading=\"lazy\" decoding=\"async\" class=\"wp-image-19572 size-medium alignleft\" src=\"https:\/\/slaskipegaz.bs.katowice.pl\/wp-content\/uploads\/2020\/07\/IMG_0617-e1596183679543-225x300.jpg\" alt=\"pok\u00f3j\" width=\"225\" height=\"300\" srcset=\"https:\/\/slaskipegaz.bs.katowice.pl\/wp-content\/uploads\/2020\/07\/IMG_0617-e1596183679543-225x300.jpg 225w, https:\/\/slaskipegaz.bs.katowice.pl\/wp-content\/uploads\/2020\/07\/IMG_0617-e1596183679543.jpg 480w\" sizes=\"auto, (max-width: 225px) 100vw, 225px\" \/><\/a>Mi\u0142o nam poinformowa\u0107, \u017ce Miejska i Powiatowa Biblioteka Publiczna w Zawierciu otrzyma\u0142a dofinansowanie z Fundacji PGNiG im. Ignacego \u0141ukasiewicza, na doposa\u017cenie Strefy Malucha w Filii nr 10. <!--more--><\/p>\n<p>G\u0142\u00f3wnym celem projektu jest stworzenie przestrzeni dla ma\u0142ych dzieci, w kt\u00f3rej nasi najm\u0142odsi go\u015bcie, b\u0119d\u0105 mogli uczestniczy\u0107 w rozmaitych zaj\u0119ciach. Do\u015bwiadczanie \u015bwiata, zabawa fakturami , czy edukacyjne uk\u0142adanki, pozwol\u0105 w znacz\u0105cy spos\u00f3b stymulowa\u0107 i rozwija\u0107 zainteresowania dziecka.<\/p>\n<p>Pami\u0119\u0107, uwaga, my\u015blenie, praktyczne dzia\u0142ania, manipulacja przedmiotami, usprawni\u0105 funkcje poznawcze dziecka: pami\u0119\u0107, uwag\u0119 i my\u015blenie. Zakupili\u015bmy wi\u0119c wiele ciekawych zabawek edukacyjnych, niezb\u0119dnych do realizacji naszych dzia\u0142a\u0144.<\/p>\n<p>Ju\u017c niebawem b\u0119dziecie mogli skorzysta\u0107 z piankowego toru przeszk\u00f3d, mat oro, chusty animacyjnej, zabawek gimm\u2019s, mat sensorycznych, pobawi\u0107 si\u0119 drewnianymi zabawkami czy interaktywnymi ksi\u0105\u017ceczkami. Nasza Strefa Malucha nabra\u0142a barw i kolor\u00f3w. Od dzisiaj rz\u0105dzi w niej pomys\u0142 i dobra zabawa.<\/p>\n<p><a href=\"https:\/\/slaskipegaz.bs.katowice.pl\/wp-content\/uploads\/2020\/07\/IMG_0620-e1596183710775.jpg\"><img loading=\"lazy\" decoding=\"async\" class=\"aligncenter size-medium wp-image-19573\" src=\"https:\/\/slaskipegaz.bs.katowice.pl\/wp-content\/uploads\/2020\/07\/IMG_0620-e1596183710775-225x300.jpg\" alt=\"\" width=\"225\" height=\"300\" srcset=\"https:\/\/slaskipegaz.bs.katowice.pl\/wp-content\/uploads\/2020\/07\/IMG_0620-e1596183710775-225x300.jpg 225w, https:\/\/slaskipegaz.bs.katowice.pl\/wp-content\/uploads\/2020\/07\/IMG_0620-e1596183710775.jpg 480w\" sizes=\"auto, (max-width: 225px) 100vw, 225px\" \/><\/a><a href=\"https:\/\/slaskipegaz.bs.katowice.pl\/wp-content\/uploads\/2020\/07\/IMG_0623-e1596183735869.jpg\"><img loading=\"lazy\" decoding=\"async\" class=\"aligncenter size-medium wp-image-19574\" src=\"https:\/\/slaskipegaz.bs.katowice.pl\/wp-content\/uploads\/2020\/07\/IMG_0623-e1596183735869-225x300.jpg\" alt=\"\" width=\"225\" height=\"300\" srcset=\"https:\/\/slaskipegaz.bs.katowice.pl\/wp-content\/uploads\/2020\/07\/IMG_0623-e1596183735869-225x300.jpg 225w, https:\/\/slaskipegaz.bs.katowice.pl\/wp-content\/uploads\/2020\/07\/IMG_0623-e1596183735869.jpg 480w\" sizes=\"auto, (max-width: 225px) 100vw, 225px\" \/><\/a><\/p>\n<p>Nades\u0142a\u0142a: Miejska i Powiatowa Biblioteka Publiczna w Zawierciu<\/p>\n","protected":false},"excerpt":{"rendered":"<p>Nowe atrakcje w Strefie Malucha Mi\u0142o nam poinformowa\u0107, \u017ce Miejska i Powiatowa Biblioteka Publiczna w Zawierciu otrzyma\u0142a dofinansowanie z Fundacji PGNiG im. Ignacego \u0141ukasiewicza, na doposa\u017cenie Strefy Malucha w Filii nr 10.<\/p>\n","protected":false},"author":3,"featured_media":0,"comment_status":"closed","ping_status":"closed","sticky":false,"template":"","format":"standard","meta":{"_acf_changed":false,"_exactmetrics_skip_tracking":false,"_exactmetrics_sitenote_active":false,"_exactmetrics_sitenote_note":"","_exactmetrics_sitenote_category":0,"footnotes":""},"categories":[2040],"tags":[2042,110,391,1996],"class_list":["post-19571","post","type-post","status-publish","format-standard","hentry","category-nr-69-lipiec-2020","tag-fundacja-pgnig-im-ignacego-lukasiewicza","tag-miejska-i-powiatowa-biblioteka-publiczna-w-zawierciu","tag-remont-biblioteki","tag-strefa-malucha"],"acf":[],"jetpack_featured_media_url":"","_links":{"self":[{"href":"https:\/\/slaskipegaz.bs.katowice.pl\/index.php?rest_route=\/wp\/v2\/posts\/19571","targetHints":{"allow":["GET"]}}],"collection":[{"href":"https:\/\/slaskipegaz.bs.katowice.pl\/index.php?rest_route=\/wp\/v2\/posts"}],"about":[{"href":"https:\/\/slaskipegaz.bs.katowice.pl\/index.php?rest_route=\/wp\/v2\/types\/post"}],"author":[{"embeddable":true,"href":"https:\/\/slaskipegaz.bs.katowice.pl\/index.php?rest_route=\/wp\/v2\/users\/3"}],"replies":[{"embeddable":true,"href":"https:\/\/slaskipegaz.bs.katowice.pl\/index.php?rest_route=%2Fwp%2Fv2%2Fcomments&post=19571"}],"version-history":[{"count":1,"href":"https:\/\/slaskipegaz.bs.katowice.pl\/index.php?rest_route=\/wp\/v2\/posts\/19571\/revisions"}],"predecessor-version":[{"id":19575,"href":"https:\/\/slaskipegaz.bs.katowice.pl\/index.php?rest_route=\/wp\/v2\/posts\/19571\/revisions\/19575"}],"wp:attachment":[{"href":"https:\/\/slaskipegaz.bs.katowice.pl\/index.php?rest_route=%2Fwp%2Fv2%2Fmedia&parent=19571"}],"wp:term":[{"taxonomy":"category","embeddable":true,"href":"https:\/\/slaskipegaz.bs.katowice.pl\/index.php?rest_route=%2Fwp%2Fv2%2Fcategories&post=19571"},{"taxonomy":"post_tag","embeddable":true,"href":"https:\/\/slaskipegaz.bs.katowice.pl\/index.php?rest_route=%2Fwp%2Fv2%2Ftags&post=19571"}],"curies":[{"name":"wp","href":"https:\/\/api.w.org\/{rel}","templated":true}]}}