{"id":19637,"date":"2020-08-01T09:47:28","date_gmt":"2020-08-01T07:47:28","guid":{"rendered":"http:\/\/slaskipegaz.bs.katowice.pl\/?p=19637"},"modified":"2020-08-03T09:48:19","modified_gmt":"2020-08-03T07:48:19","slug":"relacja-miejska-biblioteka-publiczna-w-wisle-56","status":"publish","type":"post","link":"https:\/\/slaskipegaz.bs.katowice.pl\/?p=19637","title":{"rendered":"[Relacja] MIEJSKA BIBLIOTEKA PUBLICZNA W WI\u015aLE"},"content":{"rendered":"<h6 style=\"text-align: center;\">Wakacyjna Akademia Kultury<\/h6>\n<p><a href=\"https:\/\/slaskipegaz.bs.katowice.pl\/wp-content\/uploads\/2020\/08\/WAK_miedzywojenny_kurort_02-300x200.jpg\"><img loading=\"lazy\" decoding=\"async\" class=\"size-medium wp-image-19638 alignleft\" src=\"https:\/\/slaskipegaz.bs.katowice.pl\/wp-content\/uploads\/2020\/08\/WAK_miedzywojenny_kurort_02-300x200-300x200.jpg\" alt=\"\" width=\"300\" height=\"200\" \/><\/a>W\u00a0lipcu w\u00a0Miejskiej Bibliotece Publicznej w\u00a0Wi\u015ble odby\u0142a si\u0119 kolejna edycja Wakacyjnej Akademii Kultury, w\u00a0tym roku przebiegaj\u0105ca pod\u00a0tytu\u0142em \u201eLata dwudzieste, lata trzydzieste\u2026\u201d. Wyk\u0142ady nawi\u0105zywa\u0142y do\u00a0tradycji Wakacyjnego Instytutu Sztuki, kt\u00f3ry\u00a0w latach 1936-1939 organizowa\u0142o przedwojenne Ministerstwo Wyzna\u0144 Religijnych i\u00a0O\u015bwiecenia Publicznego m.in.\u00a0w\u00a0Gdyni i\u00a0w\u00a0Wi\u015ble.<!--more--><\/p>\n<p>Pierwszy inauguracyjny wyk\u0142ad wyg\u0142osi\u0142 historyk sztuki \u0141ukasz Konarzewski, od\u00a02017 roku \u015bl\u0105ski wojew\u00f3dzki konserwator zabytk\u00f3w. Spotkanie nieco si\u0119 op\u00f3\u017ani\u0142o ze\u00a0wzgl\u0119du na\u00a0trudno\u015bci komunikacyjne i\u00a0straszn\u0105 burz\u0119, ale\u00a0inauguracja Akademii odby\u0142a si\u0119 zgodnie z\u00a0planem. Przy zachowaniu nale\u017cytych \u015brodk\u00f3w bezpiecze\u0144stwa s\u0142uchacze mieli okazj\u0119 zapozna\u0107 si\u0119 z\u00a0mi\u0119dzywojennymi planami regulacyjnymi, kt\u00f3re sporz\u0105dzono dla Wis\u0142y w\u00a0\u015al\u0105skim Urz\u0119dzie Wojew\u00f3dzkim. Cz\u0119\u015bciowo zrealizowany projekt do\u00a0dzi\u015b widoczny jest w\u00a0centrum miasta, kt\u00f3rego\u00a0najwa\u017cniejszymi budynkami s\u0105 Dom Zdrojowy, Urz\u0105d Miasta i\u00a0gmach poczty.<\/p>\n<p>Kolejny wyk\u0142ad mia\u0142 miejsce tydzie\u0144 p\u00f3\u017aniej. Znakomit\u0105 prelekcj\u0119 przygotowa\u0142 i\u00a0przedstawi\u0142 Przemys\u0142aw Czernek z\u00a0Instytutu Dokumentacji Architektury Biblioteki \u015al\u0105skiej w\u00a0Katowicach, kt\u00f3ry om\u00f3wi\u0142 za\u0142o\u017cenia i\u00a0budow\u0119 nowoczesnej stacji klimatycznej w\u00a0Wi\u015ble w\u00a0latach mi\u0119dzywojennych. Wyk\u0142adowca przybli\u017cy\u0142 sylwetki g\u0142\u00f3wnych architekt\u00f3w i\u00a0ich projekty zrealizowane w\u00a0odrodzonej po\u00a01918 roku Polsce.<\/p>\n<p><a href=\"https:\/\/slaskipegaz.bs.katowice.pl\/wp-content\/uploads\/2020\/08\/WAK_miedzywojenny_kurort_05-300x200.jpg\"><img loading=\"lazy\" decoding=\"async\" class=\"aligncenter size-medium wp-image-19639\" src=\"https:\/\/slaskipegaz.bs.katowice.pl\/wp-content\/uploads\/2020\/08\/WAK_miedzywojenny_kurort_05-300x200-300x200.jpg\" alt=\"\" width=\"300\" height=\"200\" \/><\/a><\/p>\n<p>Szczeg\u00f3ln\u0105 uwag\u0119 zwr\u00f3ci\u0142 na\u00a0inwestycje administracji publicznej, zw\u0142aszcza wojew\u00f3dztwa \u015bl\u0105skiego kierowanego przez\u00a0wojewod\u0119 Micha\u0142a Gra\u017cy\u0144skiego oraz\u00a0realizacje takie jak: kolej, droga na\u00a0Kubalonk\u0119, szko\u0142y, Zamek Prezydenta RP, Dom Zdrojowy, Dom Zborowy, park z\u00a0pomnikiem \u201e\u0179r\u00f3de\u0142 Wis\u0142y\u201d oraz\u00a0park k\u0105pielowy z\u00a0basenem i\u00a0wie\u017c\u0105 do\u00a0skok\u00f3w. Nie\u00a0zabrak\u0142o r\u00f3wnie\u017c projekt\u00f3w i\u00a0realizacji inwestor\u00f3w prywatnych, w\u00a0tym luksusowych willi, takich jak np.\u00a0\u201eAlmira\u201d. My\u015bl urbanistyczna przedwojennych architekt\u00f3w by\u0142a tak\u00a0nowoczesna, \u017ce\u00a0kontynuowa\u0142y j\u0105 w\u0142adze okupacyjne podczas drugiej wojny \u015bwiatowej, a\u00a0nawet komuni\u015bci w czasach PRL.<\/p>\n<p>W\u00a0dniu 16 lipca biblioteka zaprosi\u0142a na wyk\u0142ad dr Micha\u0142a Kawuloka kt\u00f3ry tym razem zabra\u0142 s\u0142uchaczy w\u00a0\u015bwiat artyst\u00f3w plastyk\u00f3w. Okaza\u0142o si\u0119, \u017ce\u00a0w\u00a0latach mi\u0119dzywojennych dla Wis\u0142y tworzyli lub na\u00a0miejscu dzia\u0142ali wybitni arty\u015bci, odwo\u0142uj\u0105cy si\u0119 do\u00a0najnowszych trend\u00f3w w\u00a0sztuce europejskiej, a do jednych z\u00a0najbardziej awangardowych wn\u0119trz, nie\u00a0tylko\u00a0na\u00a0\u015al\u0105sku, zaliczy\u0107 nale\u017cy wn\u0119trza Zamku Prezydenta RP z\u00a0polichromiami Andrzeja Pronaszki i\u00a0ich wystr\u00f3j, m.in.\u00a0meble i\u00a0\u017cyrandole z\u00a0rurki chromowanej. Ciekaw\u0105 realizacj\u0119 m\u0142odego artysty, nawi\u0105zuj\u0105cego jednak do\u00a0secesji, do\u00a0dzi\u015b stanowi witra\u017c w\u00a0ko\u015bciele ewangelickim autorstwa Adama Ciompy. Zam\u00f3wienia dla ko\u015bcio\u0142a katolickiego wykonywa\u0142 z\u00a0kolei malarz Czes\u0142aw Kuryatto, kt\u00f3ry\u00a0w\u00a01938 roku osiedli\u0142 si\u0119 w\u00a0Wi\u015ble na\u00a0sta\u0142e. Jego pejza\u017ce i\u00a0portrety mieszka\u0144c\u00f3w przechowuje Muzeum Beskidzkie.<\/p>\n<p>Z\u00a0Wis\u0142\u0105 zwi\u0105zani byli tak\u017ce Jan Wa\u0142ach z\u00a0Istebnej i\u00a0Pawe\u0142 Steller z\u00a0Hermanic ko\u0142o Ustronia \u2013 wybitni drzeworytnicy. Szereg artyst\u00f3w wystawia\u0142o swe prace w\u00a0czasie \u015awi\u0119ta G\u00f3r w\u00a01937 roku. Plakat zapowiadaj\u0105cy to\u00a0wydarzenie wykona\u0142 Kazimierz Mann, ojciec dziennikarza Wojciecha Manna, a\u00a0na\u00a0ekspozycjach mo\u017cna by\u0142o zobaczy\u0107 m.in.\u00a0dzie\u0142a Adama Bunscha. Podczas Wakacyjnego Instytutu Sztuki zaj\u0119cia prowadzi\u0142 Karol Badura, wyk\u0142ady wyg\u0142osili za\u015b Rafa\u0142 Malczewski i\u00a0sam Stanis\u0142aw Ignacy Witkiewicz (Witkacy). Wi\u015bla\u0144ski park k\u0105pielowy zdobi\u0142y rze\u017aby Franciszka Suknarowskiego, a\u00a0prezydent Ignacy Mo\u015bcicki ods\u0142oni\u0142 pomnik \u201e\u0179r\u00f3de\u0142 Wis\u0142y\u201d d\u0142uta Konstantego Laszczki.<\/p>\n<p>Ostatni wyk\u0142ad o\u00a0literatach goszcz\u0105cych w\u00a0Wi\u015ble w\u00a0okresie mi\u0119dzywojennym wyg\u0142osi\u0142a 23 lipca dr\u00a0Renata Czy\u017c, dyrektor Miejskiej Biblioteki Publicznej. Na odczyty i\u00a0spotkania autorskie przed wojn\u0105 przyje\u017cd\u017cali w g\u00f3ry naukowcy, literaci i\u00a0arty\u015bci. Pierwsze kroki literackie w\u00a0Wi\u015ble stawia\u0142 Jerzy Andrzejewski, kt\u00f3ry\u00a0napisa\u0142 tutaj trzy opowiadania, jedno z\u00a0nich dotyczy\u0142o wycieczki na\u00a0Sto\u017cek. W\u00a0beskidzkiej miejscowo\u015bci go\u015bcili Witold Gombrowicz, Maria D\u0105browska, Stanis\u0142aw Ignacy Witkiewicz, W\u0142adys\u0142aw Orkan, Gustaw Morcinek i Jan Sztaudynger.<\/p>\n<p>Zainspirowana legendami \u015al\u0105ska Cieszy\u0144skiego Zofia Kossak-Szczucka opublikowa\u0142a tomik opowiada\u0144 \u201eWielcy i\u00a0mali\u201d, w\u00a0kt\u00f3rym\u00a0znalaz\u0142 si\u0119 m.in. legendarny za\u0142o\u017cyciel Wis\u0142y Imko Wise\u0142ka. Podczas wyk\u0142adu nie zabrak\u0142o wi\u015blan paraj\u0105cych si\u0119 literatur\u0105 w\u00a0okresie mi\u0119dzywojnia, a raczej wi\u015blanek. By\u0142y to Agnieszka Pilchowa, Janka Pilch\u00f3wna i\u00a0Maria Pilch, kt\u00f3rej\u00a030. rocznica \u015bmierci min\u0119\u0142a 18 lipca.<\/p>\n<p><a href=\"https:\/\/slaskipegaz.bs.katowice.pl\/wp-content\/uploads\/2020\/08\/WAK_miedzywojenny_kurort_08-300x200.jpg\"><img loading=\"lazy\" decoding=\"async\" class=\"aligncenter size-medium wp-image-19640\" src=\"https:\/\/slaskipegaz.bs.katowice.pl\/wp-content\/uploads\/2020\/08\/WAK_miedzywojenny_kurort_08-300x200-300x200.jpg\" alt=\"\" width=\"300\" height=\"200\" \/><\/a><\/p>\n<p>Tegorocznej Akademii towarzyszy\u0142a wystawa planszowa dost\u0119pna w\u00a0holu biblioteki pt.\u00a0\u201eStacja: Niepodleg\u0142a. Na\u00a0torach II RP\u201d. Osiem plansz po\u015bwi\u0119conych kolejom w\u00a0II Rzeczypospolitej przygotowa\u0142o Biuro Programu \u201eNiepodleg\u0142a\u201d we\u00a0wsp\u00f3\u0142pracy z\u00a0Urz\u0119dem Transportu Kolejowego. W materiale popularnonaukowym mo\u017cna by\u0142o zobaczy\u0107 jak podr\u00f3\u017cowa\u0142o si\u0119 kolej\u0105 w\u00a0okresie mi\u0119dzywojennym, jaki by\u0142 tabor i\u00a0kolejarze, podr\u00f3\u017cni i\u00a0nowe dworce kolejowe, sie\u0107 kolei i\u00a0nowe lokomotywy, w\u00a0tym s\u0142ynna Luxtorpeda. W\u00a0okresie mi\u0119dzywojennym do\u00a0Wis\u0142y doprowadzono lini\u0119 kolejow\u0105, wybudowano dwa dworce, dwie stacje, dwa mosty kolejowe, liczne przejazdy oraz\u00a0dwa wiadukty, szczytowe osi\u0105gni\u0119cia polskiej, kolejowej in\u017cynierii technicznej.<\/p>\n<p>Tegoroczny cykl spotka\u0144 Wakacyjnej Akademii Kultury w Wi\u015ble zatytu\u0142owany \u201eLata dwudzieste, lata trzydzieste\u2026\u201d by\u0142 cz\u0119\u015bci\u0105 zadania \u201eNiepodleg\u0142a na\u00a0kresach po\u0142udniowych\u201d, kt\u00f3re zosta\u0142o dofinansowane ze\u00a0\u015brodk\u00f3w Programu Wieloletniego NIEPODLEG\u0141A na\u00a0lata 2017-2022 w\u00a0ramach Programu Dotacyjnego \u201eNiepodleg\u0142a\u201d. Wszystkie wyk\u0142ady mo\u017cna zobaczy\u0107 na kanale Youtube wi\u015bla\u0144skiej biblioteki. Do listopada b\u0119dzie czynna wystawa plenerowa \u201eWis\u0142a na dawnej poczt\u00f3wce\u201d dost\u0119pna przed budynkiem biblioteki na Placu Hoffa, r\u00f3wnie\u017c zrealizowana w ramach tego zadania. Zapraszamy!!!<\/p>\n<p>Tekst: Renata Czy\u017c<\/p>\n<p>Zdj\u0119cia: Piotr D\u0142ugosz<\/p>\n","protected":false},"excerpt":{"rendered":"<p>Wakacyjna Akademia Kultury W\u00a0lipcu w\u00a0Miejskiej Bibliotece Publicznej w\u00a0Wi\u015ble odby\u0142a si\u0119 kolejna edycja Wakacyjnej Akademii Kultury, w\u00a0tym roku przebiegaj\u0105ca pod\u00a0tytu\u0142em \u201eLata dwudzieste, lata trzydzieste\u2026\u201d. Wyk\u0142ady nawi\u0105zywa\u0142y do\u00a0tradycji Wakacyjnego Instytutu Sztuki, kt\u00f3ry\u00a0w latach 1936-1939 organizowa\u0142o przedwojenne Ministerstwo Wyzna\u0144 Religijnych i\u00a0O\u015bwiecenia Publicznego m.in.\u00a0w\u00a0Gdyni i\u00a0w\u00a0Wi\u015ble.<\/p>\n","protected":false},"author":3,"featured_media":0,"comment_status":"closed","ping_status":"closed","sticky":false,"template":"","format":"standard","meta":{"_acf_changed":false,"_exactmetrics_skip_tracking":false,"_exactmetrics_sitenote_active":false,"_exactmetrics_sitenote_note":"","_exactmetrics_sitenote_category":0,"footnotes":""},"categories":[2040],"tags":[35,308],"class_list":["post-19637","post","type-post","status-publish","format-standard","hentry","category-nr-69-lipiec-2020","tag-miejska-biblioteka-publiczna-w-wisle","tag-wakacyjna-akademia-kultury"],"acf":[],"jetpack_featured_media_url":"","_links":{"self":[{"href":"https:\/\/slaskipegaz.bs.katowice.pl\/index.php?rest_route=\/wp\/v2\/posts\/19637","targetHints":{"allow":["GET"]}}],"collection":[{"href":"https:\/\/slaskipegaz.bs.katowice.pl\/index.php?rest_route=\/wp\/v2\/posts"}],"about":[{"href":"https:\/\/slaskipegaz.bs.katowice.pl\/index.php?rest_route=\/wp\/v2\/types\/post"}],"author":[{"embeddable":true,"href":"https:\/\/slaskipegaz.bs.katowice.pl\/index.php?rest_route=\/wp\/v2\/users\/3"}],"replies":[{"embeddable":true,"href":"https:\/\/slaskipegaz.bs.katowice.pl\/index.php?rest_route=%2Fwp%2Fv2%2Fcomments&post=19637"}],"version-history":[{"count":1,"href":"https:\/\/slaskipegaz.bs.katowice.pl\/index.php?rest_route=\/wp\/v2\/posts\/19637\/revisions"}],"predecessor-version":[{"id":19641,"href":"https:\/\/slaskipegaz.bs.katowice.pl\/index.php?rest_route=\/wp\/v2\/posts\/19637\/revisions\/19641"}],"wp:attachment":[{"href":"https:\/\/slaskipegaz.bs.katowice.pl\/index.php?rest_route=%2Fwp%2Fv2%2Fmedia&parent=19637"}],"wp:term":[{"taxonomy":"category","embeddable":true,"href":"https:\/\/slaskipegaz.bs.katowice.pl\/index.php?rest_route=%2Fwp%2Fv2%2Fcategories&post=19637"},{"taxonomy":"post_tag","embeddable":true,"href":"https:\/\/slaskipegaz.bs.katowice.pl\/index.php?rest_route=%2Fwp%2Fv2%2Ftags&post=19637"}],"curies":[{"name":"wp","href":"https:\/\/api.w.org\/{rel}","templated":true}]}}