{"id":19642,"date":"2020-08-01T09:48:34","date_gmt":"2020-08-01T07:48:34","guid":{"rendered":"http:\/\/slaskipegaz.bs.katowice.pl\/?p=19642"},"modified":"2020-08-03T09:52:09","modified_gmt":"2020-08-03T07:52:09","slug":"wystawa-miejska-biblioteka-publiczna-w-wisle-3","status":"publish","type":"post","link":"https:\/\/slaskipegaz.bs.katowice.pl\/?p=19642","title":{"rendered":"[Wystawa] MIEJSKA BIBLIOTEKA PUBLICZNA W WI\u015aLE"},"content":{"rendered":"<h6 style=\"text-align: center;\">Wis\u0142a na dawnej poczt\u00f3wce<\/h6>\n<p><a href=\"https:\/\/slaskipegaz.bs.katowice.pl\/wp-content\/uploads\/2020\/08\/wystawa_pocztowki_01-300x200.jpg\"><img loading=\"lazy\" decoding=\"async\" class=\"size-medium wp-image-19643 alignleft\" src=\"https:\/\/slaskipegaz.bs.katowice.pl\/wp-content\/uploads\/2020\/08\/wystawa_pocztowki_01-300x200-300x200.jpg\" alt=\"\" width=\"300\" height=\"200\" \/><\/a>W\u00a0czwartek 2 lipca 2020 r. na\u00a0wi\u015bla\u0144skim rynku otwarta zosta\u0142a wystawa plenerowa pt.\u00a0\u201eWis\u0142a na\u00a0dawnej poczt\u00f3wce\u201d. Miejska Biblioteka Publiczna w\u00a0Wi\u015ble przygotowa\u0142a j\u0105 w\u00a0ramach realizacji zadania pt.\u00a0\u201eNiepodleg\u0142a na\u00a0kresach po\u0142udniowych\u201d dofinansowanego ze\u00a0\u015brodk\u00f3w Programu Wieloletniego Niepodleg\u0142a na\u00a0lata 2017-2022 w\u00a0ramach Programu Dotacyjnego \u201eNiepodleg\u0142a\u201d.<!--more--><\/p>\n<p>Ekspozycja sk\u0142ada si\u0119 z\u00a0dw\u00f3ch cz\u0119\u015bci. Pierwsza pokazuje miejscowo\u015b\u0107 z\u00a0czas\u00f3w austro-w\u0119gierskich, kiedy Wis\u0142a by\u0142a wsi\u0105 po\u0142o\u017con\u0105 na\u00a0peryferiach monarchii Habsburg\u00f3w. Uboga, beskidzka wie\u015b prawie w\u00a0ca\u0142o\u015bci wzniesiona z\u00a0drewna (zaledwie kilka budynk\u00f3w by\u0142o murowanych) dopiero zaczyna\u0142a si\u0119 rozwija\u0107 jako miejscowo\u015b\u0107 letniskowa. Druga cz\u0119\u015b\u0107 wystawy prezentuje rozw\u00f3j Wis\u0142y w\u00a0czasach II Rzeczypospolitej, kiedy po\u00a0I\u00a0wojnie \u015bwiatowej i po\u00a0odzyskaniu niepodleg\u0142o\u015bci przez\u00a0Polsk\u0119, Wis\u0142a znalaz\u0142a si\u0119 w\u00a0granicach autonomicznego wojew\u00f3dztwa \u015bl\u0105skiego i\u00a0rozkwit\u0142a.<\/p>\n<p><a href=\"https:\/\/slaskipegaz.bs.katowice.pl\/wp-content\/uploads\/2020\/08\/wystawa_pocztowki_02-300x200.jpg\"><img loading=\"lazy\" decoding=\"async\" class=\"aligncenter size-medium wp-image-19644\" src=\"https:\/\/slaskipegaz.bs.katowice.pl\/wp-content\/uploads\/2020\/08\/wystawa_pocztowki_02-300x200-300x200.jpg\" alt=\"\" width=\"300\" height=\"200\" \/><\/a><\/p>\n<p>Inwestycje w\u00a0infrastruktur\u0119 drogow\u0105, kolejow\u0105, rekreacyjno-sportow\u0105 i\u00a0u\u017cyteczno\u015bci publicznej mo\u017cna zobaczy\u0107 na\u00a0planszach wystawy, kt\u00f3re zosta\u0142y u\u0142o\u017cone chronologicznie, aby pokaza\u0107 zmiany szybko zachodz\u0105ce w\u00a0tym okresie. W\u00a0mi\u0119dzywojniu Wis\u0142a z\u00a0ubogiej wsi przekszta\u0142ci\u0142a si\u0119 w\u00a0modny kurort, w\u00a0kt\u00f3rym\u00a0we\u00a0w\u0142asnym Zamku wypoczywa\u0142 Prezydent RP Ignacy Mo\u015bcicki i\u00a0w\u00a0kt\u00f3rym\u00a0wzniesiono liczne wille wypoczynkowe i\u00a0pensjonaty, z\u00a0kt\u00f3rych\u00a0znaczna cz\u0119\u015b\u0107 prezentowa\u0142a najnowsz\u0105, modernistyczn\u0105 architektur\u0119.<\/p>\n<p><a href=\"https:\/\/slaskipegaz.bs.katowice.pl\/wp-content\/uploads\/2020\/08\/wystawa_pocztowki_06-300x200.jpg\"><img loading=\"lazy\" decoding=\"async\" class=\"aligncenter size-medium wp-image-19645\" src=\"https:\/\/slaskipegaz.bs.katowice.pl\/wp-content\/uploads\/2020\/08\/wystawa_pocztowki_06-300x200-300x200.jpg\" alt=\"\" width=\"300\" height=\"200\" \/><\/a><\/p>\n<p>Wystawa sk\u0142ada si\u0119 z\u00a020 dwustronnych tablic, czyli 40 plansz. Na\u00a0ka\u017cdej znajduje si\u0119 od\u00a03 do\u00a06 poczt\u00f3wek pochodz\u0105cych z\u00a0okresu od\u00a0ko\u0144ca XIX wieku do\u00a01945 roku. Dawne karty pocztowe udost\u0119pnili prywatni kolekcjonerzy i\u00a0zbieracze oraz instytucje kultury, za\u00a0co biblioteka sk\u0142ada serdeczne podzi\u0119kowania. Ka\u017cda poczt\u00f3wka, dzi\u0119ki pomocy historyk Danuty Szczypki, zosta\u0142a dok\u0142adnie opisana. Ekspozycja na\u00a0Placu Hoffa b\u0119dzie dost\u0119pna ca\u0142y sezon a\u017c do\u00a020 listopada. Zapraszamy do\u00a0zwiedzania!<\/p>\n<p>Tekst: Renata Czy\u017c<\/p>\n<p>Zdj\u0119cia: Piotr D\u0142ugosz<\/p>\n","protected":false},"excerpt":{"rendered":"<p>Wis\u0142a na dawnej poczt\u00f3wce W\u00a0czwartek 2 lipca 2020 r. na\u00a0wi\u015bla\u0144skim rynku otwarta zosta\u0142a wystawa plenerowa pt.\u00a0\u201eWis\u0142a na\u00a0dawnej poczt\u00f3wce\u201d. Miejska Biblioteka Publiczna w\u00a0Wi\u015ble przygotowa\u0142a j\u0105 w\u00a0ramach realizacji zadania pt.\u00a0\u201eNiepodleg\u0142a na\u00a0kresach po\u0142udniowych\u201d dofinansowanego ze\u00a0\u015brodk\u00f3w Programu Wieloletniego Niepodleg\u0142a na\u00a0lata 2017-2022 w\u00a0ramach Programu Dotacyjnego \u201eNiepodleg\u0142a\u201d.<\/p>\n","protected":false},"author":3,"featured_media":0,"comment_status":"closed","ping_status":"closed","sticky":false,"template":"","format":"standard","meta":{"_acf_changed":false,"_exactmetrics_skip_tracking":false,"_exactmetrics_sitenote_active":false,"_exactmetrics_sitenote_note":"","_exactmetrics_sitenote_category":0,"footnotes":""},"categories":[2040],"tags":[35,1470,24],"class_list":["post-19642","post","type-post","status-publish","format-standard","hentry","category-nr-69-lipiec-2020","tag-miejska-biblioteka-publiczna-w-wisle","tag-pocztowka","tag-wystawa"],"acf":[],"jetpack_featured_media_url":"","_links":{"self":[{"href":"https:\/\/slaskipegaz.bs.katowice.pl\/index.php?rest_route=\/wp\/v2\/posts\/19642","targetHints":{"allow":["GET"]}}],"collection":[{"href":"https:\/\/slaskipegaz.bs.katowice.pl\/index.php?rest_route=\/wp\/v2\/posts"}],"about":[{"href":"https:\/\/slaskipegaz.bs.katowice.pl\/index.php?rest_route=\/wp\/v2\/types\/post"}],"author":[{"embeddable":true,"href":"https:\/\/slaskipegaz.bs.katowice.pl\/index.php?rest_route=\/wp\/v2\/users\/3"}],"replies":[{"embeddable":true,"href":"https:\/\/slaskipegaz.bs.katowice.pl\/index.php?rest_route=%2Fwp%2Fv2%2Fcomments&post=19642"}],"version-history":[{"count":1,"href":"https:\/\/slaskipegaz.bs.katowice.pl\/index.php?rest_route=\/wp\/v2\/posts\/19642\/revisions"}],"predecessor-version":[{"id":19646,"href":"https:\/\/slaskipegaz.bs.katowice.pl\/index.php?rest_route=\/wp\/v2\/posts\/19642\/revisions\/19646"}],"wp:attachment":[{"href":"https:\/\/slaskipegaz.bs.katowice.pl\/index.php?rest_route=%2Fwp%2Fv2%2Fmedia&parent=19642"}],"wp:term":[{"taxonomy":"category","embeddable":true,"href":"https:\/\/slaskipegaz.bs.katowice.pl\/index.php?rest_route=%2Fwp%2Fv2%2Fcategories&post=19642"},{"taxonomy":"post_tag","embeddable":true,"href":"https:\/\/slaskipegaz.bs.katowice.pl\/index.php?rest_route=%2Fwp%2Fv2%2Ftags&post=19642"}],"curies":[{"name":"wp","href":"https:\/\/api.w.org\/{rel}","templated":true}]}}