{"id":19728,"date":"2020-08-31T10:37:31","date_gmt":"2020-08-31T08:37:31","guid":{"rendered":"http:\/\/slaskipegaz.bs.katowice.pl\/?p=19728"},"modified":"2020-08-31T10:37:31","modified_gmt":"2020-08-31T08:37:31","slug":"relacja-miejska-i-powiatowa-biblioteka-publiczna-w-raciborzu-531","status":"publish","type":"post","link":"https:\/\/slaskipegaz.bs.katowice.pl\/?p=19728","title":{"rendered":"[Relacja] MIEJSKA I POWIATOWA BIBLIOTEKA PUBLICZNA W RACIBORZU"},"content":{"rendered":"<h6 style=\"text-align: center;\">W\u0142\u00f3czykijem by\u0107, czyli \u201eLata z bibliotek\u0105\u201d ci\u0105g dalszy<\/h6>\n<p><a href=\"https:\/\/slaskipegaz.bs.katowice.pl\/wp-content\/uploads\/2020\/08\/20200813-15-IE7A4839m.jpg\"><img loading=\"lazy\" decoding=\"async\" class=\"size-medium wp-image-19729 alignleft\" src=\"https:\/\/slaskipegaz.bs.katowice.pl\/wp-content\/uploads\/2020\/08\/20200813-15-IE7A4839m-300x200.jpg\" alt=\"ZABAWA\" width=\"300\" height=\"200\" srcset=\"https:\/\/slaskipegaz.bs.katowice.pl\/wp-content\/uploads\/2020\/08\/20200813-15-IE7A4839m-300x200.jpg 300w, https:\/\/slaskipegaz.bs.katowice.pl\/wp-content\/uploads\/2020\/08\/20200813-15-IE7A4839m-768x512.jpg 768w, https:\/\/slaskipegaz.bs.katowice.pl\/wp-content\/uploads\/2020\/08\/20200813-15-IE7A4839m-1024x683.jpg 1024w, https:\/\/slaskipegaz.bs.katowice.pl\/wp-content\/uploads\/2020\/08\/20200813-15-IE7A4839m.jpg 1500w\" sizes=\"auto, (max-width: 300px) 100vw, 300px\" \/><\/a>A gdyby tak wyruszy\u0107 w wypraw\u0119, w nieznane\u2026 Albo chocia\u017c z raciborsk\u0105 bibliotek\u0105 do pobliskiego Arboretum Bramy Morawskiej?! Uczestnicy \u201eLata z bibliotek\u0105\u201d sporo w tym tygodniu podr\u00f3\u017cowali! We wtorek wzi\u0119li udzia\u0142 w podchodach inspirowanych seri\u0105 ksi\u0105\u017cek \u201eNiesamowite przygody dziesi\u0119ciu skarpetek\u201d Justyny Bednarek a w czwartek odwiedzili \u201eKlub W\u0142\u00f3czykij\u00f3w\u201d Edmunda Niziurskiego.<!--more--><\/p>\n<p>Ani upa\u0142, ani plaga komar\u00f3w nie odstraszy\u0142a \u015bmia\u0142k\u00f3w, kt\u00f3rzy postanowili wzi\u0105\u0107 udzia\u0142 we wtorkowych podchodach w Arboretum Bramy Morawskiej. Na szlaku uczestnicy musieli zmierzy\u0107 si\u0119 m.in. z licznymi zagadkami, \u0107wiczeniami gimnastycznymi czy poszukiwaniem odpowiednich patyk\u00f3w, kt\u00f3re pod czujnym okiem dyrektor Arboretum El\u017cbiety Skrzymowskiej pos\u0142u\u017cy\u0142y do wykonania Kijk\u00f3w W\u0119drowniczk\u00f3w. Kiedy jedna grupa zostawia\u0142a w lesie poszlaki, druga mia\u0142a okazj\u0119 wys\u0142ucha\u0107 wybranych rozdzia\u0142\u00f3w z ksi\u0105\u017cki \u201eNiesamowite przygody dziesi\u0119ciu skarpetek\u201d oraz zagra\u0107 w gr\u0119 Skarpetkowy Spinner.<\/p>\n<p><a href=\"https:\/\/slaskipegaz.bs.katowice.pl\/wp-content\/uploads\/2020\/08\/20200811-25-IE7A4668m.jpg\"><img loading=\"lazy\" decoding=\"async\" class=\"aligncenter size-medium wp-image-19730\" src=\"https:\/\/slaskipegaz.bs.katowice.pl\/wp-content\/uploads\/2020\/08\/20200811-25-IE7A4668m-300x200.jpg\" alt=\"SPOTKANIE\" width=\"300\" height=\"200\" srcset=\"https:\/\/slaskipegaz.bs.katowice.pl\/wp-content\/uploads\/2020\/08\/20200811-25-IE7A4668m-300x200.jpg 300w, https:\/\/slaskipegaz.bs.katowice.pl\/wp-content\/uploads\/2020\/08\/20200811-25-IE7A4668m-768x512.jpg 768w, https:\/\/slaskipegaz.bs.katowice.pl\/wp-content\/uploads\/2020\/08\/20200811-25-IE7A4668m-1024x683.jpg 1024w, https:\/\/slaskipegaz.bs.katowice.pl\/wp-content\/uploads\/2020\/08\/20200811-25-IE7A4668m.jpg 1500w\" sizes=\"auto, (max-width: 300px) 100vw, 300px\" \/><\/a><a href=\"https:\/\/slaskipegaz.bs.katowice.pl\/wp-content\/uploads\/2020\/08\/20200811-27-IE7A4694m.jpg\"><img loading=\"lazy\" decoding=\"async\" class=\"aligncenter size-medium wp-image-19731\" src=\"https:\/\/slaskipegaz.bs.katowice.pl\/wp-content\/uploads\/2020\/08\/20200811-27-IE7A4694m-300x200.jpg\" alt=\"SPOTKANIE\" width=\"300\" height=\"200\" srcset=\"https:\/\/slaskipegaz.bs.katowice.pl\/wp-content\/uploads\/2020\/08\/20200811-27-IE7A4694m-300x200.jpg 300w, https:\/\/slaskipegaz.bs.katowice.pl\/wp-content\/uploads\/2020\/08\/20200811-27-IE7A4694m-768x512.jpg 768w, https:\/\/slaskipegaz.bs.katowice.pl\/wp-content\/uploads\/2020\/08\/20200811-27-IE7A4694m-1024x683.jpg 1024w, https:\/\/slaskipegaz.bs.katowice.pl\/wp-content\/uploads\/2020\/08\/20200811-27-IE7A4694m.jpg 1500w\" sizes=\"auto, (max-width: 300px) 100vw, 300px\" \/><\/a><\/p>\n<p>W czwartek uczestnicy \u201eLata z bibliotek\u0105\u201d odkrywali \u201eKlub W\u0142\u00f3czykij\u00f3w\u201d Edmunda Niziurskiego. Dzieci mia\u0142y za zadnie m.in. u\u0142o\u017cy\u0107 puzzle przedstawiaj\u0105ce rynek w Pu\u0142tusku, ozdobi\u0107 w\u0142asnor\u0119cznymi pracami Galeri\u0119 Edmunda, rozwi\u0105za\u0107 ca\u0142\u0105 mas\u0119 zagadek detektywistycznych oraz odnale\u017a\u0107 kufer stryja Hieronima. Jak wiadomo, Kornel Kiwaj\u0142\u0142o, jeden z g\u0142\u00f3wnych bohater\u00f3w powie\u015bci, dosta\u0142 poprawk\u0119 z geografii i w wakacje musia\u0142 si\u0119 uczy\u0107. Podobne \u201eatrakcje\u201d nie mog\u0142y omin\u0105\u0107 ma\u0142ych czytelnik\u00f3w w Raciborzu!<\/p>\n","protected":false},"excerpt":{"rendered":"<p>W\u0142\u00f3czykijem by\u0107, czyli \u201eLata z bibliotek\u0105\u201d ci\u0105g dalszy A gdyby tak wyruszy\u0107 w wypraw\u0119, w nieznane\u2026 Albo chocia\u017c z raciborsk\u0105 bibliotek\u0105 do pobliskiego Arboretum Bramy Morawskiej?! Uczestnicy \u201eLata z bibliotek\u0105\u201d sporo w tym tygodniu podr\u00f3\u017cowali! We wtorek wzi\u0119li udzia\u0142 w podchodach inspirowanych seri\u0105 ksi\u0105\u017cek \u201eNiesamowite przygody dziesi\u0119ciu skarpetek\u201d Justyny Bednarek a w czwartek odwiedzili \u201eKlub &hellip; <a href=\"https:\/\/slaskipegaz.bs.katowice.pl\/?p=19728\" class=\"more-link\">Czytaj dalej <span class=\"screen-reader-text\">[Relacja] MIEJSKA I POWIATOWA BIBLIOTEKA PUBLICZNA W RACIBORZU<\/span> <span class=\"meta-nav\">&rarr;<\/span><\/a><\/p>\n","protected":false},"author":3,"featured_media":0,"comment_status":"closed","ping_status":"closed","sticky":false,"template":"","format":"standard","meta":{"_acf_changed":false,"_exactmetrics_skip_tracking":false,"_exactmetrics_sitenote_active":false,"_exactmetrics_sitenote_note":"","_exactmetrics_sitenote_category":0,"footnotes":""},"categories":[2046],"tags":[48,304],"class_list":["post-19728","post","type-post","status-publish","format-standard","hentry","category-nr-70-sierpien-2020","tag-miejska-i-powiatowa-biblioteka-publiczna-w-raciborzu","tag-wakacje-w-bibliotece"],"acf":[],"jetpack_featured_media_url":"","_links":{"self":[{"href":"https:\/\/slaskipegaz.bs.katowice.pl\/index.php?rest_route=\/wp\/v2\/posts\/19728","targetHints":{"allow":["GET"]}}],"collection":[{"href":"https:\/\/slaskipegaz.bs.katowice.pl\/index.php?rest_route=\/wp\/v2\/posts"}],"about":[{"href":"https:\/\/slaskipegaz.bs.katowice.pl\/index.php?rest_route=\/wp\/v2\/types\/post"}],"author":[{"embeddable":true,"href":"https:\/\/slaskipegaz.bs.katowice.pl\/index.php?rest_route=\/wp\/v2\/users\/3"}],"replies":[{"embeddable":true,"href":"https:\/\/slaskipegaz.bs.katowice.pl\/index.php?rest_route=%2Fwp%2Fv2%2Fcomments&post=19728"}],"version-history":[{"count":1,"href":"https:\/\/slaskipegaz.bs.katowice.pl\/index.php?rest_route=\/wp\/v2\/posts\/19728\/revisions"}],"predecessor-version":[{"id":19732,"href":"https:\/\/slaskipegaz.bs.katowice.pl\/index.php?rest_route=\/wp\/v2\/posts\/19728\/revisions\/19732"}],"wp:attachment":[{"href":"https:\/\/slaskipegaz.bs.katowice.pl\/index.php?rest_route=%2Fwp%2Fv2%2Fmedia&parent=19728"}],"wp:term":[{"taxonomy":"category","embeddable":true,"href":"https:\/\/slaskipegaz.bs.katowice.pl\/index.php?rest_route=%2Fwp%2Fv2%2Fcategories&post=19728"},{"taxonomy":"post_tag","embeddable":true,"href":"https:\/\/slaskipegaz.bs.katowice.pl\/index.php?rest_route=%2Fwp%2Fv2%2Ftags&post=19728"}],"curies":[{"name":"wp","href":"https:\/\/api.w.org\/{rel}","templated":true}]}}