{"id":19807,"date":"2020-09-11T12:24:01","date_gmt":"2020-09-11T10:24:01","guid":{"rendered":"http:\/\/slaskipegaz.bs.katowice.pl\/?p=19807"},"modified":"2020-09-11T12:24:12","modified_gmt":"2020-09-11T10:24:12","slug":"zapowiedz-miejska-biblioteka-publiczna-w-zorach-7","status":"publish","type":"post","link":"https:\/\/slaskipegaz.bs.katowice.pl\/?p=19807","title":{"rendered":"[Zapowied\u017a] MIEJSKA BIBLIOTEKA PUBLICZNA W \u017bORACH"},"content":{"rendered":"<h6 style=\"text-align: center;\">Otwarcie nowej siedziby<\/h6>\n<p><span style=\"font-family: Calibri;\"><a href=\"https:\/\/slaskipegaz.bs.katowice.pl\/wp-content\/uploads\/2020\/09\/zaproszenie.png\"><img loading=\"lazy\" decoding=\"async\" class=\"size-medium wp-image-19808 alignleft\" src=\"https:\/\/slaskipegaz.bs.katowice.pl\/wp-content\/uploads\/2020\/09\/zaproszenie-300x114.png\" alt=\"\" width=\"300\" height=\"114\" srcset=\"https:\/\/slaskipegaz.bs.katowice.pl\/wp-content\/uploads\/2020\/09\/zaproszenie-300x114.png 300w, https:\/\/slaskipegaz.bs.katowice.pl\/wp-content\/uploads\/2020\/09\/zaproszenie-768x292.png 768w, https:\/\/slaskipegaz.bs.katowice.pl\/wp-content\/uploads\/2020\/09\/zaproszenie-1024x390.png 1024w, https:\/\/slaskipegaz.bs.katowice.pl\/wp-content\/uploads\/2020\/09\/zaproszenie.png 1419w\" sizes=\"auto, (max-width: 300px) 100vw, 300px\" \/><\/a>Miejska Biblioteka Publiczna w \u017borach im. Ottona Sterna rozpoczyna dzia\u0142alno\u015b\u0107 w nowej siedzibie, kt\u00f3r\u0105 jest zrewitalizowany budynek dawnego m\u0142yna zlokalizowany przy ulicy Rybnickiej 6-8 w centrum miasta. Oficjalne otwarcie nowej siedziby i wydarzenia towarzysz\u0105ce odb\u0119d\u0105 si\u0119 w dniach 12 i 13 wrze\u015bnia 2020 r. <\/span><!--more--><\/p>\n<p><span style=\"font-family: Calibri;\">Weekend otwarcia pe\u0142en b\u0119dzie wyj\u0105tkowych spotka\u0144, niepowtarzalnych dyskusji, r\u00f3\u017cnorodnych zaj\u0119\u0107 i niespodzianek. W\u015br\u00f3d pisarzy sw\u00f3j udzia\u0142 zapowiedzieli \u201eznani i lubiani\u201d, a w\u015br\u00f3d nich m.in. Sylwia Chutnik, Katarzyna Kubisiowska, Szczepan Twardoch, Miko\u0142aj \u0141ozi\u0144ski, Andrzej Franaszek. B\u0119dzie mo\u017cna pos\u0142ucha\u0107 dyskusji m.in. \u201etrzech tenor\u00f3w literaturoznawstwa\u201d, profesor\u00f3w Czapli\u0144skiego, Kozio\u0142ka i S\u0142awka. M\u0142odsi czytelnicy za\u015b b\u0119d\u0105 mieli mo\u017cliwo\u015b\u0107 bezpo\u015bredniego spotkania z autorami takich ksi\u0105\u017cek jak \u201eMania Sk\u0142odowska\u201d (Jakub Skwosz), \u201eProsz\u0119 mnie przytuli\u0107\u201d (Przemys\u0142aw Wechterowicz) czy \u201eTiramisu z truskawkami\u201d (Joanna Jagie\u0142\u0142o).<\/span><\/p>\n<p>Wydarzenie zako\u0144czy w niedziel\u0119 wyj\u0105tkowy koncert pt. \u201eZ nadziej\u0105 przez \u017cycie\u201d w wykonaniu Alony Szostak, utalentowanej i nagradzanej aktorki Teatru Rozrywki w Chorzowie oraz Teatru Polskiego w Poznaniu.<\/p>\n<p><span style=\"font-family: Calibri;\">Zapraszamy do udzia\u0142u, na miejscu b\u0119dzie mo\u017cliwo\u015b\u0107 przeprowadzenia wywiad\u00f3w, wykonania zdj\u0119\u0107 i relacji filmowych.<\/span><\/p>\n<p>Nades\u0142a\u0142a: MBP w \u017borach<\/p>\n","protected":false},"excerpt":{"rendered":"<p>Otwarcie nowej siedziby Miejska Biblioteka Publiczna w \u017borach im. Ottona Sterna rozpoczyna dzia\u0142alno\u015b\u0107 w nowej siedzibie, kt\u00f3r\u0105 jest zrewitalizowany budynek dawnego m\u0142yna zlokalizowany przy ulicy Rybnickiej 6-8 w centrum miasta. Oficjalne otwarcie nowej siedziby i wydarzenia towarzysz\u0105ce odb\u0119d\u0105 si\u0119 w dniach 12 i 13 wrze\u015bnia 2020 r.<\/p>\n","protected":false},"author":3,"featured_media":0,"comment_status":"closed","ping_status":"closed","sticky":false,"template":"","format":"standard","meta":{"_acf_changed":false,"_exactmetrics_skip_tracking":false,"_exactmetrics_sitenote_active":false,"_exactmetrics_sitenote_note":"","_exactmetrics_sitenote_category":0,"footnotes":""},"categories":[6],"tags":[28,436],"class_list":["post-19807","post","type-post","status-publish","format-standard","hentry","category-aktualnosci","tag-miejska-biblioteka-publiczna-w-zorach","tag-uroczyste-otwarcie"],"acf":[],"jetpack_featured_media_url":"","_links":{"self":[{"href":"https:\/\/slaskipegaz.bs.katowice.pl\/index.php?rest_route=\/wp\/v2\/posts\/19807","targetHints":{"allow":["GET"]}}],"collection":[{"href":"https:\/\/slaskipegaz.bs.katowice.pl\/index.php?rest_route=\/wp\/v2\/posts"}],"about":[{"href":"https:\/\/slaskipegaz.bs.katowice.pl\/index.php?rest_route=\/wp\/v2\/types\/post"}],"author":[{"embeddable":true,"href":"https:\/\/slaskipegaz.bs.katowice.pl\/index.php?rest_route=\/wp\/v2\/users\/3"}],"replies":[{"embeddable":true,"href":"https:\/\/slaskipegaz.bs.katowice.pl\/index.php?rest_route=%2Fwp%2Fv2%2Fcomments&post=19807"}],"version-history":[{"count":2,"href":"https:\/\/slaskipegaz.bs.katowice.pl\/index.php?rest_route=\/wp\/v2\/posts\/19807\/revisions"}],"predecessor-version":[{"id":19810,"href":"https:\/\/slaskipegaz.bs.katowice.pl\/index.php?rest_route=\/wp\/v2\/posts\/19807\/revisions\/19810"}],"wp:attachment":[{"href":"https:\/\/slaskipegaz.bs.katowice.pl\/index.php?rest_route=%2Fwp%2Fv2%2Fmedia&parent=19807"}],"wp:term":[{"taxonomy":"category","embeddable":true,"href":"https:\/\/slaskipegaz.bs.katowice.pl\/index.php?rest_route=%2Fwp%2Fv2%2Fcategories&post=19807"},{"taxonomy":"post_tag","embeddable":true,"href":"https:\/\/slaskipegaz.bs.katowice.pl\/index.php?rest_route=%2Fwp%2Fv2%2Ftags&post=19807"}],"curies":[{"name":"wp","href":"https:\/\/api.w.org\/{rel}","templated":true}]}}