{"id":19811,"date":"2020-09-11T12:34:24","date_gmt":"2020-09-11T10:34:24","guid":{"rendered":"http:\/\/slaskipegaz.bs.katowice.pl\/?p=19811"},"modified":"2020-10-08T12:15:18","modified_gmt":"2020-10-08T10:15:18","slug":"relacja-miejska-i-powiatowa-biblioteka-publiczna-w-zawierciu-206","status":"publish","type":"post","link":"https:\/\/slaskipegaz.bs.katowice.pl\/?p=19811","title":{"rendered":"[Relacja] MIEJSKA I POWIATOWA BIBLIOTEKA PUBLICZNA W ZAWIERCIU"},"content":{"rendered":"<h6 style=\"text-align: center;\">Wspominamy Jerzego Gard\u0119<\/h6>\n<p><a href=\"https:\/\/slaskipegaz.bs.katowice.pl\/wp-content\/uploads\/2020\/09\/DSC_0338_1.jpg\"><img loading=\"lazy\" decoding=\"async\" class=\"size-medium wp-image-19812 alignleft\" src=\"https:\/\/slaskipegaz.bs.katowice.pl\/wp-content\/uploads\/2020\/09\/DSC_0338_1-300x200.jpg\" alt=\"prelegentka\" width=\"300\" height=\"200\" srcset=\"https:\/\/slaskipegaz.bs.katowice.pl\/wp-content\/uploads\/2020\/09\/DSC_0338_1-300x200.jpg 300w, https:\/\/slaskipegaz.bs.katowice.pl\/wp-content\/uploads\/2020\/09\/DSC_0338_1-768x512.jpg 768w, https:\/\/slaskipegaz.bs.katowice.pl\/wp-content\/uploads\/2020\/09\/DSC_0338_1-1024x683.jpg 1024w, https:\/\/slaskipegaz.bs.katowice.pl\/wp-content\/uploads\/2020\/09\/DSC_0338_1.jpg 1500w\" sizes=\"auto, (max-width: 300px) 100vw, 300px\" \/><\/a>26 sierpnia 2020 r. Miejska i Powiatowa Biblioteka Publiczna w Zawierciu, rozpocz\u0119\u0142a realizacj\u0119 projektu historycznego \u015aladami wspomnie\u0144. Projekt dofinansowano ze \u015brodk\u00f3w Muzeum Historii Polski w ramach Programu Patriotyzm Jutra. <!--more--><\/p>\n<p>Wsp\u00f3lnie z M\u0142odzie\u017cowym Zast\u0119pc\u0105 Prezydenta Miasta \u2013 Jakubem Kosoniem, zaplanowali\u015bmy cykl wydarze\u0144 kulturalnych, wyk\u0142ad\u00f3w, koncert\u00f3w, wywiad\u00f3w i spacer\u00f3w, kt\u00f3re w znacz\u0105cy spos\u00f3b wp\u0142yn\u0105 na zwi\u0119kszenie \u015bwiadomo\u015bci historycznej mieszka\u0144c\u00f3w Zawiercia. Przybli\u017c\u0105 bogat\u0105 histori\u0119 naszego miasta, przypomn\u0105 zas\u0142u\u017conych mieszka\u0144c\u00f3w, a tak\u017ce pozwol\u0105 pozna\u0107 wa\u017cne historycznie miejsca w mie\u015bcie.<\/p>\n<p><a href=\"https:\/\/slaskipegaz.bs.katowice.pl\/wp-content\/uploads\/2020\/09\/DSC_0329_1.jpg\"><img loading=\"lazy\" decoding=\"async\" class=\"aligncenter size-medium wp-image-19813\" src=\"https:\/\/slaskipegaz.bs.katowice.pl\/wp-content\/uploads\/2020\/09\/DSC_0329_1-300x200.jpg\" alt=\"\" width=\"300\" height=\"200\" srcset=\"https:\/\/slaskipegaz.bs.katowice.pl\/wp-content\/uploads\/2020\/09\/DSC_0329_1-300x200.jpg 300w, https:\/\/slaskipegaz.bs.katowice.pl\/wp-content\/uploads\/2020\/09\/DSC_0329_1-768x512.jpg 768w, https:\/\/slaskipegaz.bs.katowice.pl\/wp-content\/uploads\/2020\/09\/DSC_0329_1-1024x683.jpg 1024w, https:\/\/slaskipegaz.bs.katowice.pl\/wp-content\/uploads\/2020\/09\/DSC_0329_1.jpg 1500w\" sizes=\"auto, (max-width: 300px) 100vw, 300px\" \/><\/a><\/p>\n<p>Promowanie postaw patriotycznych, upowszechnianie wiedzy z zakresu polskich tradycji narodowych, pa\u0144stwowych, zainspirowa\u0142o nas do rozmaitych dzia\u0142a\u0144. Pod\u0105\u017caj\u0105c \u015bladami wspomnie\u0144, przypomnieli\u015bmy wybitnego \u015bpiewaka operowego \u2013 Jerzego Gard\u0119.<\/p>\n<p>Prelegentem \u015brodowego spotkania by\u0142a Anita Maszczyk \u2013 \u015bpiewaczka operowa, absolwentka Akademii Muzycznej im. K. Szymanowskiego w Katowicach, Wydzia\u0142u Wokalno-Aktorskiego, w klasie \u015bpiewu solowego Haliny Skubis. Wyczerpuj\u0105co przedstawi\u0142a rozw\u00f3j opery w Polsce i na \u015bwicie. Zwr\u00f3ci\u0142a uwag\u0119 na jej ekspresywno\u015b\u0107 i rodzaj swoistej gry aktorskiej \u015bpiewak\u00f3w. Opowiadaj\u0105c o Jerzym Gardzie, skupi\u0142a si\u0119 na najistotniejszych faktach z jego \u017cyciorysu.<\/p>\n<p><a href=\"https:\/\/slaskipegaz.bs.katowice.pl\/wp-content\/uploads\/2020\/09\/DSC_0350_1.jpg\"><img loading=\"lazy\" decoding=\"async\" class=\"aligncenter size-medium wp-image-19814\" src=\"https:\/\/slaskipegaz.bs.katowice.pl\/wp-content\/uploads\/2020\/09\/DSC_0350_1-300x200.jpg\" alt=\"\" width=\"300\" height=\"200\" srcset=\"https:\/\/slaskipegaz.bs.katowice.pl\/wp-content\/uploads\/2020\/09\/DSC_0350_1-300x200.jpg 300w, https:\/\/slaskipegaz.bs.katowice.pl\/wp-content\/uploads\/2020\/09\/DSC_0350_1-768x512.jpg 768w, https:\/\/slaskipegaz.bs.katowice.pl\/wp-content\/uploads\/2020\/09\/DSC_0350_1-1024x683.jpg 1024w, https:\/\/slaskipegaz.bs.katowice.pl\/wp-content\/uploads\/2020\/09\/DSC_0350_1.jpg 1500w\" sizes=\"auto, (max-width: 300px) 100vw, 300px\" \/><\/a><\/p>\n<p>\u015apiewak doceniony zar\u00f3wno w Polsce, jak i na wielkich scenach Europy, sta\u0142 si\u0119 symbolem wielkiej si\u0142y, niez\u0142omno\u015bci w d\u0105\u017ceniu do celu. Odznaczony Krzy\u017cem Komandorskim Orderu Odrodzenia Polski za wybitne zas\u0142ugi po\u0142o\u017cone w dziedzinie upowszechnienia muzyki. Ciep\u0142y ton g\u0142osu Anity Maszczyk i niesamowite wykonania towarzysz\u0105cych jej m\u0142odych artystek \u2013 Aleksandry P\u0142\u00f3ciennik, Magdaleny Halaby i Kariny Sornik przy akompaniamencie Micha\u0142a Rusa, dostarczy\u0142y widowni wielu wzrusze\u0144. Pozwoli\u0142y na wydobycie najpi\u0119kniejszych emocji. S\u0142ysz\u0105c zarejestrowany g\u0142os Jerzego Gardy, wielu z nas \u0142ezka zakr\u0119ci\u0142a si\u0119 w oku. Jest to kolejne wielkie nazwisko zwi\u0105zane z naszym miastem.<\/p>\n<p>Dzi\u0119kujemy Anicie Maszczyk za profesjonalne uj\u0119cie tematu, m\u0142odym artystkom za pi\u0119kne wykonania. Dyrektorowi Miejskiego O\u015brodka Kultury za udost\u0119pnienie sali.<\/p>\n<p><a href=\"https:\/\/slaskipegaz.bs.katowice.pl\/wp-content\/uploads\/2020\/09\/bia\u0142y-prostok\u0105t.jpg\"><img loading=\"lazy\" decoding=\"async\" class=\"size-medium wp-image-19815 alignleft\" src=\"https:\/\/slaskipegaz.bs.katowice.pl\/wp-content\/uploads\/2020\/09\/bia\u0142y-prostok\u0105t-300x115.jpg\" alt=\"\" width=\"300\" height=\"115\" srcset=\"https:\/\/slaskipegaz.bs.katowice.pl\/wp-content\/uploads\/2020\/09\/bia\u0142y-prostok\u0105t-300x115.jpg 300w, https:\/\/slaskipegaz.bs.katowice.pl\/wp-content\/uploads\/2020\/09\/bia\u0142y-prostok\u0105t-768x294.jpg 768w, https:\/\/slaskipegaz.bs.katowice.pl\/wp-content\/uploads\/2020\/09\/bia\u0142y-prostok\u0105t-1024x392.jpg 1024w\" sizes=\"auto, (max-width: 300px) 100vw, 300px\" \/><\/a>Dofinansowana ze \u015brodk\u00f3w Muzeum Historii Polski w ramach programu \u201ePatriotyzm Jutra\u201d<\/p>\n<p>&nbsp;<\/p>\n<p>Nades\u0142a\u0142a: Miejska i Powiatowa Biblioteka Publiczna w Zawierciu<\/p>\n","protected":false},"excerpt":{"rendered":"<p>Wspominamy Jerzego Gard\u0119 26 sierpnia 2020 r. Miejska i Powiatowa Biblioteka Publiczna w Zawierciu, rozpocz\u0119\u0142a realizacj\u0119 projektu historycznego \u015aladami wspomnie\u0144. Projekt dofinansowano ze \u015brodk\u00f3w Muzeum Historii Polski w ramach Programu Patriotyzm Jutra.<\/p>\n","protected":false},"author":3,"featured_media":0,"comment_status":"closed","ping_status":"closed","sticky":false,"template":"","format":"standard","meta":{"_acf_changed":false,"_exactmetrics_skip_tracking":false,"_exactmetrics_sitenote_active":false,"_exactmetrics_sitenote_note":"","_exactmetrics_sitenote_category":0,"footnotes":""},"categories":[2057],"tags":[2060,110,1102],"class_list":["post-19811","post","type-post","status-publish","format-standard","hentry","category-nr-71-wrzesien-2020","tag-jerzy-garda","tag-miejska-i-powiatowa-biblioteka-publiczna-w-zawierciu","tag-patriotyzm-jutra"],"acf":[],"jetpack_featured_media_url":"","_links":{"self":[{"href":"https:\/\/slaskipegaz.bs.katowice.pl\/index.php?rest_route=\/wp\/v2\/posts\/19811","targetHints":{"allow":["GET"]}}],"collection":[{"href":"https:\/\/slaskipegaz.bs.katowice.pl\/index.php?rest_route=\/wp\/v2\/posts"}],"about":[{"href":"https:\/\/slaskipegaz.bs.katowice.pl\/index.php?rest_route=\/wp\/v2\/types\/post"}],"author":[{"embeddable":true,"href":"https:\/\/slaskipegaz.bs.katowice.pl\/index.php?rest_route=\/wp\/v2\/users\/3"}],"replies":[{"embeddable":true,"href":"https:\/\/slaskipegaz.bs.katowice.pl\/index.php?rest_route=%2Fwp%2Fv2%2Fcomments&post=19811"}],"version-history":[{"count":1,"href":"https:\/\/slaskipegaz.bs.katowice.pl\/index.php?rest_route=\/wp\/v2\/posts\/19811\/revisions"}],"predecessor-version":[{"id":19816,"href":"https:\/\/slaskipegaz.bs.katowice.pl\/index.php?rest_route=\/wp\/v2\/posts\/19811\/revisions\/19816"}],"wp:attachment":[{"href":"https:\/\/slaskipegaz.bs.katowice.pl\/index.php?rest_route=%2Fwp%2Fv2%2Fmedia&parent=19811"}],"wp:term":[{"taxonomy":"category","embeddable":true,"href":"https:\/\/slaskipegaz.bs.katowice.pl\/index.php?rest_route=%2Fwp%2Fv2%2Fcategories&post=19811"},{"taxonomy":"post_tag","embeddable":true,"href":"https:\/\/slaskipegaz.bs.katowice.pl\/index.php?rest_route=%2Fwp%2Fv2%2Ftags&post=19811"}],"curies":[{"name":"wp","href":"https:\/\/api.w.org\/{rel}","templated":true}]}}