{"id":19817,"date":"2020-09-11T12:37:57","date_gmt":"2020-09-11T10:37:57","guid":{"rendered":"http:\/\/slaskipegaz.bs.katowice.pl\/?p=19817"},"modified":"2020-09-11T12:37:57","modified_gmt":"2020-09-11T10:37:57","slug":"zapowiedz-miejska-biblioteka-publiczna-w-sosnowcu-89","status":"publish","type":"post","link":"https:\/\/slaskipegaz.bs.katowice.pl\/?p=19817","title":{"rendered":"[Zapowied\u017a] MIEJSKA BIBLIOTEKA PUBLICZNA W SOSNOWCU"},"content":{"rendered":"<h6 style=\"text-align: center;\"><strong>\u201ePotwierdzi\u0107 istnienie \u015bwiata, kt\u00f3ry utraci\u0142em\u201d. <\/strong><strong>Spotkanie z\u00a0Ryszardem Kozio\u0142kiem\u00a0wok\u00f3\u0142 ksi\u0105\u017cki\u00a0\u201eWiele tytu\u0142\u00f3w\u201d<\/strong><\/h6>\n<p><a href=\"https:\/\/slaskipegaz.bs.katowice.pl\/wp-content\/uploads\/2020\/09\/Kozio\u0142ek-plakat-ZM.jpg\"><img loading=\"lazy\" decoding=\"async\" class=\"size-medium wp-image-19818 alignleft\" src=\"https:\/\/slaskipegaz.bs.katowice.pl\/wp-content\/uploads\/2020\/09\/Kozio\u0142ek-plakat-ZM-211x300.jpg\" alt=\"\" width=\"211\" height=\"300\" srcset=\"https:\/\/slaskipegaz.bs.katowice.pl\/wp-content\/uploads\/2020\/09\/Kozio\u0142ek-plakat-ZM-211x300.jpg 211w, https:\/\/slaskipegaz.bs.katowice.pl\/wp-content\/uploads\/2020\/09\/Kozio\u0142ek-plakat-ZM-768x1094.jpg 768w, https:\/\/slaskipegaz.bs.katowice.pl\/wp-content\/uploads\/2020\/09\/Kozio\u0142ek-plakat-ZM-719x1024.jpg 719w, https:\/\/slaskipegaz.bs.katowice.pl\/wp-content\/uploads\/2020\/09\/Kozio\u0142ek-plakat-ZM.jpg 1000w\" sizes=\"auto, (max-width: 211px) 100vw, 211px\" \/><\/a>Miejska Biblioteka Publiczna w Sosnowcu serdecznie zaprasza w czwartek 17 wrze\u015bnia 2020 o godz. 18.00 do Auli Zag\u0142\u0119biowskiej Mediateki przy ul. Ko\u015bcielnej 11 na spotkanie autorskie z Ryszardem Kozio\u0142kiem \u2013 literaturoznawc\u0105, eseist\u0105, krytykiem. Rozmow\u0119 po\u015bwi\u0119con\u0105 ksi\u0105\u017cce \u201eWiele tytu\u0142\u00f3w\u201d poprowadzi Szymon Kloska. Dodatkow\u0105 atrakcj\u0105 spotkania b\u0119dzie ilustracja muzyczna w wykonaniu trio_io. Wst\u0119p mo\u017cliwy tylko z bezp\u0142atn\u0105 wej\u015bci\u00f3wk\u0105 (50 wej\u015bci\u00f3wek do odbioru w Informatorium Zag\u0142\u0119biowskiej Mediateki \u2013 poziom I, w godz. otwarcia plac\u00f3wki).<!--more--><\/p>\n<p>Uczestnicy spotkania b\u0119d\u0105 mieli mo\u017cliwo\u015b\u0107 zakupu najnowszej ksi\u0105\u017cki Autora i zdobycia cennego autografu.<\/p>\n<p>Rozmowa b\u0119dzie retransmitowana na kanale YouTube i Facebooku Biblioteki. Przypominamy o obowi\u0105zkowych maseczkach, dezynfekcji r\u0105k i zachowaniu dystansu.<\/p>\n<p><strong>Ryszard\u00a0Kozio\u0142ek<\/strong>\u00a0\u2013\u00a0literaturoznawca, eseista, profesor w Instytucie Literaturoznawstwa Uniwersytetu \u015al\u0105skiego, od wrze\u015bnia 2020 roku jego rektor. Sta\u0142y wsp\u00f3\u0142pracownik Tygodnika Powszechnego. Cz\u0142onek jury Nagrody Literackiej Nike w latach 2012-2015. W\u00a02010 roku otrzyma\u0142 Nagrod\u0119 Literack\u0105 Gdynia w\u00a0kategorii \u201eEseistyka\u201d za\u00a0ksi\u0105\u017ck\u0119\u00a0<em>Cia\u0142a Sienkiewicza. Studia o\u00a0p\u0142ci i\u00a0przemocy<\/em>. W\u00a02016 jego ksi\u0105\u017cka\u00a0<em>Dobrze si\u0119 my\u015bli literatur\u0105 <\/em>zosta\u0142a uhonorowana \u015al\u0105skim Wawrzynem Literackim.\u00a0W 2017 r. otrzyma\u0142 Nagrod\u0119 im. Kazimierza Wyki za wybitne osi\u0105gni\u0119cia w dziedzinie eseistyki oraz krytyki literackiej i artystycznej. W roku 2019 w Wydawnictwie Czarne ukaza\u0142a si\u0119 jego najnowsza ksi\u0105\u017cka\u00a0<em>Wiele tytu\u0142\u00f3w<\/em>.<\/p>\n<p><strong>Szymon Kloska<\/strong> \u2013\u00a0krytyk i\u00a0aktywista literacki. O\u00a0ksi\u0105\u017ckach opowiada w\u00a0radio i\u00a0telewizji, pisuje w\u00a0prasie drukowanej i\u00a0elektronicznej. Prowadzi\u0142 liczne programy telewizyjne i\u00a0audycje o\u00a0literaturze, m.in.: \u201eWOK \u2013 Wszystko o\u00a0Kulturze\u201d, \u201eKsi\u0105\u017cki na\u00a0Lato\u201d i\u00a0\u201eMy\u015blnik\u201d. Od\u00a0przesz\u0142o dekady wsp\u00f3\u0142prowadzi audycj\u0119 \u201ePi\u0105tka z\u00a0literatury\u201d w\u00a0RMF Classic. Wieloletni pracownik Instytutu Ksi\u0105\u017cki. Od\u00a02017 roku zwi\u0105zany z\u00a0programem Krak\u00f3w Miasto Literatury UNESCO. Wsp\u00f3\u0142tw\u00f3rca Festiwalu Literatury dla Dzieci.\u00a0Jest rzecznikiem prasowym Nagrody Literackiej Gdynia i\u00a0kuratorem Festiwalu Miasto S\u0142owa.<\/p>\n<p><strong>trio_io\u00a0<\/strong>&#8211; ich muzyka jest wypadkow\u0105 trzech umys\u0142\u00f3w, trzech r\u00f3\u017cnych j\u0119zyk\u00f3w muzycznych, trzech \u017ar\u00f3de\u0142 pochodzenia. To tw\u00f3rczo\u015b\u0107 otwartych form, czerpi\u0105cych z tradycji muzyki kompozytor\u00f3w wsp\u00f3\u0142czesnych, eksperyment\u00f3w z\u00a0preparacj\u0105 instrument\u00f3w oraz element\u00f3w free jazzu i muzyki ludowej. W roku 2019 nak\u0142adem wytw\u00f3rni B\u00f3\u0142t Records trio wyda\u0142o sw\u0105 debiutanck\u0105 p\u0142yt\u0119 \u201eWaves\u201d.<\/p>\n<p>Sk\u0142ad: Zofia Ilnicka \u2013 flet; \u0141ukasz Marciniak \u2013 gitara; Jakub Wosik &#8211; skrzypce<\/p>\n<p>Wszystkich zainteresowanych otrzymywaniem regularnych informacji o ofercie Miejskiej Biblioteki Publiczne w Sosnowcu zach\u0119camy do zapisania si\u0119 do newslettera za po\u015brednictwem strony www.biblioteka.sosnowiec.pl i \u015bledzenia nas w mediach spo\u0142eczno\u015bciowych (Facebook, YouTube, Instagram, Twitter).<\/p>\n","protected":false},"excerpt":{"rendered":"<p>\u201ePotwierdzi\u0107 istnienie \u015bwiata, kt\u00f3ry utraci\u0142em\u201d. Spotkanie z\u00a0Ryszardem Kozio\u0142kiem\u00a0wok\u00f3\u0142 ksi\u0105\u017cki\u00a0\u201eWiele tytu\u0142\u00f3w\u201d Miejska Biblioteka Publiczna w Sosnowcu serdecznie zaprasza w czwartek 17 wrze\u015bnia 2020 o godz. 18.00 do Auli Zag\u0142\u0119biowskiej Mediateki przy ul. Ko\u015bcielnej 11 na spotkanie autorskie z Ryszardem Kozio\u0142kiem \u2013 literaturoznawc\u0105, eseist\u0105, krytykiem. Rozmow\u0119 po\u015bwi\u0119con\u0105 ksi\u0105\u017cce \u201eWiele tytu\u0142\u00f3w\u201d poprowadzi Szymon Kloska. Dodatkow\u0105 atrakcj\u0105 spotkania b\u0119dzie &hellip; <a href=\"https:\/\/slaskipegaz.bs.katowice.pl\/?p=19817\" class=\"more-link\">Czytaj dalej <span class=\"screen-reader-text\">[Zapowied\u017a] MIEJSKA BIBLIOTEKA PUBLICZNA W SOSNOWCU<\/span> <span class=\"meta-nav\">&rarr;<\/span><\/a><\/p>\n","protected":false},"author":3,"featured_media":0,"comment_status":"closed","ping_status":"closed","sticky":false,"template":"","format":"standard","meta":{"_acf_changed":false,"_exactmetrics_skip_tracking":false,"_exactmetrics_sitenote_active":false,"_exactmetrics_sitenote_note":"","_exactmetrics_sitenote_category":0,"footnotes":""},"categories":[6],"tags":[146,919,11],"class_list":["post-19817","post","type-post","status-publish","format-standard","hentry","category-aktualnosci","tag-miejska-biblioteka-publiczna-w-sosnowcu","tag-ryszard-koziolek","tag-spotkanie-autorskie"],"acf":[],"jetpack_featured_media_url":"","_links":{"self":[{"href":"https:\/\/slaskipegaz.bs.katowice.pl\/index.php?rest_route=\/wp\/v2\/posts\/19817","targetHints":{"allow":["GET"]}}],"collection":[{"href":"https:\/\/slaskipegaz.bs.katowice.pl\/index.php?rest_route=\/wp\/v2\/posts"}],"about":[{"href":"https:\/\/slaskipegaz.bs.katowice.pl\/index.php?rest_route=\/wp\/v2\/types\/post"}],"author":[{"embeddable":true,"href":"https:\/\/slaskipegaz.bs.katowice.pl\/index.php?rest_route=\/wp\/v2\/users\/3"}],"replies":[{"embeddable":true,"href":"https:\/\/slaskipegaz.bs.katowice.pl\/index.php?rest_route=%2Fwp%2Fv2%2Fcomments&post=19817"}],"version-history":[{"count":1,"href":"https:\/\/slaskipegaz.bs.katowice.pl\/index.php?rest_route=\/wp\/v2\/posts\/19817\/revisions"}],"predecessor-version":[{"id":19819,"href":"https:\/\/slaskipegaz.bs.katowice.pl\/index.php?rest_route=\/wp\/v2\/posts\/19817\/revisions\/19819"}],"wp:attachment":[{"href":"https:\/\/slaskipegaz.bs.katowice.pl\/index.php?rest_route=%2Fwp%2Fv2%2Fmedia&parent=19817"}],"wp:term":[{"taxonomy":"category","embeddable":true,"href":"https:\/\/slaskipegaz.bs.katowice.pl\/index.php?rest_route=%2Fwp%2Fv2%2Fcategories&post=19817"},{"taxonomy":"post_tag","embeddable":true,"href":"https:\/\/slaskipegaz.bs.katowice.pl\/index.php?rest_route=%2Fwp%2Fv2%2Ftags&post=19817"}],"curies":[{"name":"wp","href":"https:\/\/api.w.org\/{rel}","templated":true}]}}