{"id":19828,"date":"2020-09-11T13:04:27","date_gmt":"2020-09-11T11:04:27","guid":{"rendered":"http:\/\/slaskipegaz.bs.katowice.pl\/?p=19828"},"modified":"2020-10-08T12:15:06","modified_gmt":"2020-10-08T10:15:06","slug":"relacja-ksiaznica-beskidzka-w-bielsku-bialej-137","status":"publish","type":"post","link":"https:\/\/slaskipegaz.bs.katowice.pl\/?p=19828","title":{"rendered":"[Relacja] KSI\u0104\u017bNICA BESKIDZKA W BIELSKU-BIA\u0141EJ"},"content":{"rendered":"<p>&nbsp;<\/p>\n<p><a href=\"https:\/\/slaskipegaz.bs.katowice.pl\/wp-content\/uploads\/2020\/09\/DSC0012.jpg\"><img loading=\"lazy\" decoding=\"async\" class=\"size-medium wp-image-19829 alignleft\" src=\"https:\/\/slaskipegaz.bs.katowice.pl\/wp-content\/uploads\/2020\/09\/DSC0012-300x199.jpg\" alt=\"\" width=\"300\" height=\"199\" srcset=\"https:\/\/slaskipegaz.bs.katowice.pl\/wp-content\/uploads\/2020\/09\/DSC0012-300x199.jpg 300w, https:\/\/slaskipegaz.bs.katowice.pl\/wp-content\/uploads\/2020\/09\/DSC0012-768x509.jpg 768w, https:\/\/slaskipegaz.bs.katowice.pl\/wp-content\/uploads\/2020\/09\/DSC0012.jpg 1024w\" sizes=\"auto, (max-width: 300px) 100vw, 300px\" \/><\/a>W sobot\u0119 5 wrze\u015bnia w wielu miastach w Polsce odby\u0142o si\u0119 Narodowe Czytanie. Akcja odbywa si\u0119 pod patronatem Pary Prezydenckiej, z ka\u017cdym rokiem cieszy si\u0119 coraz wi\u0119kszym zainteresowaniem, a do kolejnych edycji przy\u0142\u0105czaj\u0105 si\u0119 nast\u0119pne miasta. Narodowe Czytanie to akcja, kt\u00f3ra ma nie tylko zach\u0119ci\u0107 Polak\u00f3w do cz\u0119stszego si\u0119gania po ksi\u0105\u017cki, ale tak\u017ce przypomnie\u0107 klasyk\u0119 literatury polskiej.<!--more--><\/p>\n<p>W Bielsku-Bia\u0142ej wydarzenie organizowane wsp\u00f3lnie przez Ksi\u0105\u017cnic\u0119 Beskidzk\u0105 i Wydzia\u0142 Kultury i Sztuki Urz\u0119du Miasta przyci\u0105gn\u0119\u0142o na Rynek Starego Miasta nie tylko mi\u0142o\u015bnik\u00f3w tw\u00f3rczo\u015bci literackiej Juliusza S\u0142owackiego, ale tak\u017ce i tych, dla kt\u00f3rych ksi\u0105\u017cki s\u0105 wa\u017cne. W\u015br\u00f3d zaproszonych go\u015bci znale\u017ali si\u0119 pos\u0142owie na Sejm RP Miros\u0142awa Nykiel i Przemys\u0142aw Drabek, prezydent Jaros\u0142aw Klimaszewski, a tak\u017ce bielscy radni.<\/p>\n<p><a href=\"https:\/\/slaskipegaz.bs.katowice.pl\/wp-content\/uploads\/2020\/09\/DSC0064.jpg\"><img loading=\"lazy\" decoding=\"async\" class=\"aligncenter size-medium wp-image-19830\" src=\"https:\/\/slaskipegaz.bs.katowice.pl\/wp-content\/uploads\/2020\/09\/DSC0064-300x199.jpg\" alt=\"\" width=\"300\" height=\"199\" srcset=\"https:\/\/slaskipegaz.bs.katowice.pl\/wp-content\/uploads\/2020\/09\/DSC0064-300x199.jpg 300w, https:\/\/slaskipegaz.bs.katowice.pl\/wp-content\/uploads\/2020\/09\/DSC0064-768x509.jpg 768w, https:\/\/slaskipegaz.bs.katowice.pl\/wp-content\/uploads\/2020\/09\/DSC0064.jpg 1024w\" sizes=\"auto, (max-width: 300px) 100vw, 300px\" \/><\/a><\/p>\n<p>Na bielskim Rynek mo\u017cna by\u0142o wys\u0142ucha\u0107 fragment\u00f3w \u201eBalladyny\u201d odczytanych przez prezydenta miasta Jaros\u0142awa Klimaszewskiego i aktor\u00f3w Teatru Polskiego: Jadwig\u0119 Grygierczyk, Mart\u0119 Sawick\u0105, Rafa\u0142a Sawickiego i Teatru Lalek Banialuka: Lucyn\u0119 Sypniewsk\u0105.<\/p>\n<p>R\u00f3wnocze\u015bnie Narodowe Czytanie odbywa\u0142o si\u0119 w w\u0119gierskim Szolnok.<\/p>\n<p><a href=\"https:\/\/slaskipegaz.bs.katowice.pl\/wp-content\/uploads\/2020\/09\/DSC0019.jpg\"><img loading=\"lazy\" decoding=\"async\" class=\"aligncenter size-medium wp-image-19831\" src=\"https:\/\/slaskipegaz.bs.katowice.pl\/wp-content\/uploads\/2020\/09\/DSC0019-300x199.jpg\" alt=\"\" width=\"300\" height=\"199\" srcset=\"https:\/\/slaskipegaz.bs.katowice.pl\/wp-content\/uploads\/2020\/09\/DSC0019-300x199.jpg 300w, https:\/\/slaskipegaz.bs.katowice.pl\/wp-content\/uploads\/2020\/09\/DSC0019-768x509.jpg 768w, https:\/\/slaskipegaz.bs.katowice.pl\/wp-content\/uploads\/2020\/09\/DSC0019.jpg 1024w\" sizes=\"auto, (max-width: 300px) 100vw, 300px\" \/><\/a><\/p>\n<p>Bielska edycja Narodowego Czytania odby\u0142a si\u0119 pod patronatem honorowym Prezydenta Miasta. Dzi\u0119kujemy Zieleni Miejskiej za pomoc w przygotowaniu aran\u017cacji.<\/p>\n<p>Nades\u0142a\u0142a: Ksi\u0105\u017cnica Beskidzka<\/p>\n","protected":false},"excerpt":{"rendered":"<p>&nbsp; W sobot\u0119 5 wrze\u015bnia w wielu miastach w Polsce odby\u0142o si\u0119 Narodowe Czytanie. Akcja odbywa si\u0119 pod patronatem Pary Prezydenckiej, z ka\u017cdym rokiem cieszy si\u0119 coraz wi\u0119kszym zainteresowaniem, a do kolejnych edycji przy\u0142\u0105czaj\u0105 si\u0119 nast\u0119pne miasta. Narodowe Czytanie to akcja, kt\u00f3ra ma nie tylko zach\u0119ci\u0107 Polak\u00f3w do cz\u0119stszego si\u0119gania po ksi\u0105\u017cki, ale tak\u017ce przypomnie\u0107 &hellip; <a href=\"https:\/\/slaskipegaz.bs.katowice.pl\/?p=19828\" class=\"more-link\">Czytaj dalej <span class=\"screen-reader-text\">[Relacja] KSI\u0104\u017bNICA BESKIDZKA W BIELSKU-BIA\u0141EJ<\/span> <span class=\"meta-nav\">&rarr;<\/span><\/a><\/p>\n","protected":false},"author":3,"featured_media":0,"comment_status":"closed","ping_status":"closed","sticky":false,"template":"","format":"standard","meta":{"_acf_changed":false,"_exactmetrics_skip_tracking":false,"_exactmetrics_sitenote_active":false,"_exactmetrics_sitenote_note":"","_exactmetrics_sitenote_category":0,"footnotes":""},"categories":[2057],"tags":[83,333],"class_list":["post-19828","post","type-post","status-publish","format-standard","hentry","category-nr-71-wrzesien-2020","tag-ksiaznica-beskidzka","tag-narodowe-czytanie"],"acf":[],"jetpack_featured_media_url":"","_links":{"self":[{"href":"https:\/\/slaskipegaz.bs.katowice.pl\/index.php?rest_route=\/wp\/v2\/posts\/19828","targetHints":{"allow":["GET"]}}],"collection":[{"href":"https:\/\/slaskipegaz.bs.katowice.pl\/index.php?rest_route=\/wp\/v2\/posts"}],"about":[{"href":"https:\/\/slaskipegaz.bs.katowice.pl\/index.php?rest_route=\/wp\/v2\/types\/post"}],"author":[{"embeddable":true,"href":"https:\/\/slaskipegaz.bs.katowice.pl\/index.php?rest_route=\/wp\/v2\/users\/3"}],"replies":[{"embeddable":true,"href":"https:\/\/slaskipegaz.bs.katowice.pl\/index.php?rest_route=%2Fwp%2Fv2%2Fcomments&post=19828"}],"version-history":[{"count":1,"href":"https:\/\/slaskipegaz.bs.katowice.pl\/index.php?rest_route=\/wp\/v2\/posts\/19828\/revisions"}],"predecessor-version":[{"id":19832,"href":"https:\/\/slaskipegaz.bs.katowice.pl\/index.php?rest_route=\/wp\/v2\/posts\/19828\/revisions\/19832"}],"wp:attachment":[{"href":"https:\/\/slaskipegaz.bs.katowice.pl\/index.php?rest_route=%2Fwp%2Fv2%2Fmedia&parent=19828"}],"wp:term":[{"taxonomy":"category","embeddable":true,"href":"https:\/\/slaskipegaz.bs.katowice.pl\/index.php?rest_route=%2Fwp%2Fv2%2Fcategories&post=19828"},{"taxonomy":"post_tag","embeddable":true,"href":"https:\/\/slaskipegaz.bs.katowice.pl\/index.php?rest_route=%2Fwp%2Fv2%2Ftags&post=19828"}],"curies":[{"name":"wp","href":"https:\/\/api.w.org\/{rel}","templated":true}]}}