{"id":19833,"date":"2020-09-11T13:17:11","date_gmt":"2020-09-11T11:17:11","guid":{"rendered":"http:\/\/slaskipegaz.bs.katowice.pl\/?p=19833"},"modified":"2020-10-08T12:15:00","modified_gmt":"2020-10-08T10:15:00","slug":"relacja-miejska-i-powiatowa-biblioteka-publiczna-w-zawierciu-207","status":"publish","type":"post","link":"https:\/\/slaskipegaz.bs.katowice.pl\/?p=19833","title":{"rendered":"[Relacja] MIEJSKA I POWIATOWA BIBLIOTEKA PUBLICZNA W ZAWIERCIU"},"content":{"rendered":"<h6 style=\"text-align: center;\">S\u0142awni Zawiercianie<\/h6>\n<p><a href=\"https:\/\/slaskipegaz.bs.katowice.pl\/wp-content\/uploads\/2020\/09\/118761150_336460231054142_9032389786186609088_n.jpg\"><img loading=\"lazy\" decoding=\"async\" class=\"size-medium wp-image-19834 alignleft\" src=\"https:\/\/slaskipegaz.bs.katowice.pl\/wp-content\/uploads\/2020\/09\/118761150_336460231054142_9032389786186609088_n-225x300.jpg\" alt=\"\" width=\"225\" height=\"300\" srcset=\"https:\/\/slaskipegaz.bs.katowice.pl\/wp-content\/uploads\/2020\/09\/118761150_336460231054142_9032389786186609088_n-225x300.jpg 225w, https:\/\/slaskipegaz.bs.katowice.pl\/wp-content\/uploads\/2020\/09\/118761150_336460231054142_9032389786186609088_n-768x1024.jpg 768w\" sizes=\"auto, (max-width: 225px) 100vw, 225px\" \/><\/a>Pi\u0105tkowy wiecz\u00f3r cz\u0119sto bywa okazj\u0105 do spotka\u0144. Zaprosili\u015bmy wi\u0119c mieszka\u0144c\u00f3w Zawiercia na niezwyk\u0142y spacer. 28 lutego 2020 r. ka\u017cdy mi\u0142o\u015bnik historii m\u00f3g\u0142 zaspokoi\u0107 ciekawo\u015b\u0107, poszerzy\u0107 posiadan\u0105 wiedz\u0119 i zobaczy\u0107 wa\u017cne historycznie miejsca. <!--more-->S\u0142awni Zawiercianie to tematyka spaceru historycznego, zaproponowanego w efekcie realizacji projektu \u015aladami wspomnie\u0144. Z zachowaniem wszelkich norm sanitarnych, punktualnie o 16.00, wyruszyli\u015bmy na pierwsz\u0105 historyczn\u0105 w\u0119dr\u00f3wk\u0119.<\/p>\n<p>Izabela Gumula wnikliwie przedstawi\u0142a miejsca i postaci, kt\u00f3re trwale zaznaczy\u0142y si\u0119 ma kartach naszego miasta. By\u0142a to wyczerpuj\u0105ca opowie\u015b\u0107 o Zygmuncie Adamie Sowi\u0144skim, Stanis\u0142awie J\u00f3zefie Holenderskim, Helenie Malczewskiej, Wac\u0142awie Chrzanowskim, Teodorze Stosiku, Stanis\u0142awie Szyma\u0144skim, Bogdanie Dworaku, czy Juliuszu Isaaku i Erne\u015bcie Erbe.<\/p>\n<p><a href=\"https:\/\/slaskipegaz.bs.katowice.pl\/wp-content\/uploads\/2020\/09\/118699779_3357889614272664_2579872503343218815_n.jpg\"><img loading=\"lazy\" decoding=\"async\" class=\"aligncenter size-medium wp-image-19835\" src=\"https:\/\/slaskipegaz.bs.katowice.pl\/wp-content\/uploads\/2020\/09\/118699779_3357889614272664_2579872503343218815_n-225x300.jpg\" alt=\"\" width=\"225\" height=\"300\" srcset=\"https:\/\/slaskipegaz.bs.katowice.pl\/wp-content\/uploads\/2020\/09\/118699779_3357889614272664_2579872503343218815_n-225x300.jpg 225w, https:\/\/slaskipegaz.bs.katowice.pl\/wp-content\/uploads\/2020\/09\/118699779_3357889614272664_2579872503343218815_n-768x1024.jpg 768w\" sizes=\"auto, (max-width: 225px) 100vw, 225px\" \/><\/a><\/p>\n<p>Podczas spaceru wszyscy uczestnicy otrzymali karty historyczne zawieraj\u0105ce informacje o przytaczanych osobach. Zaproponowali\u015bmy zar\u00f3wno co\u015b dla ducha, jak i dla cia\u0142a. Aktywno\u015b\u0107 i nauk\u0119, czynny relaks i naukowy maraton. By\u0142a to prawdziwie intelektualna uczta. Z pewno\u015bci\u0105 zaspokoi\u0142a apetyt niejednego historyka. Na kolejny spacer zapraszamy ju\u017c 19 wrze\u015bnia 2020 r. (sobota) godz. 11. Temat: Warthenau \u2013 Zawiercie w czasie II wojny \u015bwiatowej.<\/p>\n<p><a href=\"https:\/\/slaskipegaz.bs.katowice.pl\/wp-content\/uploads\/2020\/09\/bia\u0142y-prostok\u0105t.jpg\"><img loading=\"lazy\" decoding=\"async\" class=\"size-medium wp-image-19815 alignleft\" src=\"https:\/\/slaskipegaz.bs.katowice.pl\/wp-content\/uploads\/2020\/09\/bia\u0142y-prostok\u0105t-300x115.jpg\" alt=\"\" width=\"300\" height=\"115\" srcset=\"https:\/\/slaskipegaz.bs.katowice.pl\/wp-content\/uploads\/2020\/09\/bia\u0142y-prostok\u0105t-300x115.jpg 300w, https:\/\/slaskipegaz.bs.katowice.pl\/wp-content\/uploads\/2020\/09\/bia\u0142y-prostok\u0105t-768x294.jpg 768w, https:\/\/slaskipegaz.bs.katowice.pl\/wp-content\/uploads\/2020\/09\/bia\u0142y-prostok\u0105t-1024x392.jpg 1024w\" sizes=\"auto, (max-width: 300px) 100vw, 300px\" \/><\/a>Projekt dofinansowano ze \u015brodk\u00f3w Muzeum Historii Polski w ramach programu Patriotyzm Jutra.<\/p>\n","protected":false},"excerpt":{"rendered":"<p>S\u0142awni Zawiercianie Pi\u0105tkowy wiecz\u00f3r cz\u0119sto bywa okazj\u0105 do spotka\u0144. Zaprosili\u015bmy wi\u0119c mieszka\u0144c\u00f3w Zawiercia na niezwyk\u0142y spacer. 28 lutego 2020 r. ka\u017cdy mi\u0142o\u015bnik historii m\u00f3g\u0142 zaspokoi\u0107 ciekawo\u015b\u0107, poszerzy\u0107 posiadan\u0105 wiedz\u0119 i zobaczy\u0107 wa\u017cne historycznie miejsca.<\/p>\n","protected":false},"author":3,"featured_media":0,"comment_status":"closed","ping_status":"closed","sticky":false,"template":"","format":"standard","meta":{"_acf_changed":false,"_exactmetrics_skip_tracking":false,"_exactmetrics_sitenote_active":false,"_exactmetrics_sitenote_note":"","_exactmetrics_sitenote_category":0,"footnotes":""},"categories":[2057],"tags":[110,1102],"class_list":["post-19833","post","type-post","status-publish","format-standard","hentry","category-nr-71-wrzesien-2020","tag-miejska-i-powiatowa-biblioteka-publiczna-w-zawierciu","tag-patriotyzm-jutra"],"acf":[],"jetpack_featured_media_url":"","_links":{"self":[{"href":"https:\/\/slaskipegaz.bs.katowice.pl\/index.php?rest_route=\/wp\/v2\/posts\/19833","targetHints":{"allow":["GET"]}}],"collection":[{"href":"https:\/\/slaskipegaz.bs.katowice.pl\/index.php?rest_route=\/wp\/v2\/posts"}],"about":[{"href":"https:\/\/slaskipegaz.bs.katowice.pl\/index.php?rest_route=\/wp\/v2\/types\/post"}],"author":[{"embeddable":true,"href":"https:\/\/slaskipegaz.bs.katowice.pl\/index.php?rest_route=\/wp\/v2\/users\/3"}],"replies":[{"embeddable":true,"href":"https:\/\/slaskipegaz.bs.katowice.pl\/index.php?rest_route=%2Fwp%2Fv2%2Fcomments&post=19833"}],"version-history":[{"count":1,"href":"https:\/\/slaskipegaz.bs.katowice.pl\/index.php?rest_route=\/wp\/v2\/posts\/19833\/revisions"}],"predecessor-version":[{"id":19836,"href":"https:\/\/slaskipegaz.bs.katowice.pl\/index.php?rest_route=\/wp\/v2\/posts\/19833\/revisions\/19836"}],"wp:attachment":[{"href":"https:\/\/slaskipegaz.bs.katowice.pl\/index.php?rest_route=%2Fwp%2Fv2%2Fmedia&parent=19833"}],"wp:term":[{"taxonomy":"category","embeddable":true,"href":"https:\/\/slaskipegaz.bs.katowice.pl\/index.php?rest_route=%2Fwp%2Fv2%2Fcategories&post=19833"},{"taxonomy":"post_tag","embeddable":true,"href":"https:\/\/slaskipegaz.bs.katowice.pl\/index.php?rest_route=%2Fwp%2Fv2%2Ftags&post=19833"}],"curies":[{"name":"wp","href":"https:\/\/api.w.org\/{rel}","templated":true}]}}