{"id":19841,"date":"2020-09-11T13:55:16","date_gmt":"2020-09-11T11:55:16","guid":{"rendered":"http:\/\/slaskipegaz.bs.katowice.pl\/?p=19841"},"modified":"2020-10-08T12:14:36","modified_gmt":"2020-10-08T10:14:36","slug":"relacja-miejska-i-powiatowa-biblioteka-publiczna-w-zawierciu-208","status":"publish","type":"post","link":"https:\/\/slaskipegaz.bs.katowice.pl\/?p=19841","title":{"rendered":"[Relacja] MIEJSKA I POWIATOWA BIBLIOTEKA PUBLICZNA W ZAWIERCIU"},"content":{"rendered":"<h6 style=\"text-align: center;\">Koncert pami\u0119ci Jerzego Gardy<\/h6>\n<p><a href=\"https:\/\/slaskipegaz.bs.katowice.pl\/wp-content\/uploads\/2020\/09\/DSC_0394_1.jpg\"><img loading=\"lazy\" decoding=\"async\" class=\"size-medium wp-image-19842 alignleft\" src=\"https:\/\/slaskipegaz.bs.katowice.pl\/wp-content\/uploads\/2020\/09\/DSC_0394_1-300x200.jpg\" alt=\"koncert\" width=\"300\" height=\"200\" srcset=\"https:\/\/slaskipegaz.bs.katowice.pl\/wp-content\/uploads\/2020\/09\/DSC_0394_1-300x200.jpg 300w, https:\/\/slaskipegaz.bs.katowice.pl\/wp-content\/uploads\/2020\/09\/DSC_0394_1-768x512.jpg 768w, https:\/\/slaskipegaz.bs.katowice.pl\/wp-content\/uploads\/2020\/09\/DSC_0394_1-1024x683.jpg 1024w\" sizes=\"auto, (max-width: 300px) 100vw, 300px\" \/><\/a>Poruszenie umys\u0142u, euforia, zamy\u015blenie, nostalgia, rado\u015b\u0107 czy swoista ekscytacja, to emocje kt\u00f3re zaoferowali\u015bmy zawiercia\u0144skiej publiczno\u015bci podczas sobotniego koncertu zorganizowanego w sali Miejskiego O\u015brodka Kultury w Zawierciu. Koncert pami\u0119ci Jerzego Gardy, by\u0142 dope\u0142nieniem dzia\u0142a\u0144 zamykaj\u0105cych wydarzenia w sierpniu w ramach realizacji projektu \u015aladami wspomnie\u0144. <!--more--><\/p>\n<p>Po\u0142\u0105czenie s\u0142owa, muzyki, ruchu, gestu i swoistej gry aktorskiej, by\u0142o tym wszystkim, co zachwyci\u0142o naszych go\u015bci. Przejmuj\u0105ca aria Violetty z La Traviata Verdiego pozostawi\u0142a niezapomniane wra\u017cenie. Profesjonalizm wykonawc\u00f3w pozwoli\u0142 nam przenie\u015b\u0107 si\u0119 do czas\u00f3w Jerzego Gardy. Pozna\u0107 histori\u0119 jego \u017cycia, tajniki muzyki i uwierzy\u0107 w niesamowit\u0105 moc oddzia\u0142ywania d\u017awi\u0119k\u00f3w. Jerzy Garda trwale zago\u015bci\u0142 w umys\u0142ach i sercach wielu Zawiercian. Anita Maszczyk , Leopold Stawarz, a tak\u017ce m\u0142odzi adepci wokalistyki \u2013 Agnieszka \u0141azarowicz (mezzosopran), Aleksandra P\u0142\u00f3ciennik (sopran), Bernard Stawarz (baryton) przy pi\u0119knym akompaniamencie Aleksandry Naczy\u0144skiej \u2013 Szl\u0119k, zaprowadzili widz\u00f3w na wy\u017cyny najwi\u0119kszych emocji.<\/p>\n<p><a href=\"https:\/\/slaskipegaz.bs.katowice.pl\/wp-content\/uploads\/2020\/09\/DSC_0429_1.jpg\"><img loading=\"lazy\" decoding=\"async\" class=\"aligncenter size-medium wp-image-19843\" src=\"https:\/\/slaskipegaz.bs.katowice.pl\/wp-content\/uploads\/2020\/09\/DSC_0429_1-300x200.jpg\" alt=\"\" width=\"300\" height=\"200\" srcset=\"https:\/\/slaskipegaz.bs.katowice.pl\/wp-content\/uploads\/2020\/09\/DSC_0429_1-300x200.jpg 300w, https:\/\/slaskipegaz.bs.katowice.pl\/wp-content\/uploads\/2020\/09\/DSC_0429_1-768x512.jpg 768w, https:\/\/slaskipegaz.bs.katowice.pl\/wp-content\/uploads\/2020\/09\/DSC_0429_1-1024x683.jpg 1024w\" sizes=\"auto, (max-width: 300px) 100vw, 300px\" \/><\/a><a href=\"https:\/\/slaskipegaz.bs.katowice.pl\/wp-content\/uploads\/2020\/09\/DSC_0366_1.jpg\"><img loading=\"lazy\" decoding=\"async\" class=\"aligncenter size-medium wp-image-19844\" src=\"https:\/\/slaskipegaz.bs.katowice.pl\/wp-content\/uploads\/2020\/09\/DSC_0366_1-300x200.jpg\" alt=\"\" width=\"300\" height=\"200\" srcset=\"https:\/\/slaskipegaz.bs.katowice.pl\/wp-content\/uploads\/2020\/09\/DSC_0366_1-300x200.jpg 300w, https:\/\/slaskipegaz.bs.katowice.pl\/wp-content\/uploads\/2020\/09\/DSC_0366_1-768x512.jpg 768w, https:\/\/slaskipegaz.bs.katowice.pl\/wp-content\/uploads\/2020\/09\/DSC_0366_1-1024x683.jpg 1024w\" sizes=\"auto, (max-width: 300px) 100vw, 300px\" \/><\/a><\/p>\n<p>Za to im wszystkim bardzo dzi\u0119kujemy. Opowie\u015b\u0107 o Jerzym Gardzie sta\u0142a si\u0119 zach\u0119t\u0105 do realizowania swoich pasji, pomimo wyst\u0119puj\u0105cych przeciwno\u015bci.<\/p>\n<p>Kolejne muzyczne wydarzenie ju\u017c 12 wrze\u015bnia 2020 roku. Zapraszamy do \u015bledzenia naszych wiadomo\u015bci.<\/p>\n<p><a href=\"https:\/\/slaskipegaz.bs.katowice.pl\/wp-content\/uploads\/2020\/09\/bia\u0142y-prostok\u0105t.jpg\"><img loading=\"lazy\" decoding=\"async\" class=\"size-medium wp-image-19815 alignleft\" src=\"https:\/\/slaskipegaz.bs.katowice.pl\/wp-content\/uploads\/2020\/09\/bia\u0142y-prostok\u0105t-300x115.jpg\" alt=\"\" width=\"300\" height=\"115\" srcset=\"https:\/\/slaskipegaz.bs.katowice.pl\/wp-content\/uploads\/2020\/09\/bia\u0142y-prostok\u0105t-300x115.jpg 300w, https:\/\/slaskipegaz.bs.katowice.pl\/wp-content\/uploads\/2020\/09\/bia\u0142y-prostok\u0105t-768x294.jpg 768w, https:\/\/slaskipegaz.bs.katowice.pl\/wp-content\/uploads\/2020\/09\/bia\u0142y-prostok\u0105t-1024x392.jpg 1024w\" sizes=\"auto, (max-width: 300px) 100vw, 300px\" \/><\/a>Projekt dofinansowano z Muzeum Historii Polski w ramach realizacji programu &#8222;Patriotyzm Jutra&#8221;.<\/p>\n","protected":false},"excerpt":{"rendered":"<p>Koncert pami\u0119ci Jerzego Gardy Poruszenie umys\u0142u, euforia, zamy\u015blenie, nostalgia, rado\u015b\u0107 czy swoista ekscytacja, to emocje kt\u00f3re zaoferowali\u015bmy zawiercia\u0144skiej publiczno\u015bci podczas sobotniego koncertu zorganizowanego w sali Miejskiego O\u015brodka Kultury w Zawierciu. Koncert pami\u0119ci Jerzego Gardy, by\u0142 dope\u0142nieniem dzia\u0142a\u0144 zamykaj\u0105cych wydarzenia w sierpniu w ramach realizacji projektu \u015aladami wspomnie\u0144.<\/p>\n","protected":false},"author":3,"featured_media":0,"comment_status":"closed","ping_status":"closed","sticky":false,"template":"","format":"standard","meta":{"_acf_changed":false,"_exactmetrics_skip_tracking":false,"_exactmetrics_sitenote_active":false,"_exactmetrics_sitenote_note":"","_exactmetrics_sitenote_category":0,"footnotes":""},"categories":[2057],"tags":[2060,110,1102],"class_list":["post-19841","post","type-post","status-publish","format-standard","hentry","category-nr-71-wrzesien-2020","tag-jerzy-garda","tag-miejska-i-powiatowa-biblioteka-publiczna-w-zawierciu","tag-patriotyzm-jutra"],"acf":[],"jetpack_featured_media_url":"","_links":{"self":[{"href":"https:\/\/slaskipegaz.bs.katowice.pl\/index.php?rest_route=\/wp\/v2\/posts\/19841","targetHints":{"allow":["GET"]}}],"collection":[{"href":"https:\/\/slaskipegaz.bs.katowice.pl\/index.php?rest_route=\/wp\/v2\/posts"}],"about":[{"href":"https:\/\/slaskipegaz.bs.katowice.pl\/index.php?rest_route=\/wp\/v2\/types\/post"}],"author":[{"embeddable":true,"href":"https:\/\/slaskipegaz.bs.katowice.pl\/index.php?rest_route=\/wp\/v2\/users\/3"}],"replies":[{"embeddable":true,"href":"https:\/\/slaskipegaz.bs.katowice.pl\/index.php?rest_route=%2Fwp%2Fv2%2Fcomments&post=19841"}],"version-history":[{"count":1,"href":"https:\/\/slaskipegaz.bs.katowice.pl\/index.php?rest_route=\/wp\/v2\/posts\/19841\/revisions"}],"predecessor-version":[{"id":19845,"href":"https:\/\/slaskipegaz.bs.katowice.pl\/index.php?rest_route=\/wp\/v2\/posts\/19841\/revisions\/19845"}],"wp:attachment":[{"href":"https:\/\/slaskipegaz.bs.katowice.pl\/index.php?rest_route=%2Fwp%2Fv2%2Fmedia&parent=19841"}],"wp:term":[{"taxonomy":"category","embeddable":true,"href":"https:\/\/slaskipegaz.bs.katowice.pl\/index.php?rest_route=%2Fwp%2Fv2%2Fcategories&post=19841"},{"taxonomy":"post_tag","embeddable":true,"href":"https:\/\/slaskipegaz.bs.katowice.pl\/index.php?rest_route=%2Fwp%2Fv2%2Ftags&post=19841"}],"curies":[{"name":"wp","href":"https:\/\/api.w.org\/{rel}","templated":true}]}}