{"id":19852,"date":"2020-09-11T14:10:58","date_gmt":"2020-09-11T12:10:58","guid":{"rendered":"http:\/\/slaskipegaz.bs.katowice.pl\/?p=19852"},"modified":"2020-10-08T12:14:30","modified_gmt":"2020-10-08T10:14:30","slug":"relacja-miejska-i-powiatowa-biblioteka-publiczna-w-zawierciu-209","status":"publish","type":"post","link":"https:\/\/slaskipegaz.bs.katowice.pl\/?p=19852","title":{"rendered":"[Relacja] MIEJSKA I POWIATOWA BIBLIOTEKA PUBLICZNA W ZAWIERCIU"},"content":{"rendered":"<h6 style=\"text-align: center;\">Narodowe Czytanie 2020<\/h6>\n<p><a href=\"https:\/\/slaskipegaz.bs.katowice.pl\/wp-content\/uploads\/2020\/09\/118912613_314099476539546_1865047586892519450_n-1.jpg\"><img loading=\"lazy\" decoding=\"async\" class=\"size-medium wp-image-19853 alignleft\" src=\"https:\/\/slaskipegaz.bs.katowice.pl\/wp-content\/uploads\/2020\/09\/118912613_314099476539546_1865047586892519450_n-1-300x225.jpg\" alt=\"\" width=\"300\" height=\"225\" srcset=\"https:\/\/slaskipegaz.bs.katowice.pl\/wp-content\/uploads\/2020\/09\/118912613_314099476539546_1865047586892519450_n-1-300x225.jpg 300w, https:\/\/slaskipegaz.bs.katowice.pl\/wp-content\/uploads\/2020\/09\/118912613_314099476539546_1865047586892519450_n-1-768x576.jpg 768w, https:\/\/slaskipegaz.bs.katowice.pl\/wp-content\/uploads\/2020\/09\/118912613_314099476539546_1865047586892519450_n-1-1024x768.jpg 1024w, https:\/\/slaskipegaz.bs.katowice.pl\/wp-content\/uploads\/2020\/09\/118912613_314099476539546_1865047586892519450_n-1.jpg 2048w\" sizes=\"auto, (max-width: 300px) 100vw, 300px\" \/><\/a>Tegoroczna ods\u0142ona Narodowego Czytania przybra\u0142a kolor malin. Jak co roku, Miejska i Powiatowa Biblioteka Publiczna w Zawierciu, w\u0142\u0105czy\u0142a si\u0119 w og\u00f3lnopolsk\u0105 akcj\u0119 pod honorowym patronatem Prezydenta Andrzeja Dudy. W tym roku kr\u00f3lowa\u0142a Balladyna. <!--more-->Ze wzgl\u0119du na krajowe wymogi zwi\u0105zane z koronawirusem, zaprosili\u015bmy naszych go\u015bci przed Pa\u0142acyk Szyma\u0144skiego &#8211; siedzib\u0119 naszej biblioteki. W pi\u0119knych okoliczno\u015bciach przyrody, wybrzmia\u0142y wersy dzie\u0142a Juliusza S\u0142owackiego. Utworu, kt\u00f3ry jasno daje do zrozumienia, \u017ce nie ma zbrodni bez kary i ka\u017cdy nawet najmniejsze oszustwo, zostanie kiedy\u015b ukarane.<\/p>\n<p><a href=\"https:\/\/slaskipegaz.bs.katowice.pl\/wp-content\/uploads\/2020\/09\/118867513_350234776112152_6833315182327006431_n.jpg\"><img loading=\"lazy\" decoding=\"async\" class=\"aligncenter size-medium wp-image-19854\" src=\"https:\/\/slaskipegaz.bs.katowice.pl\/wp-content\/uploads\/2020\/09\/118867513_350234776112152_6833315182327006431_n-300x151.jpg\" alt=\"\" width=\"300\" height=\"151\" srcset=\"https:\/\/slaskipegaz.bs.katowice.pl\/wp-content\/uploads\/2020\/09\/118867513_350234776112152_6833315182327006431_n-300x151.jpg 300w, https:\/\/slaskipegaz.bs.katowice.pl\/wp-content\/uploads\/2020\/09\/118867513_350234776112152_6833315182327006431_n-768x388.jpg 768w, https:\/\/slaskipegaz.bs.katowice.pl\/wp-content\/uploads\/2020\/09\/118867513_350234776112152_6833315182327006431_n-1024x517.jpg 1024w, https:\/\/slaskipegaz.bs.katowice.pl\/wp-content\/uploads\/2020\/09\/118867513_350234776112152_6833315182327006431_n.jpg 2048w\" sizes=\"auto, (max-width: 300px) 100vw, 300px\" \/><\/a><\/p>\n<p>Cieszymy si\u0119, \u017ce zawsze mo\u017cemy liczy\u0107 na naszych go\u015bci. W\u015br\u00f3d zaproszonych znale\u017ali si\u0119: Prezydent Miasta \u0141ukasz Konarski, Wiceprezydent Miasta Ma\u0142gorzata Benc, Sekretarz Miasta Agata Jarza-Korpy\u015b, a tak\u017ce Dorota Pytlik Dyrektor Szko\u0142y Podstawowej nr 9 w Zawierciu wraz z grup\u0105 uczni\u00f3w, a tak\u017ce J\u00f3zef Nied\u017awiecki. Na nasze zaproszenie aktywnie odpowiedzia\u0142y uczennice wraz z nauczycielami z I Liceum Og\u00f3lnokszta\u0142c\u0105ce z Oddzia\u0142ami Dwuj\u0119zycznymi im. S. \u017beromskiego w Zawierciu oraz wychowanki Zak\u0142adu Poprawczego i Schroniska dla Nieletnich w Zawierciu wraz z wychowawc\u0105. Dziewczyny zaprezentowa\u0142y profesjonalizm i zaanga\u017cowanie.<\/p>\n<p><a href=\"https:\/\/slaskipegaz.bs.katowice.pl\/wp-content\/uploads\/2020\/09\/118858958_3063730023749751_5463911266579632471_n-1.jpg\"><img loading=\"lazy\" decoding=\"async\" class=\"aligncenter size-medium wp-image-19855\" src=\"https:\/\/slaskipegaz.bs.katowice.pl\/wp-content\/uploads\/2020\/09\/118858958_3063730023749751_5463911266579632471_n-1-300x225.jpg\" alt=\"\" width=\"300\" height=\"225\" srcset=\"https:\/\/slaskipegaz.bs.katowice.pl\/wp-content\/uploads\/2020\/09\/118858958_3063730023749751_5463911266579632471_n-1-300x225.jpg 300w, https:\/\/slaskipegaz.bs.katowice.pl\/wp-content\/uploads\/2020\/09\/118858958_3063730023749751_5463911266579632471_n-1-768x576.jpg 768w, https:\/\/slaskipegaz.bs.katowice.pl\/wp-content\/uploads\/2020\/09\/118858958_3063730023749751_5463911266579632471_n-1-1024x768.jpg 1024w, https:\/\/slaskipegaz.bs.katowice.pl\/wp-content\/uploads\/2020\/09\/118858958_3063730023749751_5463911266579632471_n-1.jpg 2048w\" sizes=\"auto, (max-width: 300px) 100vw, 300px\" \/><\/a><\/p>\n<p>O liryczn\u0105, pe\u0142n\u0105 skupienia atmosfer\u0119 zadba\u0142a Aleksandra P\u0142\u00f3ciennik. Do dzia\u0142ania pobudzi\u0142a melodyjna energia Oliwii Turek. Uczniowie ze Szko\u0142y Podstawowej nr 5 w Zawierciu &#8211; Piotrek i Miko\u0142aj z klasy 7 a, odwa\u017cnie wcielili si\u0119 w postaci z aktu III Balladyny. Dzi\u0119kujemy im za odwag\u0119 i spontaniczno\u015b\u0107.<\/p>\n<p>Nie mog\u0142o zabrakn\u0105\u0107 malinowych akcent\u00f3w. Na naszej smacznej ekspozycji znalaz\u0142y si\u0119 typowo malinowe specja\u0142y: soki, herbaty, ciastka. Soczyste maliny mo\u017cna by\u0142o tez podziwia\u0107 na obrazie namalowanym przez pracownik\u00f3w biblioteki.<\/p>\n<p>Dzi\u0119kujemy wszystkim za udzia\u0142 i zapraszamy za rok.<\/p>\n<p>Nades\u0142a\u0142a: Miejska i Powiatowa Biblioteka Publiczna w Zawierciu<\/p>\n","protected":false},"excerpt":{"rendered":"<p>Narodowe Czytanie 2020 Tegoroczna ods\u0142ona Narodowego Czytania przybra\u0142a kolor malin. Jak co roku, Miejska i Powiatowa Biblioteka Publiczna w Zawierciu, w\u0142\u0105czy\u0142a si\u0119 w og\u00f3lnopolsk\u0105 akcj\u0119 pod honorowym patronatem Prezydenta Andrzeja Dudy. W tym roku kr\u00f3lowa\u0142a Balladyna.<\/p>\n","protected":false},"author":3,"featured_media":0,"comment_status":"closed","ping_status":"closed","sticky":false,"template":"","format":"standard","meta":{"_acf_changed":false,"_exactmetrics_skip_tracking":false,"_exactmetrics_sitenote_active":false,"_exactmetrics_sitenote_note":"","_exactmetrics_sitenote_category":0,"footnotes":""},"categories":[2057],"tags":[110,333],"class_list":["post-19852","post","type-post","status-publish","format-standard","hentry","category-nr-71-wrzesien-2020","tag-miejska-i-powiatowa-biblioteka-publiczna-w-zawierciu","tag-narodowe-czytanie"],"acf":[],"jetpack_featured_media_url":"","_links":{"self":[{"href":"https:\/\/slaskipegaz.bs.katowice.pl\/index.php?rest_route=\/wp\/v2\/posts\/19852","targetHints":{"allow":["GET"]}}],"collection":[{"href":"https:\/\/slaskipegaz.bs.katowice.pl\/index.php?rest_route=\/wp\/v2\/posts"}],"about":[{"href":"https:\/\/slaskipegaz.bs.katowice.pl\/index.php?rest_route=\/wp\/v2\/types\/post"}],"author":[{"embeddable":true,"href":"https:\/\/slaskipegaz.bs.katowice.pl\/index.php?rest_route=\/wp\/v2\/users\/3"}],"replies":[{"embeddable":true,"href":"https:\/\/slaskipegaz.bs.katowice.pl\/index.php?rest_route=%2Fwp%2Fv2%2Fcomments&post=19852"}],"version-history":[{"count":1,"href":"https:\/\/slaskipegaz.bs.katowice.pl\/index.php?rest_route=\/wp\/v2\/posts\/19852\/revisions"}],"predecessor-version":[{"id":19856,"href":"https:\/\/slaskipegaz.bs.katowice.pl\/index.php?rest_route=\/wp\/v2\/posts\/19852\/revisions\/19856"}],"wp:attachment":[{"href":"https:\/\/slaskipegaz.bs.katowice.pl\/index.php?rest_route=%2Fwp%2Fv2%2Fmedia&parent=19852"}],"wp:term":[{"taxonomy":"category","embeddable":true,"href":"https:\/\/slaskipegaz.bs.katowice.pl\/index.php?rest_route=%2Fwp%2Fv2%2Fcategories&post=19852"},{"taxonomy":"post_tag","embeddable":true,"href":"https:\/\/slaskipegaz.bs.katowice.pl\/index.php?rest_route=%2Fwp%2Fv2%2Ftags&post=19852"}],"curies":[{"name":"wp","href":"https:\/\/api.w.org\/{rel}","templated":true}]}}