{"id":19908,"date":"2020-10-05T13:26:31","date_gmt":"2020-10-05T11:26:31","guid":{"rendered":"http:\/\/slaskipegaz.bs.katowice.pl\/?p=19908"},"modified":"2020-10-05T13:27:03","modified_gmt":"2020-10-05T11:27:03","slug":"19908","status":"publish","type":"post","link":"https:\/\/slaskipegaz.bs.katowice.pl\/?p=19908","title":{"rendered":"[Relacja] MIEJSKA I POWIATOWA BIBLIOTEKA PUBLICZNA W B\u0118DZINIE"},"content":{"rendered":"<h6 style=\"text-align: center;\"><span style=\"font-size: large;\"><span style=\"color: #000000;\"><b>\u015awi\u0119to literatury w B\u0119dzinie \u2013 Narodowe Czytanie 2020<\/b><\/span><\/span><\/h6>\n<p style=\"text-align: left;\"><span style=\"font-size: large;\"><span style=\"color: #000000;\"><a href=\"https:\/\/slaskipegaz.bs.katowice.pl\/wp-content\/uploads\/2020\/10\/IMG_7182-e1601896830425.jpg\"><img loading=\"lazy\" decoding=\"async\" class=\"size-medium wp-image-19911 alignleft\" src=\"https:\/\/slaskipegaz.bs.katowice.pl\/wp-content\/uploads\/2020\/10\/IMG_7182-e1601896830425-200x300.jpg\" alt=\"\" width=\"200\" height=\"300\" srcset=\"https:\/\/slaskipegaz.bs.katowice.pl\/wp-content\/uploads\/2020\/10\/IMG_7182-e1601896830425-200x300.jpg 200w, https:\/\/slaskipegaz.bs.katowice.pl\/wp-content\/uploads\/2020\/10\/IMG_7182-e1601896830425-768x1152.jpg 768w, https:\/\/slaskipegaz.bs.katowice.pl\/wp-content\/uploads\/2020\/10\/IMG_7182-e1601896830425-683x1024.jpg 683w\" sizes=\"auto, (max-width: 200px) 100vw, 200px\" \/><\/a>W sobotnie popo\u0142udnie na placu prof. W\u0142odzimierza W\u00f3jcika przed budynkiem g\u0142\u00f3wnym b\u0119dzi\u0144skiej ksi\u0105\u017cnicy zgromadzili si\u0119 przyjaciele oraz go\u015bcie biblioteki <\/span><br \/>\n<span style=\"color: #000000;\">na organizowanej po raz \u00f3smy og\u00f3lnopolskiej akcji czytelniczej Narodowe Czytanie. <\/span><\/span><!--more--><\/p>\n<p><span style=\"font-size: large;\"><span style=\"color: #000000;\">Do czytania dramatu Juliusza S\u0142owackiego \u201eBalladyna\u201d przyst\u0105pili: Anna Drzewiecka \u2013 Wiceprezydent B\u0119dzina, Magdalena Rogowicz \u2013 Sekretarz Miasta B\u0119dzina, Daria Paterek \u2013 Przewodnicz\u0105ca Komisji O\u015bwiaty i Polityki Spo\u0142ecznej, Agata Durbacz \u2013 Wicedyrektor Szko\u0142y Podstawowej nr 11, Barbara Rutkowska \u2013 Trzcionka \u2013 Przewodnicz\u0105ca Rady Senior\u00f3w BUTW-u, Joanna Rz\u0105p \u2013 aktorka Teatru Dzieci Zag\u0142\u0119bia im. Jana Dormana, Rafa\u0142 Adamczyk \u2013 Pose\u0142 na Sejm RP, Roman Goczo\u0142 \u2013 Naczelnik Wydzia\u0142u O\u015bwiaty oraz \u0141ukasz Fra\u0144czak \u2013 Naczelnik Wydzia\u0142u Prewencji Komendy Powiatowej Policji w B\u0119dzinie.<\/span><\/span><\/p>\n<p><a href=\"https:\/\/slaskipegaz.bs.katowice.pl\/wp-content\/uploads\/2020\/10\/IMG_8467.jpg\"><img loading=\"lazy\" decoding=\"async\" class=\"aligncenter size-medium wp-image-19912\" src=\"https:\/\/slaskipegaz.bs.katowice.pl\/wp-content\/uploads\/2020\/10\/IMG_8467-300x200.jpg\" alt=\"\" width=\"300\" height=\"200\" srcset=\"https:\/\/slaskipegaz.bs.katowice.pl\/wp-content\/uploads\/2020\/10\/IMG_8467-300x200.jpg 300w, https:\/\/slaskipegaz.bs.katowice.pl\/wp-content\/uploads\/2020\/10\/IMG_8467-768x512.jpg 768w, https:\/\/slaskipegaz.bs.katowice.pl\/wp-content\/uploads\/2020\/10\/IMG_8467.jpg 1024w\" sizes=\"auto, (max-width: 300px) 100vw, 300px\" \/><\/a><\/p>\n<p><a href=\"https:\/\/slaskipegaz.bs.katowice.pl\/wp-content\/uploads\/2020\/10\/IMG_8455.jpg\"><img loading=\"lazy\" decoding=\"async\" class=\"aligncenter size-medium wp-image-19913\" src=\"https:\/\/slaskipegaz.bs.katowice.pl\/wp-content\/uploads\/2020\/10\/IMG_8455-300x200.jpg\" alt=\"\" width=\"300\" height=\"200\" srcset=\"https:\/\/slaskipegaz.bs.katowice.pl\/wp-content\/uploads\/2020\/10\/IMG_8455-300x200.jpg 300w, https:\/\/slaskipegaz.bs.katowice.pl\/wp-content\/uploads\/2020\/10\/IMG_8455-768x512.jpg 768w, https:\/\/slaskipegaz.bs.katowice.pl\/wp-content\/uploads\/2020\/10\/IMG_8455.jpg 1024w\" sizes=\"auto, (max-width: 300px) 100vw, 300px\" \/><\/a><\/p>\n<p><span style=\"font-size: large;\"><span style=\"color: #000000;\">Dzi\u0119ki multimediom po\u0142\u0105czyli\u015bmy si\u0119 r\u00f3wnie\u017c z naszymi honorowymi go\u015b\u0107mi, kt\u00f3rzy ochoczo przyj\u0119li nasze zaproszenie. Do wirtualnego czytania w\u0142\u0105czyli si\u0119: Zdzis\u0142awa Dacko-Pikiewicz \u2013 Rektor Akademii WSB w D\u0105browie G\u00f3rniczej, Janusz Gajos \u2013 aktor, Honorowy Obywatel Miasta B\u0119dzina, Gabriel Gietzky \u2013 aktor, re\u017cyser, wyk\u0142adowca Akademii Teatralnej im. St. Wyspia\u0144skiego w Krakowie o\/Wroc\u0142aw, Micha\u0142 Zembala \u2013 polski kardiochirurg dr hab. nauk medycznych ze \u015al\u0105skiego Centrum Chor\u00f3b Serca w Zabrzu oraz Wojciech Kalarus \u2013 aktor Nowego Teatru w Warszawie. <\/span><\/span><\/p>\n<p><span style=\"font-size: large;\"><span style=\"color: #000000;\">Na ka\u017cdego z uczestnik\u00f3w tegorocznej edycji Narodowego Czytania czeka\u0142o wydanie \u201eBalladyny\u201d, opatrzone pami\u0105tkowym stemplem wydarzenia, kt\u00f3re rozesz\u0142o si\u0119 niczym \u015bwie\u017ce bu\u0142eczki. O doznania smakowe zadba\u0142y Panie z kawiarenki Cafe no. 13, mieszcz\u0105cej si\u0119 po s\u0105siedzku z fili\u0105 biblioteki na b\u0119dzi\u0144skim dworcu, serwuj\u0105c wy\u015bmienit\u0105 kaw\u0119 i czekolad\u0119.<\/span><\/span><\/p>\n<p><span style=\"font-size: large;\"><span style=\"color: #000000;\"> Dawk\u0119 literackich smaczk\u00f3w przygotowali niezast\u0105pieni bibliotekarze: Monika Stelmach, Sylwia Wiktorowicz oraz Andrzej Noga. Ca\u0142o\u015b\u0107 wydarzenia animowali Beata Ward\u0119ga \u2013 zast\u0119pca Dyrektora MiPBP w B\u0119dzinie oraz Micha\u0142 Fiuk \u2013 kierownik Dzia\u0142u Promocji b\u0119dzi\u0144skiej ksi\u0105\u017cnicy.<\/span> <\/span><\/p>\n<p>Nades\u0142a\u0142a: Miejska i Powiatowa Biblioteka Publiczna w B\u0119dzinie<\/p>\n","protected":false},"excerpt":{"rendered":"<p>\u015awi\u0119to literatury w B\u0119dzinie \u2013 Narodowe Czytanie 2020 W sobotnie popo\u0142udnie na placu prof. W\u0142odzimierza W\u00f3jcika przed budynkiem g\u0142\u00f3wnym b\u0119dzi\u0144skiej ksi\u0105\u017cnicy zgromadzili si\u0119 przyjaciele oraz go\u015bcie biblioteki na organizowanej po raz \u00f3smy og\u00f3lnopolskiej akcji czytelniczej Narodowe Czytanie.<\/p>\n","protected":false},"author":3,"featured_media":0,"comment_status":"closed","ping_status":"closed","sticky":false,"template":"","format":"standard","meta":{"_acf_changed":false,"_exactmetrics_skip_tracking":false,"_exactmetrics_sitenote_active":false,"_exactmetrics_sitenote_note":"","_exactmetrics_sitenote_category":0,"footnotes":""},"categories":[2057],"tags":[72,333],"class_list":["post-19908","post","type-post","status-publish","format-standard","hentry","category-nr-71-wrzesien-2020","tag-miejska-i-powiatowa-biblioteka-publiczna-w-bedzinie","tag-narodowe-czytanie"],"acf":[],"jetpack_featured_media_url":"","_links":{"self":[{"href":"https:\/\/slaskipegaz.bs.katowice.pl\/index.php?rest_route=\/wp\/v2\/posts\/19908","targetHints":{"allow":["GET"]}}],"collection":[{"href":"https:\/\/slaskipegaz.bs.katowice.pl\/index.php?rest_route=\/wp\/v2\/posts"}],"about":[{"href":"https:\/\/slaskipegaz.bs.katowice.pl\/index.php?rest_route=\/wp\/v2\/types\/post"}],"author":[{"embeddable":true,"href":"https:\/\/slaskipegaz.bs.katowice.pl\/index.php?rest_route=\/wp\/v2\/users\/3"}],"replies":[{"embeddable":true,"href":"https:\/\/slaskipegaz.bs.katowice.pl\/index.php?rest_route=%2Fwp%2Fv2%2Fcomments&post=19908"}],"version-history":[{"count":2,"href":"https:\/\/slaskipegaz.bs.katowice.pl\/index.php?rest_route=\/wp\/v2\/posts\/19908\/revisions"}],"predecessor-version":[{"id":19915,"href":"https:\/\/slaskipegaz.bs.katowice.pl\/index.php?rest_route=\/wp\/v2\/posts\/19908\/revisions\/19915"}],"wp:attachment":[{"href":"https:\/\/slaskipegaz.bs.katowice.pl\/index.php?rest_route=%2Fwp%2Fv2%2Fmedia&parent=19908"}],"wp:term":[{"taxonomy":"category","embeddable":true,"href":"https:\/\/slaskipegaz.bs.katowice.pl\/index.php?rest_route=%2Fwp%2Fv2%2Fcategories&post=19908"},{"taxonomy":"post_tag","embeddable":true,"href":"https:\/\/slaskipegaz.bs.katowice.pl\/index.php?rest_route=%2Fwp%2Fv2%2Ftags&post=19908"}],"curies":[{"name":"wp","href":"https:\/\/api.w.org\/{rel}","templated":true}]}}