{"id":20040,"date":"2020-10-08T13:18:42","date_gmt":"2020-10-08T11:18:42","guid":{"rendered":"http:\/\/slaskipegaz.bs.katowice.pl\/?p=20040"},"modified":"2020-10-08T13:18:42","modified_gmt":"2020-10-08T11:18:42","slug":"relacja-miejsko-gminna-biblioteka-publiczna-w-siewierzu-128","status":"publish","type":"post","link":"https:\/\/slaskipegaz.bs.katowice.pl\/?p=20040","title":{"rendered":"[Relacja] MIEJSKO-GMINNA BIBLIOTEKA PUBLICZNA W SIEWIERZU"},"content":{"rendered":"<h6 style=\"text-align: center;\"><strong>OG\u00d3LNOPOLSKI DZIE\u0143 G\u0141O\u015aNEGO CZYTANIA NA LUDOWO W BIBLIOTECE<\/strong><\/h6>\n<p><a href=\"https:\/\/slaskipegaz.bs.katowice.pl\/wp-content\/uploads\/2020\/10\/Za\u0142\u0105cznik-bez-tytu\u0142u-00087.jpg\"><img loading=\"lazy\" decoding=\"async\" class=\"size-medium wp-image-20041 alignleft\" src=\"https:\/\/slaskipegaz.bs.katowice.pl\/wp-content\/uploads\/2020\/10\/Za\u0142\u0105cznik-bez-tytu\u0142u-00087-300x225.jpg\" alt=\"\" width=\"300\" height=\"225\" srcset=\"https:\/\/slaskipegaz.bs.katowice.pl\/wp-content\/uploads\/2020\/10\/Za\u0142\u0105cznik-bez-tytu\u0142u-00087-300x225.jpg 300w, https:\/\/slaskipegaz.bs.katowice.pl\/wp-content\/uploads\/2020\/10\/Za\u0142\u0105cznik-bez-tytu\u0142u-00087-768x576.jpg 768w, https:\/\/slaskipegaz.bs.katowice.pl\/wp-content\/uploads\/2020\/10\/Za\u0142\u0105cznik-bez-tytu\u0142u-00087-1024x768.jpg 1024w, https:\/\/slaskipegaz.bs.katowice.pl\/wp-content\/uploads\/2020\/10\/Za\u0142\u0105cznik-bez-tytu\u0142u-00087.jpg 1054w\" sizes=\"auto, (max-width: 300px) 100vw, 300px\" \/><\/a>Od 2001 roku, z inicjatywy Polskiej Izby Ksi\u0105\u017cki,\u00a0 w dniu 29 wrze\u015bnia, w Polsce obchodzimy Dzie\u0144 G\u0142o\u015bnego Czytania. Celem tej akcji jest promowanie g\u0142o\u015bnego czytania dzieciom, nabywania przyjemno\u015bci z czytania i s\u0142uchania. Czytanie jest bowiem wspania\u0142ym sposobem na sp\u0119dzanie wolnego czasu, rozwija zar\u00f3wno wyobra\u017ani\u0119, j\u0119zyk oraz pami\u0119\u0107.<!--more--><\/p>\n<p>Wyb\u00f3r daty nie jest przypadkowy. Data 29 wrze\u015bnia upami\u0119tnia dzie\u0144 urodzin wybitnej polskiej pisarki, Janiny Porazi\u0144skiej, autorki wielu ksi\u0105\u017cek dla dzieci, m.in. \u201eSzewczyka Dratewki\u201d czy \u201ePami\u0119tnika Czarnego Noska\u201d.<\/p>\n<p>W 2020 roku, z racji panuj\u0105cej pandemii, Miejsko-Gminna Biblioteka im. Leona Korusiewicza w Siewierzu zorganizowa\u0142a Wirtualny Dzie\u0144 G\u0142o\u015bnego Czytania na Ludowo. Do czytania bajek zosta\u0142y zaproszone Cz\u0142onkinie K\u00f3\u0142 Gospody\u0144 Wiejskich z terenu Miasta i Gminy Siewierz. Bajki czyta\u0142y: Dorota Szybis z KGW Dziewki, Ewa Nowak z KGW \u017belis\u0142awice, Aneta Sornik z KGW Le\u015bniaki, Ewelina Sroka z KGW Dziewki, W\u0142adys\u0142awa G\u00f3ra z KGW Nowa Wioska, Jadwiga Gruszka z KGW Wojkowice Ko\u015bcielne. Tytu\u0142y bajek zapowiada\u0142a nasza m\u0142oda czytelniczka Kaja Rychter.<\/p>\n<p><a href=\"https:\/\/slaskipegaz.bs.katowice.pl\/wp-content\/uploads\/2020\/10\/Za\u0142\u0105cznik-bez-tytu\u0142u-00090.jpg\"><img loading=\"lazy\" decoding=\"async\" class=\"aligncenter size-medium wp-image-20042\" src=\"https:\/\/slaskipegaz.bs.katowice.pl\/wp-content\/uploads\/2020\/10\/Za\u0142\u0105cznik-bez-tytu\u0142u-00090-300x225.jpg\" alt=\"\" width=\"300\" height=\"225\" srcset=\"https:\/\/slaskipegaz.bs.katowice.pl\/wp-content\/uploads\/2020\/10\/Za\u0142\u0105cznik-bez-tytu\u0142u-00090-300x225.jpg 300w, https:\/\/slaskipegaz.bs.katowice.pl\/wp-content\/uploads\/2020\/10\/Za\u0142\u0105cznik-bez-tytu\u0142u-00090-768x576.jpg 768w, https:\/\/slaskipegaz.bs.katowice.pl\/wp-content\/uploads\/2020\/10\/Za\u0142\u0105cznik-bez-tytu\u0142u-00090-1024x767.jpg 1024w, https:\/\/slaskipegaz.bs.katowice.pl\/wp-content\/uploads\/2020\/10\/Za\u0142\u0105cznik-bez-tytu\u0142u-00090.jpg 1173w\" sizes=\"auto, (max-width: 300px) 100vw, 300px\" \/><\/a><\/p>\n<p>W pi\u0119knej scenerii, przedstawicielki K\u00f3\u0142 Gospody\u0144 Wiejskich, w swoich reprezentacyjnych strojach, przeczyta\u0142y dzieciom wybrane, tradycyjne bajki ludowe, kt\u00f3re wielu z nas zna\u00a0 z dzieci\u0144stwa. W\u015br\u00f3d nich znalaz\u0142y si\u0119 bajki z mora\u0142em jak np. o dw\u00f3ch s\u0105siadach, trzech c\u00f3rkach, ch\u0142opie, co szed\u0142 pyta\u0107 s\u0142o\u0144ca, gdzie jego kura niesie jajka czy o Biedzie, ale jak to w bajkach ludowych bywa, te\u017c i o zwierz\u0119tach np. o kogutku i kurce czy zaczarowanym szczupaku.<\/p>\n<p>Zapraszamy do ogl\u0105dania i s\u0142uchania bajek ludowych na stronie internetowej biblioteki i na facebooku.<\/p>\n<p>Mamy nadziej\u0119, ze obejrzane i wys\u0142uchane bajki ludowe zainspiruj\u0105 zar\u00f3wno rodzic\u00f3w, jak i dzieci, do sp\u0119dzania wsp\u00f3lnego czasu z ksi\u0105\u017ck\u0105, si\u0119gni\u0119cia po dawne, mo\u017ce troszk\u0119 zapomniane bajki ludowe, pe\u0142ne \u017cyciowych m\u0105dro\u015bci.<\/p>\n<p>Nades\u0142a\u0142a: MGBP w Siewierzu<\/p>\n","protected":false},"excerpt":{"rendered":"<p>OG\u00d3LNOPOLSKI DZIE\u0143 G\u0141O\u015aNEGO CZYTANIA NA LUDOWO W BIBLIOTECE Od 2001 roku, z inicjatywy Polskiej Izby Ksi\u0105\u017cki,\u00a0 w dniu 29 wrze\u015bnia, w Polsce obchodzimy Dzie\u0144 G\u0142o\u015bnego Czytania. Celem tej akcji jest promowanie g\u0142o\u015bnego czytania dzieciom, nabywania przyjemno\u015bci z czytania i s\u0142uchania. Czytanie jest bowiem wspania\u0142ym sposobem na sp\u0119dzanie wolnego czasu, rozwija zar\u00f3wno wyobra\u017ani\u0119, j\u0119zyk oraz pami\u0119\u0107.<\/p>\n","protected":false},"author":3,"featured_media":0,"comment_status":"closed","ping_status":"closed","sticky":false,"template":"","format":"standard","meta":{"_acf_changed":false,"_exactmetrics_skip_tracking":false,"_exactmetrics_sitenote_active":false,"_exactmetrics_sitenote_note":"","_exactmetrics_sitenote_category":0,"footnotes":""},"categories":[2057],"tags":[55,1428,67],"class_list":["post-20040","post","type-post","status-publish","format-standard","hentry","category-nr-71-wrzesien-2020","tag-czytanie","tag-kolo-gospodyn","tag-miejsko-gminna-biblioteka-publiczna-w-siewierzu"],"acf":[],"jetpack_featured_media_url":"","_links":{"self":[{"href":"https:\/\/slaskipegaz.bs.katowice.pl\/index.php?rest_route=\/wp\/v2\/posts\/20040","targetHints":{"allow":["GET"]}}],"collection":[{"href":"https:\/\/slaskipegaz.bs.katowice.pl\/index.php?rest_route=\/wp\/v2\/posts"}],"about":[{"href":"https:\/\/slaskipegaz.bs.katowice.pl\/index.php?rest_route=\/wp\/v2\/types\/post"}],"author":[{"embeddable":true,"href":"https:\/\/slaskipegaz.bs.katowice.pl\/index.php?rest_route=\/wp\/v2\/users\/3"}],"replies":[{"embeddable":true,"href":"https:\/\/slaskipegaz.bs.katowice.pl\/index.php?rest_route=%2Fwp%2Fv2%2Fcomments&post=20040"}],"version-history":[{"count":1,"href":"https:\/\/slaskipegaz.bs.katowice.pl\/index.php?rest_route=\/wp\/v2\/posts\/20040\/revisions"}],"predecessor-version":[{"id":20043,"href":"https:\/\/slaskipegaz.bs.katowice.pl\/index.php?rest_route=\/wp\/v2\/posts\/20040\/revisions\/20043"}],"wp:attachment":[{"href":"https:\/\/slaskipegaz.bs.katowice.pl\/index.php?rest_route=%2Fwp%2Fv2%2Fmedia&parent=20040"}],"wp:term":[{"taxonomy":"category","embeddable":true,"href":"https:\/\/slaskipegaz.bs.katowice.pl\/index.php?rest_route=%2Fwp%2Fv2%2Fcategories&post=20040"},{"taxonomy":"post_tag","embeddable":true,"href":"https:\/\/slaskipegaz.bs.katowice.pl\/index.php?rest_route=%2Fwp%2Fv2%2Ftags&post=20040"}],"curies":[{"name":"wp","href":"https:\/\/api.w.org\/{rel}","templated":true}]}}