{"id":20070,"date":"2020-10-15T09:49:59","date_gmt":"2020-10-15T07:49:59","guid":{"rendered":"http:\/\/slaskipegaz.bs.katowice.pl\/?p=20070"},"modified":"2020-10-15T09:49:59","modified_gmt":"2020-10-15T07:49:59","slug":"relacja-miejska-biblioteka-publiczna-w-gliwicach-24","status":"publish","type":"post","link":"https:\/\/slaskipegaz.bs.katowice.pl\/?p=20070","title":{"rendered":"[Relacja] MIEJSKA BIBLIOTEKA PUBLICZNA W GLIWICACH"},"content":{"rendered":"\n<p>W czwartkowy wiecz\u00f3r, 24. wrze\u015bnia, go\u015bcili\u015bmy w gliwickiej bibliotece Krzysztofa Varg\u0119 &#8211; pisarza, krytyka literackiego, dziennikarza i znakomitego felietonist\u0119. Autora m.in. takich ksi\u0105\u017cek jak: \u201e\u015amiertelno\u015b\u0107\u201d,\u201eTequila\u201d, \u201eKarolina\u201d, \u201eAleja Niepodleg\u0142o\u015bci\u201d, \u201eTrociny\u201d, \u201eMasakra\u201d oraz \u201eSonnenberg\u201d. W swoim dorobku ma r\u00f3wnie\u017c \u201etrylogi\u0119 w\u0119giersk\u0105\u201d opowiadaj\u0105c\u0105 histori\u0119 i kultur\u0119 kraju swojego ojca: \u201eGulasz z turula\u201d (nagroda czytelnik\u00f3w Nike 2009), \u201eCzardasz z mangalic\u0105\u201d i\u00a0 \u201eLangosz w jurcie\u201d, a tak\u017ce \u201eSetki\u201d &#8211; zbioru 100 najlepszych felieton\u00f3w publikowanych w \u201eDu\u017cym Formacie\u201d Gazety Wyborczej.<\/p>\n\n\n\n<!--more-->\n\n\n\n<p class=\"has-text-align-left\">Spotkanie odby\u0142o si\u0119 w ramach projektu LALKA W TEATRZE \u017bYCIA, kt\u00f3ry powsta\u0142 w Miejskiej\u00a0Bibliotece Publicznej w Gliwicach z okazji\u00a0130. rocznicy wydania &#8222;Lalki&#8221; Boles\u0142aw Prusa.<\/p>\n\n\n\n<figure class=\"wp-block-image size-large\"><img loading=\"lazy\" decoding=\"async\" width=\"1024\" height=\"768\" src=\"https:\/\/slaskipegaz.bs.katowice.pl\/wp-content\/uploads\/2020\/10\/IMG_3558-1024x768.jpeg\" alt=\"\" class=\"wp-image-20071\" srcset=\"https:\/\/slaskipegaz.bs.katowice.pl\/wp-content\/uploads\/2020\/10\/IMG_3558-1024x768.jpeg 1024w, https:\/\/slaskipegaz.bs.katowice.pl\/wp-content\/uploads\/2020\/10\/IMG_3558-300x225.jpeg 300w, https:\/\/slaskipegaz.bs.katowice.pl\/wp-content\/uploads\/2020\/10\/IMG_3558-768x576.jpeg 768w, https:\/\/slaskipegaz.bs.katowice.pl\/wp-content\/uploads\/2020\/10\/IMG_3558-1536x1152.jpeg 1536w, https:\/\/slaskipegaz.bs.katowice.pl\/wp-content\/uploads\/2020\/10\/IMG_3558.jpeg 2048w\" sizes=\"auto, (max-width: 1024px) 100vw, 1024px\" \/><figcaption>Krzysztof Varga<\/figcaption><\/figure>\n\n\n\n<p>Krzysztofa Varg\u0119 zaprosili\u015bmy do wzi\u0119cia w nim udzia\u0142u poniewa\u017c jest znawc\u0105 i wielbicielem tw\u00f3rczo\u015bci XIX-wiecznego\u00a0pisarza, ale tak\u017ce tw\u00f3rc\u0105 opowiadania &#8222;Wokulski, pilny telefon z Moskwy!&#8221; &#8211; dalszych, alternatywnych los\u00f3w Stanis\u0142awa W., oraz kilku felieton\u00f3w o Prusie i wadze jego tw\u00f3rczo\u015bci.<\/p>\n\n\n\n<figure class=\"wp-block-image size-large is-resized\"><img loading=\"lazy\" decoding=\"async\" src=\"https:\/\/slaskipegaz.bs.katowice.pl\/wp-content\/uploads\/2020\/10\/IMG_3566-1024x768.jpeg\" alt=\"\" class=\"wp-image-20072\" width=\"355\" height=\"266\" srcset=\"https:\/\/slaskipegaz.bs.katowice.pl\/wp-content\/uploads\/2020\/10\/IMG_3566-1024x768.jpeg 1024w, https:\/\/slaskipegaz.bs.katowice.pl\/wp-content\/uploads\/2020\/10\/IMG_3566-300x225.jpeg 300w, https:\/\/slaskipegaz.bs.katowice.pl\/wp-content\/uploads\/2020\/10\/IMG_3566-768x576.jpeg 768w, https:\/\/slaskipegaz.bs.katowice.pl\/wp-content\/uploads\/2020\/10\/IMG_3566-1536x1152.jpeg 1536w, https:\/\/slaskipegaz.bs.katowice.pl\/wp-content\/uploads\/2020\/10\/IMG_3566.jpeg 2048w\" sizes=\"auto, (max-width: 355px) 100vw, 355px\" \/><\/figure>\n\n\n\n<p>Prowadz\u0105cy spotkanie Adam Szaja pyta\u0142 naszego go\u015bcia nie tylko o &#8222;Lalk\u0119&#8221; i jej autora. Licznie zebrani czytelnicy dowiedzieli si\u0119 za co Krzysztof Varga ceni Leopolda Tyrmanda, co my\u015bli o nagrodach literackich, komu przyzna\u0142by Nobla i &#8222;jak poluje na tematy&#8221; swoich felieton\u00f3w. Wys\u0142uchali tak\u017ce wspomnie\u0144 o Jerzym Pilchu, z kt\u00f3rym przez lata si\u0119 przyja\u017ani\u0142. Nie zabrak\u0142o te\u017c rozmowy o jego najnowszej ksi\u0105\u017cce &#8211; &#8222;Dziennik hipopotama&#8221;, kt\u00f3ra ukaza\u0142a si\u0119 3 tygodnie przed wizyt\u0105 w Gliwicach. Wed\u0142ug s\u0142\u00f3w autora &#8222;Istot\u0105 \u017cycia jest sztuka oraz\u00a0prawdziwa niesk\u0142amana\u00a0blisko\u015b\u0107 z drugim cz\u0142owiekiem, innych postaci \u017cycia nie ma.&#8221; Nie mo\u017cna si\u0119 z t\u0105 sentencj\u0105 nie zgodzi\u0107. Spotkanie z Krzysztofem Varg\u0105 by\u0142o tego najlepszym\u00a0dowodem.<\/p>\n\n\n\n<figure class=\"wp-block-image size-large\"><img loading=\"lazy\" decoding=\"async\" width=\"1024\" height=\"768\" src=\"https:\/\/slaskipegaz.bs.katowice.pl\/wp-content\/uploads\/2020\/10\/IMG_3612-1024x768.jpeg\" alt=\"\" class=\"wp-image-20073\" srcset=\"https:\/\/slaskipegaz.bs.katowice.pl\/wp-content\/uploads\/2020\/10\/IMG_3612-1024x768.jpeg 1024w, https:\/\/slaskipegaz.bs.katowice.pl\/wp-content\/uploads\/2020\/10\/IMG_3612-300x225.jpeg 300w, https:\/\/slaskipegaz.bs.katowice.pl\/wp-content\/uploads\/2020\/10\/IMG_3612-768x576.jpeg 768w, https:\/\/slaskipegaz.bs.katowice.pl\/wp-content\/uploads\/2020\/10\/IMG_3612-1536x1152.jpeg 1536w, https:\/\/slaskipegaz.bs.katowice.pl\/wp-content\/uploads\/2020\/10\/IMG_3612.jpeg 2048w\" sizes=\"auto, (max-width: 1024px) 100vw, 1024px\" \/><figcaption>Spotkanie z Krzysztofem Varg\u0105<\/figcaption><\/figure>\n\n\n\n<p>Projekt dofinansowany ze \u015brodk\u00f3w Ministra Kultury i Dziedzictwa\u00a0Narodowego z Funduszu Promocji Kultury.<\/p>\n\n\n\n<figure class=\"wp-block-image size-large is-resized\"><img loading=\"lazy\" decoding=\"async\" src=\"https:\/\/slaskipegaz.bs.katowice.pl\/wp-content\/uploads\/2019\/06\/mkidn_01_cmyk-1024x1024.jpg\" alt=\"\" class=\"wp-image-17161\" width=\"132\" height=\"132\" srcset=\"https:\/\/slaskipegaz.bs.katowice.pl\/wp-content\/uploads\/2019\/06\/mkidn_01_cmyk-1024x1024.jpg 1024w, https:\/\/slaskipegaz.bs.katowice.pl\/wp-content\/uploads\/2019\/06\/mkidn_01_cmyk-150x150.jpg 150w, https:\/\/slaskipegaz.bs.katowice.pl\/wp-content\/uploads\/2019\/06\/mkidn_01_cmyk-300x300.jpg 300w, https:\/\/slaskipegaz.bs.katowice.pl\/wp-content\/uploads\/2019\/06\/mkidn_01_cmyk-768x768.jpg 768w, https:\/\/slaskipegaz.bs.katowice.pl\/wp-content\/uploads\/2019\/06\/mkidn_01_cmyk.jpg 1323w\" sizes=\"auto, (max-width: 132px) 100vw, 132px\" \/><\/figure>\n","protected":false},"excerpt":{"rendered":"<p>W czwartkowy wiecz\u00f3r, 24. wrze\u015bnia, go\u015bcili\u015bmy w gliwickiej bibliotece Krzysztofa Varg\u0119 &#8211; pisarza, krytyka literackiego, dziennikarza i znakomitego felietonist\u0119. Autora m.in. takich ksi\u0105\u017cek jak: \u201e\u015amiertelno\u015b\u0107\u201d,\u201eTequila\u201d, \u201eKarolina\u201d, \u201eAleja Niepodleg\u0142o\u015bci\u201d, \u201eTrociny\u201d, \u201eMasakra\u201d oraz \u201eSonnenberg\u201d. W swoim dorobku ma r\u00f3wnie\u017c \u201etrylogi\u0119 w\u0119giersk\u0105\u201d opowiadaj\u0105c\u0105 histori\u0119 i kultur\u0119 kraju swojego ojca: \u201eGulasz z turula\u201d (nagroda czytelnik\u00f3w Nike 2009), \u201eCzardasz z &hellip; <a href=\"https:\/\/slaskipegaz.bs.katowice.pl\/?p=20070\" class=\"more-link\">Czytaj dalej <span class=\"screen-reader-text\">[Relacja] MIEJSKA BIBLIOTEKA PUBLICZNA W GLIWICACH<\/span> <span class=\"meta-nav\">&rarr;<\/span><\/a><\/p>\n","protected":false},"author":3,"featured_media":0,"comment_status":"open","ping_status":"open","sticky":false,"template":"","format":"standard","meta":{"_acf_changed":false,"_exactmetrics_skip_tracking":false,"_exactmetrics_sitenote_active":false,"_exactmetrics_sitenote_note":"","_exactmetrics_sitenote_category":0,"footnotes":""},"categories":[2087],"tags":[2089,33,11],"class_list":["post-20070","post","type-post","status-publish","format-standard","hentry","category-nr-72-pazdziernik-2020","tag-krzysztof-varga","tag-miejska-biblitoeka-publiczna-w-gliwicach","tag-spotkanie-autorskie"],"acf":[],"jetpack_featured_media_url":"","_links":{"self":[{"href":"https:\/\/slaskipegaz.bs.katowice.pl\/index.php?rest_route=\/wp\/v2\/posts\/20070","targetHints":{"allow":["GET"]}}],"collection":[{"href":"https:\/\/slaskipegaz.bs.katowice.pl\/index.php?rest_route=\/wp\/v2\/posts"}],"about":[{"href":"https:\/\/slaskipegaz.bs.katowice.pl\/index.php?rest_route=\/wp\/v2\/types\/post"}],"author":[{"embeddable":true,"href":"https:\/\/slaskipegaz.bs.katowice.pl\/index.php?rest_route=\/wp\/v2\/users\/3"}],"replies":[{"embeddable":true,"href":"https:\/\/slaskipegaz.bs.katowice.pl\/index.php?rest_route=%2Fwp%2Fv2%2Fcomments&post=20070"}],"version-history":[{"count":1,"href":"https:\/\/slaskipegaz.bs.katowice.pl\/index.php?rest_route=\/wp\/v2\/posts\/20070\/revisions"}],"predecessor-version":[{"id":20074,"href":"https:\/\/slaskipegaz.bs.katowice.pl\/index.php?rest_route=\/wp\/v2\/posts\/20070\/revisions\/20074"}],"wp:attachment":[{"href":"https:\/\/slaskipegaz.bs.katowice.pl\/index.php?rest_route=%2Fwp%2Fv2%2Fmedia&parent=20070"}],"wp:term":[{"taxonomy":"category","embeddable":true,"href":"https:\/\/slaskipegaz.bs.katowice.pl\/index.php?rest_route=%2Fwp%2Fv2%2Fcategories&post=20070"},{"taxonomy":"post_tag","embeddable":true,"href":"https:\/\/slaskipegaz.bs.katowice.pl\/index.php?rest_route=%2Fwp%2Fv2%2Ftags&post=20070"}],"curies":[{"name":"wp","href":"https:\/\/api.w.org\/{rel}","templated":true}]}}