{"id":20207,"date":"2020-12-10T13:52:09","date_gmt":"2020-12-10T12:52:09","guid":{"rendered":"https:\/\/slaskipegaz.bs.katowice.pl\/?p=20207"},"modified":"2020-12-10T13:52:09","modified_gmt":"2020-12-10T12:52:09","slug":"relacja-miejska-biblioteka-publiczna-w-gliwicach-26","status":"publish","type":"post","link":"https:\/\/slaskipegaz.bs.katowice.pl\/?p=20207","title":{"rendered":"[Relacja] MIEJSKA BIBLIOTEKA PUBLICZNA W GLIWICACH"},"content":{"rendered":"\n<div class=\"wp-block-media-text alignwide is-stacked-on-mobile\"><figure class=\"wp-block-media-text__media\"><img loading=\"lazy\" decoding=\"async\" width=\"1024\" height=\"632\" src=\"https:\/\/slaskipegaz.bs.katowice.pl\/wp-content\/uploads\/2020\/08\/HACZYK_2020_baner_2-1024x632.jpg\" alt=\"\" class=\"wp-image-19631\" srcset=\"https:\/\/slaskipegaz.bs.katowice.pl\/wp-content\/uploads\/2020\/08\/HACZYK_2020_baner_2-1024x632.jpg 1024w, https:\/\/slaskipegaz.bs.katowice.pl\/wp-content\/uploads\/2020\/08\/HACZYK_2020_baner_2-300x185.jpg 300w, https:\/\/slaskipegaz.bs.katowice.pl\/wp-content\/uploads\/2020\/08\/HACZYK_2020_baner_2-768x474.jpg 768w, https:\/\/slaskipegaz.bs.katowice.pl\/wp-content\/uploads\/2020\/08\/HACZYK_2020_baner_2.jpg 1300w\" sizes=\"auto, (max-width: 1024px) 100vw, 1024px\" \/><\/figure><div class=\"wp-block-media-text__content\">\n<p>\u201e<strong>Haczyk \u2013 gliwickie spotkania literackie\u201d na p\u00f3\u0142metku!<\/strong><\/p>\n\n\n\n<p>Na pocz\u0105tku pa\u017adziernika Miejska Biblioteka Publiczna w Gliwicach rozpocz\u0119\u0142a kolejn\u0105 \u2013 trzeci\u0105 ju\u017c \u2013 edycj\u0119 projektu \u201eHaczyk \u2013 gliwickie spotkania literackie\u201d. Tegoroczna ods\u0142ona festiwalu po\u015bwi\u0119cona jest literaturze fantasy i science fiction. B\u0119d\u0105c na p\u00f3\u0142metku ca\u0142ego wydarzenia, przedstawiamy relacj\u0119 z dotychczasowych dzia\u0142a\u0144 odbywaj\u0105cych si\u0119 w ramach wspomnianego projektu.<\/p>\n<\/div><\/div>\n\n\n\n<!--more-->\n\n\n\n<p>\u201e<strong>W\u0142adcy \u015bwiat\u00f3w\u201d \u2013 mobilna gra miejska<\/strong><\/p>\n\n\n\n<p>Rozgrywk\u0105 mobilnej gry miejskiej, zainaugurowali\u015bmy niespe\u0142na dwumiesi\u0119czny cykl wydarze\u0144 w ramach \u201eHaczyka\u201d.<\/p>\n\n\n\n<p>3 pa\u017adziernika 27 graczy, kt\u00f3rzy stawili si\u0119 na starcie gry w Filii nr 1 Miejskiej Biblioteki Publicznej w Gliwicach, wcieli\u0142o si\u0119 w posta\u0107 pierwszego oficera statku, dowodzonego przez kapitana Pirxa i wraz z nim \u2013 dzi\u0119ki nowoczesnej technologii \u2013 odbyli fascynuj\u0105c\u0105 podr\u00f3\u017c przez \u015bwiaty przedstawione w najbardziej znanych tekstach kultury z gatunku fantasy i science fiction. Scenariusz gry powsta\u0142 na kanwie utwor\u00f3w mog\u0105cych uchodzi\u0107 za klasyk\u0119 gatunku \u2013 \u201eCzarnoksi\u0119\u017cnika z krainy Oz\u201d, \u201eHarry\u2019ego Pottera\u201d, \u201eGwiezdne wojny\u201d czy rodzimego \u201eWied\u017amina\u201d i \u201eBajki robot\u00f3w\u201d. Na trasie rozgrywki, wiod\u0105cej od wspomnianej filii MBP przez centrum Gliwic, park miejski a\u017c do centrum handlowego i umiejscowionego w nim punktu bibliotecznego, gracze zmierzy\u0107 musieli si\u0119 z r\u00f3\u017cnymi zadaniami, zar\u00f3wno sprawdzaj\u0105cymi ich wiedz\u0119 og\u00f3ln\u0105, jak i wymagaj\u0105c\u0105 kreatywno\u015bci oraz tw\u00f3rczego podej\u015bcia do przedstawionej tre\u015bci. I tak, uczestnicy rozgrywki m.in. rozpoznawali minera\u0142y, liczyli ile centymetr\u00f3w wysoko\u015bci ma p\u00f3\u0142olbrzym, odczytywali wiadomo\u015b\u0107 zapisan\u0105 j\u0119zykiem Mandalorian czy przeprowadzali robota Photona przez ska\u017cone g\u00f3ry i doliny. Wed\u0142ug u\u015brednionych statystyk, gracze przebyli dystans 3,8 km w czasie 85 minut, zdobywaj\u0105c 255 punkt\u00f3w.<\/p>\n\n\n\n<p>Dru\u017cyny \u2013 laureaci gry otrzymali nagrody rzeczowe \u2013 gry planszowe, ksi\u0105\u017cki oraz gad\u017cety przygotowane na t\u0119 edycj\u0119 festiwalu \u2013 d\u0142ugopisy i notesy z logo projektu.<\/p>\n\n\n\n<p><strong>Spotkanie autorskie z Wojciechem Orli\u0144skim<\/strong><\/p>\n\n\n\n<p>W czwartek, 8 pa\u017adziernika, w progach Miejskiej Biblioteki Publicznej w Gliwicach go\u015bcili\u015bmy Wojciecha Orli\u0144skiego \u2013 dziennikarza, publicyst\u0119, pisarza, znawc\u0119 tw\u00f3rczo\u015bci Stanis\u0142awa Lema, autora biografii \u201eLem. \u017bycie nie z tej ziemi\u201d.<\/p>\n\n\n\n<p>Podczas dwugodzinnej rozmowy z pisarzem, moderuj\u0105ca rozmow\u0119 Anna Hrycyszyn, pyta\u0142a o szereg kwestii zwi\u0105zanych nie tylko z \u017cyciem i tw\u00f3rczym dorobkiem jednego z najwybitniejszych polskich przedstawicieli gatunku science fiction, ale r\u00f3wnie\u017c o opowiadania, kt\u00f3re Wojciech Orli\u0144ski publikowa\u0142 na \u0142amach \u201eNowej Fantastyki\u201d czy nieznan\u0105 szerszej publiczno\u015bci powie\u015b\u0107 \u201ePolska nie istnieje\u201d, przedstawiaj\u0105cej alternatywn\u0105 wizj\u0119 historii Europy. Uczestnicy spotkania mieli okazj\u0119 dowiedzie\u0107 si\u0119, jak do\u015bwiadczenia z czas\u00f3w wojny wp\u0142yn\u0119\u0142y na kreacj\u0119 bohater\u00f3w i \u015bwiata przedstawionego w&nbsp;powie\u015bciach Lema, od kt\u00f3rego z utwor\u00f3w wspomnianego pisarza najlepiej zacz\u0105\u0107 przygod\u0119 oraz jakie wyzwania przed t\u0142umaczami stawia jego proza. Wojciech Orli\u0144ski opowiedzia\u0142 r\u00f3wnie\u017c o podr\u00f3\u017cach \u015bladami bohater\u00f3w literackich, kt\u00f3rych nast\u0119pstwem by\u0142o napisanie przewodnik\u00f3w \u201eAmeryka nie istnieje\u201d, \u201eRoute 66 nie istnieje\u201d i&nbsp;\u201eSztokholm Stiega Larssona\u201d.<\/p>\n\n\n\n<p><strong>Warsztaty komiksowe<\/strong><\/p>\n\n\n\n<p>15 pa\u017adziernika uczniowie klasy I IV Liceum Og\u00f3lnokszta\u0142c\u0105cego w Gliwicach wzi\u0119li udzia\u0142 w warsztatach komiksowych, kt\u00f3re poprowadzi\u0142 Szymon Teluk, artysta, rysownik specjalizuj\u0105cy si\u0119 w komiksie, ilustracji i karykaturze.<\/p>\n\n\n\n<p>Warsztat podzielony zosta\u0142 na dwie cz\u0119\u015bci &#8211; teoretyczn\u0105 i praktyczn\u0105. W&nbsp;pierwszej z nich prowadz\u0105cy opowiedzia\u0142 o podstawach tworzenia rysunk\u00f3w oraz podzieli\u0142 si\u0119 m\u0142odzie\u017c\u0105 wiedz\u0105 zwi\u0105zan\u0105 z wykorzystaniem figur geometrycznych i bry\u0142 przy tworzeniu w\u0142asnych prac. Nast\u0119pnie om\u00f3wi\u0142 etapy powstawania komiksu. Uczniowie poznali sposoby, kt\u00f3re wykorzystywane s\u0105 przy tworzeniu bohater\u00f3w i fabu\u0142y powie\u015bci graficznych. W cz\u0119\u015bci praktycznej na m\u0142odzie\u017c czeka\u0142o zadanie polegaj\u0105ce na kostrukcji planu, scenorysu i &#8211; finalnie &#8211; gotowej planszy komiksu.<\/p>\n\n\n\n<p>Efektem warsztat\u00f3w by\u0142o nie tylko wiele interesuj\u0105cych prac, powsta\u0142ych pod czujnym okiem rysownika, ale przede wszystkim przekonanie, \u017ce do stworzenia dobrego komiksu nie trzeba mie\u0107 talentu plastycznego, ale wystarcz\u0105 ch\u0119ci i dobry pomys\u0142.<\/p>\n\n\n\n<p><strong>Spotkanie autorskie z Jakubem \u0106wiekiem<\/strong><\/p>\n\n\n\n<p>W pi\u0105tek, 16 pa\u017adziernika, odby\u0142o si\u0119 spotkanie autorskie z Jakubem \u0106wiekiem &#8211; pisarzem, scenarzyst\u0105, stand-uperem, dziesi\u0119ciokrotnie nominowanym do nagrody im. Janusza A. Zajdla i laureatem tej\u017ce, autorem cykli fantasy \u201cK\u0142amca\u201d i \u201cCh\u0142opcy\u201d, powie\u015bci \u201cCiemno\u015b\u0107 p\u0142onie\u201d oraz krymina\u0142\u00f3w \u201cSzwindel\u201d i \u201cTopiel\u201d.<\/p>\n\n\n\n<p>Uczestnicy spotkania wys\u0142uchali rozmowy skupiaj\u0105cej si\u0119 nie tylko wok\u00f3\u0142 fantastyki, ale r\u00f3wnie\u017c pozosta\u0142ych aktywno\u015bci, kt\u00f3re autor podejmuje w swoim \u017cyciu zawodowym. Pisarz m\u00f3wi\u0142 o tym, sk\u0105d wzi\u0105\u0142 si\u0119 jego sentyment do bibliotek, jakim kluczem kierowa\u0142 si\u0119 jako dziecko wybieraj\u0105c lektury oraz wspomnia\u0142 o wp\u0142ywie powodzi z 1997 roku na jego \u017cycie i ostatni\u0105 ksi\u0105\u017ck\u0119. Nie oby\u0142o si\u0119 r\u00f3wnie\u017c bez wspomnie\u0144 zwi\u0105zanych z pocz\u0105tkami kariery, kt\u00f3ra w przypadku Jakuba \u0106wieka wi\u0105za\u0142a si\u0119 z dzia\u0142alno\u015bci\u0105 w \u015al\u0105skim Klubie Fantastyki oraz osob\u0105 Marcina Wro\u0144skiego, kt\u00f3ry redagowa\u0142 pierwsze ksi\u0105\u017cki autora. Spotkanie prowadzi\u0142a Agnieszka W\u0142oka.<\/p>\n\n\n\n<p>Autor odpowiada\u0142 r\u00f3wnie\u017c na pytania z widowni, dzi\u0119ki czemu uczestnicy spotkania mogli dowiedzie\u0107 si\u0119 jak &#8211; jego zdaniem &#8211; obecna sytuacja epidemiczna mo\u017ce wp\u0142yn\u0105\u0107 na literatur\u0119 oraz kiedy uka\u017ce si\u0119 jego najnowsza ksi\u0105\u017cka.<\/p>\n\n\n\n<p><strong>Spotkanie autorskie z Robertem M. Wegnerem<\/strong><\/p>\n\n\n\n<p>19 pa\u017adziernika w Bibliotece Centralnej odby\u0142o si\u0119 spotkanie autorskie z Robertem M. Wegnerem, autorem \u201cOpowie\u015bci z meekha\u0144skiego pogranicza\u201d, sze\u015bciokrotnym laureatem Nagrody im. Janusza A. Zajdla.<\/p>\n\n\n\n<p>Podczas spotkania prowadz\u0105ca rozmow\u0119 Agnieszka Strzemi\u0144ska, dziennikarka Radia Katowice, pyta\u0142a Roberta M. Wegnera o kulisy powstawania jednej z najpopularniejszych serii fantasy ostatnich lat. Autor opowiada\u0142 o swoich inspiracjach, cofaj\u0105c si\u0119 pami\u0119ci\u0105 do czas\u00f3w m\u0142odo\u015bci oraz zainteresowaniach, kt\u00f3re swoje odzwierciedlenie maj\u0105 w wydanych ksi\u0105\u017ckach. Uczestnicy spotkania mieli okazj\u0119 dowiedzie\u0107 si\u0119, czy autor podczas tworzenia serii pos\u0142uguje si\u0119 pomocniczymi notatkami, rysunkami, schematami i czy zdarza mu si\u0119 si\u0119ga\u0107 po \u017ar\u00f3d\u0142a historyczne lub inne opracowania. Robert M. Wegner opowiada\u0142 r\u00f3wnie\u017c o bohaterach literackich jego ksi\u0105\u017cek &#8211; ich zachowaniu, kt\u00f3re nie zawsze przystaje do pomys\u0142u, kt\u00f3ry chcia\u0142 przedstawi\u0107 na kartach powie\u015bci oraz szczeg\u00f3lnej wi\u0119zi, kt\u00f3ra \u0142\u0105czy pisarza z jednym z nich.<\/p>\n\n\n\n<p>Nasz go\u015b\u0107 opowiada\u0142 nie tylko o swoim warsztacie, ale r\u00f3wnie\u017c o gatunku fantasy jako takim. Na czym polega popularno\u015b\u0107 tych opowie\u015bci? Czy literatur\u0119 fantastyczn\u0105 mo\u017cna wpisa\u0107 w konkretne ramy? Czy jej podzia\u0142 na fantastyk\u0119 racjonaln\u0105 i irracjonaln\u0105, zaproponowany przez Janusza A. Zajdla, ma racj\u0119 bytu?<\/p>\n\n\n\n<p>Aktywny udzia\u0142 w spotkaniu bra\u0142a r\u00f3wnie\u017c zgromadzona publiczno\u015b\u0107, kt\u00f3ra ch\u0119tnie korzysta\u0142a z mo\u017cliwo\u015bci zadawania pisarzowi pyta\u0144. W\u015br\u00f3d najbardziej nurtuj\u0105cych czytelnik\u00f3w kwestii znalaz\u0142a si\u0119 sprawa nieobecno\u015bci \u201cOpowie\u015bci z meekha\u0144skiego pogranicza\u201d na angielskim rynku wydawniczym oraz w\u0105tek zwi\u0105zany ze stworzeniem ekranizacji i gry komputerowej na podstawie ksi\u0105\u017cek Roberta M. Wegnera.<\/p>\n\n\n\n<p>Spotkania z Wojciechem Orli\u0144skim i Jakubem \u0106wiekiem t\u0142umaczone by\u0142y na j\u0119zyk migowy przez Miros\u0142awa Koperwasa, a wszystkie wydarzenia relacjonowano na \u017cywo na facebookowym profilu Miejskiej Biblioteki Publicznej w Gliwicach (<a href=\"http:\/\/www.facebook.com\/MBPGliwice\">www.facebook.com\/MBPGliwice<\/a>), na kt\u00f3rym dost\u0119pne s\u0105 r\u00f3wnie\u017c ich zapisy.<\/p>\n\n\n\n<div class=\"wp-block-image\"><figure class=\"alignleft size-large is-resized\"><img loading=\"lazy\" decoding=\"async\" src=\"https:\/\/slaskipegaz.bs.katowice.pl\/wp-content\/uploads\/2019\/06\/mkidn_01_cmyk-1024x1024.jpg\" alt=\"\" class=\"wp-image-17161\" width=\"86\" height=\"86\" srcset=\"https:\/\/slaskipegaz.bs.katowice.pl\/wp-content\/uploads\/2019\/06\/mkidn_01_cmyk-1024x1024.jpg 1024w, https:\/\/slaskipegaz.bs.katowice.pl\/wp-content\/uploads\/2019\/06\/mkidn_01_cmyk-150x150.jpg 150w, https:\/\/slaskipegaz.bs.katowice.pl\/wp-content\/uploads\/2019\/06\/mkidn_01_cmyk-300x300.jpg 300w, https:\/\/slaskipegaz.bs.katowice.pl\/wp-content\/uploads\/2019\/06\/mkidn_01_cmyk-768x768.jpg 768w, https:\/\/slaskipegaz.bs.katowice.pl\/wp-content\/uploads\/2019\/06\/mkidn_01_cmyk.jpg 1323w\" sizes=\"auto, (max-width: 86px) 100vw, 86px\" \/><\/figure><\/div>\n\n\n\n<p>Projekt \u201eHaczyk \u2013 gliwickie spotkania literackie\u201d dofinansowany jest ze \u015brodk\u00f3w Ministerstwa Kultury i Dziedzictwa Narodowego pochodz\u0105cych z Funduszu Promocji Kultury.<\/p>\n\n\n\n<p><\/p>\n\n\n\n<p>Nades\u0142a\u0142a: Miejska Biblioteka Publiczna w Gliwicach<\/p>\n","protected":false},"excerpt":{"rendered":"<p>\u201eHaczyk \u2013 gliwickie spotkania literackie\u201d na p\u00f3\u0142metku! Na pocz\u0105tku pa\u017adziernika Miejska Biblioteka Publiczna w Gliwicach rozpocz\u0119\u0142a kolejn\u0105 \u2013 trzeci\u0105 ju\u017c \u2013 edycj\u0119 projektu \u201eHaczyk \u2013 gliwickie spotkania literackie\u201d. Tegoroczna ods\u0142ona festiwalu po\u015bwi\u0119cona jest literaturze fantasy i science fiction. B\u0119d\u0105c na p\u00f3\u0142metku ca\u0142ego wydarzenia, przedstawiamy relacj\u0119 z dotychczasowych dzia\u0142a\u0144 odbywaj\u0105cych si\u0119 w ramach wspomnianego projektu.<\/p>\n","protected":false},"author":3,"featured_media":0,"comment_status":"open","ping_status":"open","sticky":false,"template":"","format":"standard","meta":{"_acf_changed":false,"_exactmetrics_skip_tracking":false,"_exactmetrics_sitenote_active":false,"_exactmetrics_sitenote_note":"","_exactmetrics_sitenote_category":0,"footnotes":""},"categories":[2087],"tags":[1595,33],"class_list":["post-20207","post","type-post","status-publish","format-standard","hentry","category-nr-72-pazdziernik-2020","tag-haczyk","tag-miejska-biblitoeka-publiczna-w-gliwicach"],"acf":[],"jetpack_featured_media_url":"","_links":{"self":[{"href":"https:\/\/slaskipegaz.bs.katowice.pl\/index.php?rest_route=\/wp\/v2\/posts\/20207","targetHints":{"allow":["GET"]}}],"collection":[{"href":"https:\/\/slaskipegaz.bs.katowice.pl\/index.php?rest_route=\/wp\/v2\/posts"}],"about":[{"href":"https:\/\/slaskipegaz.bs.katowice.pl\/index.php?rest_route=\/wp\/v2\/types\/post"}],"author":[{"embeddable":true,"href":"https:\/\/slaskipegaz.bs.katowice.pl\/index.php?rest_route=\/wp\/v2\/users\/3"}],"replies":[{"embeddable":true,"href":"https:\/\/slaskipegaz.bs.katowice.pl\/index.php?rest_route=%2Fwp%2Fv2%2Fcomments&post=20207"}],"version-history":[{"count":1,"href":"https:\/\/slaskipegaz.bs.katowice.pl\/index.php?rest_route=\/wp\/v2\/posts\/20207\/revisions"}],"predecessor-version":[{"id":20208,"href":"https:\/\/slaskipegaz.bs.katowice.pl\/index.php?rest_route=\/wp\/v2\/posts\/20207\/revisions\/20208"}],"wp:attachment":[{"href":"https:\/\/slaskipegaz.bs.katowice.pl\/index.php?rest_route=%2Fwp%2Fv2%2Fmedia&parent=20207"}],"wp:term":[{"taxonomy":"category","embeddable":true,"href":"https:\/\/slaskipegaz.bs.katowice.pl\/index.php?rest_route=%2Fwp%2Fv2%2Fcategories&post=20207"},{"taxonomy":"post_tag","embeddable":true,"href":"https:\/\/slaskipegaz.bs.katowice.pl\/index.php?rest_route=%2Fwp%2Fv2%2Ftags&post=20207"}],"curies":[{"name":"wp","href":"https:\/\/api.w.org\/{rel}","templated":true}]}}