{"id":20213,"date":"2020-12-10T14:06:14","date_gmt":"2020-12-10T13:06:14","guid":{"rendered":"https:\/\/slaskipegaz.bs.katowice.pl\/?p=20213"},"modified":"2020-12-10T14:06:14","modified_gmt":"2020-12-10T13:06:14","slug":"relacja-miejska-biblioteka-publiczna-w-jaworznie-104","status":"publish","type":"post","link":"https:\/\/slaskipegaz.bs.katowice.pl\/?p=20213","title":{"rendered":"[Relacja] MIEJSKA BIBLIOTEKA PUBLICZNA W JAWORZNIE"},"content":{"rendered":"\n<div class=\"wp-block-media-text alignwide is-stacked-on-mobile\" style=\"grid-template-columns:30% auto\"><figure class=\"wp-block-media-text__media\"><img loading=\"lazy\" decoding=\"async\" width=\"1024\" height=\"683\" src=\"https:\/\/slaskipegaz.bs.katowice.pl\/wp-content\/uploads\/2020\/12\/201022_totus_tuus_010.jpg\" alt=\"\" class=\"wp-image-20214\" srcset=\"https:\/\/slaskipegaz.bs.katowice.pl\/wp-content\/uploads\/2020\/12\/201022_totus_tuus_010.jpg 1024w, https:\/\/slaskipegaz.bs.katowice.pl\/wp-content\/uploads\/2020\/12\/201022_totus_tuus_010-300x200.jpg 300w, https:\/\/slaskipegaz.bs.katowice.pl\/wp-content\/uploads\/2020\/12\/201022_totus_tuus_010-768x512.jpg 768w\" sizes=\"auto, (max-width: 1024px) 100vw, 1024px\" \/><\/figure><div class=\"wp-block-media-text__content\">\n<p><strong>Wiecz\u00f3r z poezj\u0105 Jana Paw\u0142a II<\/strong><\/p>\n\n\n\n<p>22 pa\u017adziernika, dok\u0142adnie w 42. rocznic\u0119 uroczystej inauguracji pontyfikatu papie\u017ca Polaka, zorganizowano w Miejskiej Bibliotece Publicznej w Jaworznie poetycko-muzyczny wiecz\u00f3r, kt\u00f3rego scenariusz oparty zosta\u0142 na tw\u00f3rczo\u015bci Jana Paw\u0142a II. <\/p>\n<\/div><\/div>\n\n\n\n<!--more-->\n\n\n\n<p>Zestawione ze sob\u0105 r\u00f3\u017cne utwory poetyckie stworzy\u0142y przejmuj\u0105c\u0105 opowie\u015b\u0107 o poszukuj\u0105cym prawdy cz\u0142owieku, kt\u00f3ry nie boi si\u0119 zadawa\u0107 pyta\u0144, nawet tych, na kt\u00f3re nikt nie jest w stanie mu odpowiedzie\u0107. Wiersze us\u0142yszeli\u015bmy w interpretacji Dariusza Niebudka &#8211; aktora, re\u017cysera, wokalisty. <\/p>\n\n\n\n<figure class=\"wp-block-gallery columns-2 is-cropped wp-block-gallery-1 is-layout-flex wp-block-gallery-is-layout-flex\"><ul class=\"blocks-gallery-grid\"><li class=\"blocks-gallery-item\"><figure><img loading=\"lazy\" decoding=\"async\" width=\"1024\" height=\"683\" src=\"https:\/\/slaskipegaz.bs.katowice.pl\/wp-content\/uploads\/2020\/12\/201022_totus_tuus_018.jpg\" alt=\"\" data-id=\"20215\" data-full-url=\"https:\/\/slaskipegaz.bs.katowice.pl\/wp-content\/uploads\/2020\/12\/201022_totus_tuus_018.jpg\" data-link=\"https:\/\/slaskipegaz.bs.katowice.pl\/?attachment_id=20215\" class=\"wp-image-20215\" srcset=\"https:\/\/slaskipegaz.bs.katowice.pl\/wp-content\/uploads\/2020\/12\/201022_totus_tuus_018.jpg 1024w, https:\/\/slaskipegaz.bs.katowice.pl\/wp-content\/uploads\/2020\/12\/201022_totus_tuus_018-300x200.jpg 300w, https:\/\/slaskipegaz.bs.katowice.pl\/wp-content\/uploads\/2020\/12\/201022_totus_tuus_018-768x512.jpg 768w\" sizes=\"auto, (max-width: 1024px) 100vw, 1024px\" \/><\/figure><\/li><li class=\"blocks-gallery-item\"><figure><img loading=\"lazy\" decoding=\"async\" width=\"1024\" height=\"683\" src=\"https:\/\/slaskipegaz.bs.katowice.pl\/wp-content\/uploads\/2020\/12\/201022_totus_tuus_024.jpg\" alt=\"\" data-id=\"20216\" data-full-url=\"https:\/\/slaskipegaz.bs.katowice.pl\/wp-content\/uploads\/2020\/12\/201022_totus_tuus_024.jpg\" data-link=\"https:\/\/slaskipegaz.bs.katowice.pl\/?attachment_id=20216\" class=\"wp-image-20216\" srcset=\"https:\/\/slaskipegaz.bs.katowice.pl\/wp-content\/uploads\/2020\/12\/201022_totus_tuus_024.jpg 1024w, https:\/\/slaskipegaz.bs.katowice.pl\/wp-content\/uploads\/2020\/12\/201022_totus_tuus_024-300x200.jpg 300w, https:\/\/slaskipegaz.bs.katowice.pl\/wp-content\/uploads\/2020\/12\/201022_totus_tuus_024-768x512.jpg 768w\" sizes=\"auto, (max-width: 1024px) 100vw, 1024px\" \/><\/figure><\/li><\/ul><\/figure>\n\n\n\n<p>S\u0142owo mistrzowsko dope\u0142ni\u0142a improwizowana, autorska oprawa muzyczna, w wykonaniu Joachima Mencla, wybitnego polskiego muzyka jazzowego, pianisty i kompozytora. Wydarzenie, wpisuj\u0105ce si\u0119 w\u00a0obchody Roku \u015awi\u0119tego Jana Paw\u0142a II, odby\u0142o si\u0119 w ramach bibliotecznego projektu \u201eTotus Tuus. Stulecie urodzin Karola Wojty\u0142y\u201d, sfinansowanego ze \u015brodk\u00f3w Fundacji PZU.<\/p>\n\n\n\n<p>Nades\u0142a\u0142a: Miejska Biblioteka Publiczna w Jaworznie<\/p>\n","protected":false},"excerpt":{"rendered":"<p>Wiecz\u00f3r z poezj\u0105 Jana Paw\u0142a II 22 pa\u017adziernika, dok\u0142adnie w 42. rocznic\u0119 uroczystej inauguracji pontyfikatu papie\u017ca Polaka, zorganizowano w Miejskiej Bibliotece Publicznej w Jaworznie poetycko-muzyczny wiecz\u00f3r, kt\u00f3rego scenariusz oparty zosta\u0142 na tw\u00f3rczo\u015bci Jana Paw\u0142a II.<\/p>\n","protected":false},"author":3,"featured_media":0,"comment_status":"closed","ping_status":"closed","sticky":false,"template":"","format":"standard","meta":{"_acf_changed":false,"_exactmetrics_skip_tracking":false,"_exactmetrics_sitenote_active":false,"_exactmetrics_sitenote_note":"","_exactmetrics_sitenote_category":0,"footnotes":""},"categories":[2087],"tags":[261,8],"class_list":["post-20213","post","type-post","status-publish","format-standard","hentry","category-nr-72-pazdziernik-2020","tag-koncert","tag-miejska-biblioteka-publiczna-w-jaworznie"],"acf":[],"jetpack_featured_media_url":"","_links":{"self":[{"href":"https:\/\/slaskipegaz.bs.katowice.pl\/index.php?rest_route=\/wp\/v2\/posts\/20213","targetHints":{"allow":["GET"]}}],"collection":[{"href":"https:\/\/slaskipegaz.bs.katowice.pl\/index.php?rest_route=\/wp\/v2\/posts"}],"about":[{"href":"https:\/\/slaskipegaz.bs.katowice.pl\/index.php?rest_route=\/wp\/v2\/types\/post"}],"author":[{"embeddable":true,"href":"https:\/\/slaskipegaz.bs.katowice.pl\/index.php?rest_route=\/wp\/v2\/users\/3"}],"replies":[{"embeddable":true,"href":"https:\/\/slaskipegaz.bs.katowice.pl\/index.php?rest_route=%2Fwp%2Fv2%2Fcomments&post=20213"}],"version-history":[{"count":1,"href":"https:\/\/slaskipegaz.bs.katowice.pl\/index.php?rest_route=\/wp\/v2\/posts\/20213\/revisions"}],"predecessor-version":[{"id":20217,"href":"https:\/\/slaskipegaz.bs.katowice.pl\/index.php?rest_route=\/wp\/v2\/posts\/20213\/revisions\/20217"}],"wp:attachment":[{"href":"https:\/\/slaskipegaz.bs.katowice.pl\/index.php?rest_route=%2Fwp%2Fv2%2Fmedia&parent=20213"}],"wp:term":[{"taxonomy":"category","embeddable":true,"href":"https:\/\/slaskipegaz.bs.katowice.pl\/index.php?rest_route=%2Fwp%2Fv2%2Fcategories&post=20213"},{"taxonomy":"post_tag","embeddable":true,"href":"https:\/\/slaskipegaz.bs.katowice.pl\/index.php?rest_route=%2Fwp%2Fv2%2Ftags&post=20213"}],"curies":[{"name":"wp","href":"https:\/\/api.w.org\/{rel}","templated":true}]}}