{"id":20380,"date":"2021-01-05T10:15:44","date_gmt":"2021-01-05T09:15:44","guid":{"rendered":"https:\/\/slaskipegaz.bs.katowice.pl\/?p=20380"},"modified":"2021-01-05T10:15:44","modified_gmt":"2021-01-05T09:15:44","slug":"wystawa-miejska-biblioteka-publiczna-w-sosnowcu-14","status":"publish","type":"post","link":"https:\/\/slaskipegaz.bs.katowice.pl\/?p=20380","title":{"rendered":"[Wystawa] MIEJSKA BIBLIOTEKA PUBLICZNA W SOSNOWCU"},"content":{"rendered":"\n<div class=\"wp-block-media-text alignwide is-stacked-on-mobile\" style=\"grid-template-columns:15% auto\"><figure class=\"wp-block-media-text__media\"><img loading=\"lazy\" decoding=\"async\" width=\"719\" height=\"1024\" src=\"https:\/\/slaskipegaz.bs.katowice.pl\/wp-content\/uploads\/2021\/01\/Sztuka-a-Prawo_plakat_color-719x1024.jpg\" alt=\"\" class=\"wp-image-20381\" srcset=\"https:\/\/slaskipegaz.bs.katowice.pl\/wp-content\/uploads\/2021\/01\/Sztuka-a-Prawo_plakat_color-719x1024.jpg 719w, https:\/\/slaskipegaz.bs.katowice.pl\/wp-content\/uploads\/2021\/01\/Sztuka-a-Prawo_plakat_color-211x300.jpg 211w, https:\/\/slaskipegaz.bs.katowice.pl\/wp-content\/uploads\/2021\/01\/Sztuka-a-Prawo_plakat_color-768x1094.jpg 768w, https:\/\/slaskipegaz.bs.katowice.pl\/wp-content\/uploads\/2021\/01\/Sztuka-a-Prawo_plakat_color.jpg 1000w\" sizes=\"auto, (max-width: 719px) 100vw, 719px\" \/><\/figure><div class=\"wp-block-media-text__content\">\n<p><strong>\u201eSztuka a prawo karne\u201d \u2013 wystawa w Zag\u0142\u0119biowskiej Mediatece<\/strong><\/p>\n\n\n\n<p>Miejska Biblioteka Publiczna w Sosnowcu i Katedra Prawa Karnego, Prawa Karnego Procesowego i Kryminologii Uniwersytetu Europejskiego Viadrina we Frankfurcie nad Odr\u0105, serdecznie zapraszaj\u0105 do zapoznania si\u0119 z ekspozycj\u0105 Prof. Uwe Schefflera zatytu\u0142owan\u0105 <strong>\u201eSztuka a prawo karne\u201d.<\/strong> Wystawa prezentowana b\u0119dzie w Galerii \u201ePod \u015bwietlikiem\u201d Zag\u0142\u0119biowskiej Mediateki w dn. 7.01-12.02.2021 w godz. otwarcia instytucji. Wst\u0119p wolny. Uwaga \u2013 cz\u0119\u015b\u0107 zdj\u0119\u0107 zamieszczonych na planszach mo\u017ce by\u0107 postrzegana jako drastyczna.<\/p>\n<\/div><\/div>\n\n\n\n<!--more-->\n\n\n\n<p>Raz na jaki\u015b czas dzie\u0142a sztuki skupiaj\u0105 na sobie zainteresowanie opinii publicznej, wzniecaj\u0105c dyskusj\u0119 kontrowersyjn\u0105 tre\u015bci\u0105. Nie\u0142atwo znale\u017a\u0107 odpowied\u017a na pytania: czy sztuce wolno \u201ewszystko\u201d, gdzie przebiega granica tego, co dozwolone, jak dalece artysta mo\u017ce rozwija\u0107 sw\u0105 ekspresj\u0119 w ramach dzia\u0142alno\u015bci artystycznej, gdy zniewa\u017ca, szokuje lub zabija zwierz\u0119ta. Czy wolno\u015b\u0107 sztuki chroni nagiego kibica biegaj\u0105cego po stadionie? Czy pomazanie kopenhaskiej Ma\u0142ej Syrenki zmywaln\u0105 farb\u0105 mo\u017cna uzna\u0107 za uszkodzenie rzeczy? Czy wreszcie smutny koniec Maksa i Moryca, bohater\u00f3w komiksu Wilhelma Buscha, zmielonych przez m\u0142ynarza, stanowi niedozwolone prezentowanie tre\u015bci przemocy?<\/p>\n\n\n\n<p>Te ciekawe zagadnienia od kilku lat s\u0105 przedmiotem bada\u0144 Prof. Uwe Schefflera z Uniwersytetu Europejskiego Viadrina we Frankfurcie nad Odr\u0105 i jego zespo\u0142u w ramach projektu \u201eSztuka a prawo karne\u201d.&nbsp;<\/p>\n\n\n\n<p>Odbiorcy wystawy szybko dojd\u0105 do wniosku, \u017ce obie dziedziny \u0142\u0105czy wiele interesuj\u0105cych aspekt\u00f3w. Dwana\u015bcie plansz ekspozycji zawiera komentarze do 22 ilustrowanych przypadk\u00f3w, kt\u00f3re zach\u0119caj\u0105 do refleksji i prezentuj\u0105 sztuk\u0119 w roli \u201esprawcy\u201d (np. zniewa\u017caj\u0105ca karykatura lub performance ze zn\u0119caniem si\u0119 nad zwierz\u0119tami) oraz \u201eofiary\u201d (np. zniszczenie, fa\u0142szerstwo lub kradzie\u017c dzie\u0142 sztuki).<\/p>\n\n\n\n<p>Do tej pory ekspozycja by\u0142a prezentowana na licznych uczelniach wy\u017cszych w Niemczech, Austrii i w Turcji, a tak\u017ce w wielu instytucjach o\u015bwiatowych i kulturalnych w Polsce \u2013 w polskiej wersji j\u0119zykowej.<\/p>\n\n\n\n<p>Wi\u0119cej informacji o wystawie mo\u017cna znale\u017a\u0107 na stronie:&nbsp;&nbsp;<\/p>\n\n\n\n<p><a href=\"https:\/\/www.rewi.europa-uni.de\/de\/lehrstuhl\/sr\/krimirecht\/Wanderausstellung-Kunst-und-Strafrecht\/Wanderausstellung-Kunst-und-Strafrecht_pl\/index.html\">https:\/\/www.rewi.europa-uni.de\/de\/lehrstuhl\/sr\/krimirecht\/Wanderausstellung-Kunst-und-Strafrecht\/Wanderausstellung-Kunst-und-Strafrecht_pl\/index.html<\/a><\/p>\n\n\n\n<p>Zach\u0119camy tak\u017ce do zapoznania si\u0119 z folderem przygotowanym przez tw\u00f3rc\u00f3w wystawy \u2013 <a href=\"Kunst%20und%20Strafrecht_Expose_2020_11_02_02.pdf\">pobierz folder<\/a>.<\/p>\n\n\n\n<p>Wystawie towarzyszy wirtualne zwiedzanie, dost\u0119pne na kanale YouTube MBP w Sosnowcu \u2013 <a href=\"https:\/\/youtu.be\/bQEAvEnC5Go\">ZOBACZ FILM<\/a>.<\/p>\n\n\n\n<p>Nades\u0142a\u0142a: Miejska Biblioteka Publiczna w Sosnowcu<\/p>\n","protected":false},"excerpt":{"rendered":"<p>\u201eSztuka a prawo karne\u201d \u2013 wystawa w Zag\u0142\u0119biowskiej Mediatece Miejska Biblioteka Publiczna w Sosnowcu i Katedra Prawa Karnego, Prawa Karnego Procesowego i Kryminologii Uniwersytetu Europejskiego Viadrina we Frankfurcie nad Odr\u0105, serdecznie zapraszaj\u0105 do zapoznania si\u0119 z ekspozycj\u0105 Prof. Uwe Schefflera zatytu\u0142owan\u0105 \u201eSztuka a prawo karne\u201d. Wystawa prezentowana b\u0119dzie w Galerii \u201ePod \u015bwietlikiem\u201d Zag\u0142\u0119biowskiej Mediateki w &hellip; <a href=\"https:\/\/slaskipegaz.bs.katowice.pl\/?p=20380\" class=\"more-link\">Czytaj dalej <span class=\"screen-reader-text\">[Wystawa] MIEJSKA BIBLIOTEKA PUBLICZNA W SOSNOWCU<\/span> <span class=\"meta-nav\">&rarr;<\/span><\/a><\/p>\n","protected":false},"author":3,"featured_media":0,"comment_status":"closed","ping_status":"closed","sticky":false,"template":"","format":"standard","meta":{"_acf_changed":false,"_exactmetrics_skip_tracking":false,"_exactmetrics_sitenote_active":false,"_exactmetrics_sitenote_note":"","_exactmetrics_sitenote_category":0,"footnotes":""},"categories":[2124],"tags":[146,24],"class_list":["post-20380","post","type-post","status-publish","format-standard","hentry","category-nr-74-grudzien-2020","tag-miejska-biblioteka-publiczna-w-sosnowcu","tag-wystawa"],"acf":[],"jetpack_featured_media_url":"","_links":{"self":[{"href":"https:\/\/slaskipegaz.bs.katowice.pl\/index.php?rest_route=\/wp\/v2\/posts\/20380","targetHints":{"allow":["GET"]}}],"collection":[{"href":"https:\/\/slaskipegaz.bs.katowice.pl\/index.php?rest_route=\/wp\/v2\/posts"}],"about":[{"href":"https:\/\/slaskipegaz.bs.katowice.pl\/index.php?rest_route=\/wp\/v2\/types\/post"}],"author":[{"embeddable":true,"href":"https:\/\/slaskipegaz.bs.katowice.pl\/index.php?rest_route=\/wp\/v2\/users\/3"}],"replies":[{"embeddable":true,"href":"https:\/\/slaskipegaz.bs.katowice.pl\/index.php?rest_route=%2Fwp%2Fv2%2Fcomments&post=20380"}],"version-history":[{"count":1,"href":"https:\/\/slaskipegaz.bs.katowice.pl\/index.php?rest_route=\/wp\/v2\/posts\/20380\/revisions"}],"predecessor-version":[{"id":20382,"href":"https:\/\/slaskipegaz.bs.katowice.pl\/index.php?rest_route=\/wp\/v2\/posts\/20380\/revisions\/20382"}],"wp:attachment":[{"href":"https:\/\/slaskipegaz.bs.katowice.pl\/index.php?rest_route=%2Fwp%2Fv2%2Fmedia&parent=20380"}],"wp:term":[{"taxonomy":"category","embeddable":true,"href":"https:\/\/slaskipegaz.bs.katowice.pl\/index.php?rest_route=%2Fwp%2Fv2%2Fcategories&post=20380"},{"taxonomy":"post_tag","embeddable":true,"href":"https:\/\/slaskipegaz.bs.katowice.pl\/index.php?rest_route=%2Fwp%2Fv2%2Ftags&post=20380"}],"curies":[{"name":"wp","href":"https:\/\/api.w.org\/{rel}","templated":true}]}}