{"id":20449,"date":"2021-02-01T14:49:21","date_gmt":"2021-02-01T13:49:21","guid":{"rendered":"https:\/\/slaskipegaz.bs.katowice.pl\/?p=20449"},"modified":"2021-02-01T14:49:21","modified_gmt":"2021-02-01T13:49:21","slug":"wystawa-ksiaznica-beskidzka-w-bielsku-bialej-7","status":"publish","type":"post","link":"https:\/\/slaskipegaz.bs.katowice.pl\/?p=20449","title":{"rendered":"[Wystawa] KSI\u0104\u017bNICA BESKIDZKA W BIELSKU-BIA\u0141EJ"},"content":{"rendered":"\n<div class=\"wp-block-media-text alignwide is-stacked-on-mobile\" style=\"grid-template-columns:44% auto\"><figure class=\"wp-block-media-text__media\"><img loading=\"lazy\" decoding=\"async\" width=\"780\" height=\"380\" src=\"https:\/\/slaskipegaz.bs.katowice.pl\/wp-content\/uploads\/2021\/02\/baner-KOHUT.jpg\" alt=\"\" class=\"wp-image-20450\" srcset=\"https:\/\/slaskipegaz.bs.katowice.pl\/wp-content\/uploads\/2021\/02\/baner-KOHUT.jpg 780w, https:\/\/slaskipegaz.bs.katowice.pl\/wp-content\/uploads\/2021\/02\/baner-KOHUT-300x146.jpg 300w, https:\/\/slaskipegaz.bs.katowice.pl\/wp-content\/uploads\/2021\/02\/baner-KOHUT-768x374.jpg 768w\" sizes=\"auto, (max-width: 780px) 100vw, 780px\" \/><\/figure><div class=\"wp-block-media-text__content\">\n<p>P\u0118DZLEM I WIATREM MALOWANE<\/p>\n\n\n\n<p>W Ksi\u0105\u017cnicy Beskidzkiej do 14 lutego mo\u017cna zwiedza\u0107 wystaw\u0119 prac Floriana Kohuta, artysty pochodz\u0105cego z Rudzicy, niewielkiej miejscowo\u015bci w pobli\u017cu Bielska-Bia\u0142ej, kt\u00f3ra dzi\u0119ki jego talentowi i pasji sta\u0142a si\u0119 s\u0142awna nie tylko w Polsce, ale tak\u017ce na ca\u0142ym \u015bwiecie.<\/p>\n<\/div><\/div>\n\n\n\n<!--more-->\n\n\n\n<p>Wystawa przygotowana zosta\u0142a z okazji 55-lecia pracy tw\u00f3rczej oraz 30-lecia istnienia Galerii Autorskiej <em>Pod Strachem Polnym<\/em>. Ekspozycja wprowadza w ca\u0142oroczne obchody Jubileuszu artysty, kt\u00f3re zako\u0144cz\u0105 si\u0119 w czerwcu 2022 roku w dniu Stracha Polnego.<\/p>\n\n\n\n<p>Trudno w kilku s\u0142owach opisa\u0107 posta\u0107 artysty, kt\u00f3ry jest tak barwny jak malowane przez niego obrazy. Jest uczniem profesora Franciszka Suknarowskiego, artysty malarza i rze\u017abiarza. Nale\u017cy do Zwi\u0105zku Artyst\u00f3w Polskich i Stowarzyszenia Pastelist\u00f3w Polskich. Jego prace mo\u017cna podziwia\u0107 nie tylko w galeriach krajowych, ale tak\u017ce zagranicznych. Otrzyma\u0142 wiele nagr\u00f3d, jest zapraszany na wystawy indywidualne, spotkania autorskie, plenery. W 1991 roku otworzy\u0142 w Rudzicy galeri\u0119 autorsk\u0105 <em>Pod Strachem Polnym<\/em>. Jest r\u00f3wnie\u017c pomys\u0142odawc\u0105 i g\u0142\u00f3wnym organizatorem Dnia Stracha Polnego, \u015bwi\u0119ta, kt\u00f3re ka\u017cdego roku przyci\u0105ga do Rudzicy wiele os\u00f3b. Mi\u0142o\u015bnicy stracha polnego w barwnym korowodzie przemierzaj\u0105 ulice Rudzicy, nios\u0105c w\u0142asnor\u0119cznie wykonane charakterystyczne postacie. Wa\u017cne, by strachy wykonane by\u0142y w tradycyjny spos\u00f3b, przy u\u017cyciu s\u0142omy, skrawk\u00f3w materia\u0142u. Wa\u017cne, by przy najmniejszym podmuchu wiatru wszystko sprawia\u0142o wra\u017cenie ruchu. Te, wydawa\u0142oby si\u0119 niepozorne, dla wielu nie przedstawiaj\u0105ce \u017cadnej warto\u015bci figury,&nbsp; sta\u0142y si\u0119 dla Floriana Kohuta przedmiotem inspiracji. Artysta przemierza Polsk\u0119 wzd\u0142u\u017c i wszerz w poszukiwaniu kolejnych strach\u00f3w. Tam, gdzie s\u0105 strachy jest i Florian Kohut, w charakterystycznym kapeluszu, z palet\u0105 w d\u0142oni przenosi te ruchliwe postacie na p\u0142\u00f3tno. Maluje r\u00f3\u017cnymi technikami: olej, akwarela, pastel i akryl. Jego strachy \u017cyj\u0105, poruszaj\u0105 si\u0119, ta\u0144cz\u0105 i zach\u0119caj\u0105 do zabawy. Florian Kohut wie o strachach wszystko. Uwa\u017ca, \u017ce s\u0105 symbolem wiosny, bo powstaj\u0105 wtedy, gdy wszystko budzi si\u0119 do \u017cycia. Gdy widzi stracha, zawsze mu si\u0119 k\u0142ania jako kr\u00f3lowi pola. W tych, zdawa\u0142oby si\u0119 prostych, byle jak wykonanych postaciach artysta dostrzega pi\u0119kno i finezj\u0119. By je znale\u017a\u0107, cz\u0119sto trzeba zboczy\u0107 z g\u0142\u00f3wnej drogi, zatrzyma\u0107 si\u0119 na chwil\u0119, przypatrze\u0107 i zachwyci\u0107 prost\u0105 form\u0105. Kto chce, ten znajdzie.<\/p>\n\n\n\n<p>Wystawa to nie tylko Strachy Polne, ale tak\u017ce obrazy o zgo\u0142a innej tematyce. A z ka\u017cdym obrazem wi\u0105\u017ce si\u0119 jaka\u015b historia. Sam artysta uwa\u017ca, \u017ce w ka\u017cdy obraz, w og\u00f3le w ka\u017cd\u0105 prac\u0119 nale\u017cy wk\u0142ada\u0107 serce i dusz\u0119, wykona\u0107 j\u0105 najlepiej jak si\u0119 umie.<\/p>\n\n\n\n<p>Spotkanie z Florianem Kohutem mo\u017cna obejrze\u0107 na facebooku Ksi\u0105\u017cnicy Beskidzkiej <a href=\"https:\/\/www.facebook.com\/KsiaznicaBeskidzka\/videos\/3749052131828998\/\">.<\/a><\/p>\n\n\n\n<p>Nades\u0142a\u0142a: Ksi\u0105\u017cnica Beskidzka <\/p>\n","protected":false},"excerpt":{"rendered":"<p>P\u0118DZLEM I WIATREM MALOWANE W Ksi\u0105\u017cnicy Beskidzkiej do 14 lutego mo\u017cna zwiedza\u0107 wystaw\u0119 prac Floriana Kohuta, artysty pochodz\u0105cego z Rudzicy, niewielkiej miejscowo\u015bci w pobli\u017cu Bielska-Bia\u0142ej, kt\u00f3ra dzi\u0119ki jego talentowi i pasji sta\u0142a si\u0119 s\u0142awna nie tylko w Polsce, ale tak\u017ce na ca\u0142ym \u015bwiecie.<\/p>\n","protected":false},"author":3,"featured_media":0,"comment_status":"open","ping_status":"open","sticky":false,"template":"","format":"standard","meta":{"_acf_changed":false,"_exactmetrics_skip_tracking":false,"_exactmetrics_sitenote_active":false,"_exactmetrics_sitenote_note":"","_exactmetrics_sitenote_category":0,"footnotes":""},"categories":[2128],"tags":[83,24],"class_list":["post-20449","post","type-post","status-publish","format-standard","hentry","category-nr-75-styczen-2021","tag-ksiaznica-beskidzka","tag-wystawa"],"acf":[],"jetpack_featured_media_url":"","_links":{"self":[{"href":"https:\/\/slaskipegaz.bs.katowice.pl\/index.php?rest_route=\/wp\/v2\/posts\/20449","targetHints":{"allow":["GET"]}}],"collection":[{"href":"https:\/\/slaskipegaz.bs.katowice.pl\/index.php?rest_route=\/wp\/v2\/posts"}],"about":[{"href":"https:\/\/slaskipegaz.bs.katowice.pl\/index.php?rest_route=\/wp\/v2\/types\/post"}],"author":[{"embeddable":true,"href":"https:\/\/slaskipegaz.bs.katowice.pl\/index.php?rest_route=\/wp\/v2\/users\/3"}],"replies":[{"embeddable":true,"href":"https:\/\/slaskipegaz.bs.katowice.pl\/index.php?rest_route=%2Fwp%2Fv2%2Fcomments&post=20449"}],"version-history":[{"count":1,"href":"https:\/\/slaskipegaz.bs.katowice.pl\/index.php?rest_route=\/wp\/v2\/posts\/20449\/revisions"}],"predecessor-version":[{"id":20451,"href":"https:\/\/slaskipegaz.bs.katowice.pl\/index.php?rest_route=\/wp\/v2\/posts\/20449\/revisions\/20451"}],"wp:attachment":[{"href":"https:\/\/slaskipegaz.bs.katowice.pl\/index.php?rest_route=%2Fwp%2Fv2%2Fmedia&parent=20449"}],"wp:term":[{"taxonomy":"category","embeddable":true,"href":"https:\/\/slaskipegaz.bs.katowice.pl\/index.php?rest_route=%2Fwp%2Fv2%2Fcategories&post=20449"},{"taxonomy":"post_tag","embeddable":true,"href":"https:\/\/slaskipegaz.bs.katowice.pl\/index.php?rest_route=%2Fwp%2Fv2%2Ftags&post=20449"}],"curies":[{"name":"wp","href":"https:\/\/api.w.org\/{rel}","templated":true}]}}