{"id":20748,"date":"2021-06-14T12:36:00","date_gmt":"2021-06-14T10:36:00","guid":{"rendered":"https:\/\/slaskipegaz.bs.katowice.pl\/?p=20748"},"modified":"2021-07-02T12:39:17","modified_gmt":"2021-07-02T10:39:17","slug":"wystawa-miejska-biblioteka-publiczna-w-sosnowcu-18","status":"publish","type":"post","link":"https:\/\/slaskipegaz.bs.katowice.pl\/?p=20748","title":{"rendered":"[Wystawa] MIEJSKA BIBLIOTEKA PUBLICZNA W SOSNOWCU"},"content":{"rendered":"\n<div class=\"wp-block-media-text alignwide is-stacked-on-mobile\" style=\"grid-template-columns:22% auto\"><figure class=\"wp-block-media-text__media\"><img loading=\"lazy\" decoding=\"async\" width=\"719\" height=\"1024\" src=\"https:\/\/slaskipegaz.bs.katowice.pl\/wp-content\/uploads\/2021\/07\/Galuzny_wystawa-719x1024.jpg\" alt=\"\" class=\"wp-image-20749\" srcset=\"https:\/\/slaskipegaz.bs.katowice.pl\/wp-content\/uploads\/2021\/07\/Galuzny_wystawa-719x1024.jpg 719w, https:\/\/slaskipegaz.bs.katowice.pl\/wp-content\/uploads\/2021\/07\/Galuzny_wystawa-211x300.jpg 211w, https:\/\/slaskipegaz.bs.katowice.pl\/wp-content\/uploads\/2021\/07\/Galuzny_wystawa-768x1094.jpg 768w, https:\/\/slaskipegaz.bs.katowice.pl\/wp-content\/uploads\/2021\/07\/Galuzny_wystawa.jpg 1000w\" sizes=\"auto, (max-width: 719px) 100vw, 719px\" \/><\/figure><div class=\"wp-block-media-text__content\">\n<p><strong>\u201eWypowiedz moje imi\u0119\u201d \u2013 wystawa prac Czes\u0142awa Ga\u0142u\u017cnego<\/strong><\/p>\n\n\n\n<p>Miejska Biblioteka Publiczna w Sosnowcu serdecznie zaprasza do zwiedzania wystawy Czes\u0142awa Ga\u0142u\u017cnego zatytu\u0142owanej \u201eWypowiedz moje imi\u0119\u201d. <\/p>\n<\/div><\/div>\n\n\n\n<!--more-->\n\n\n\n<p>Prace Artysty prezentowane b\u0119d\u0105 w Galerii Zag\u0142\u0119biowskiej Mediateki przy ul. Ko\u015bcielnej 11 w dn. 16 czerwca \u2013 31 sierpnia 2021 w godz. otwarcia instytucji. Wernisa\u017c wystawy odb\u0119dzie si\u0119 w \u015brod\u0119 16 czerwca 2021 o godz. 18.00. Wst\u0119p wolny.<\/p>\n\n\n\n<p><strong>Czes\u0142aw Ga\u0142u\u017cny<\/strong> &#8211; Artysta malarz, rysownik, poeta. Mieszka i tworzy w Sosnowcu. Jest cz\u0142onkiem Zwi\u0105zku Polskich Artyst\u00f3w Plastyk\u00f3w, wsp\u00f3\u0142za\u0142o\u017cycielem i cz\u0142onkiem Stowarzyszenia Pastelist\u00f3w Polskich. Cz\u0142onek Grupy \u201eZag\u0142\u0119bie\u201d.\u00a0 Zajmuje si\u0119 r\u00f3wnie\u017c edukacj\u0105 artystyczn\u0105 m.in. jako opiekun Grup Plastycznych \u201eRelacje\u201d i \u201eSalve\u201d. Jest organizatorem akcji artystycznych i happening\u00f3w.\u00a0 Swoje prace wystawia\u0142\u00a0 na 92 wystawach indywidualnych i ponad 500 zbiorowych w kraju i za granic\u0105. Zdoby\u0142 wiele nagr\u00f3d i wyr\u00f3\u017cnie\u0144, m.in. I nagrod\u0119 Z\u0142oty medal na II Mi\u0119dzynarodowym Biennale Pasteli, Medal Stowarzyszenia Pastelist\u00f3w Polskich, wyr\u00f3\u017cnienie Ministra Kultury i Sztuki na Og\u00f3lnopolskim Biennale Pasteli, Nagrod\u0119 artystyczn\u0105 miasta Sosnowca oraz tytu\u0142 Zas\u0142u\u017conego dla Kultury Polskiej.<\/p>\n","protected":false},"excerpt":{"rendered":"<p>\u201eWypowiedz moje imi\u0119\u201d \u2013 wystawa prac Czes\u0142awa Ga\u0142u\u017cnego Miejska Biblioteka Publiczna w Sosnowcu serdecznie zaprasza do zwiedzania wystawy Czes\u0142awa Ga\u0142u\u017cnego zatytu\u0142owanej \u201eWypowiedz moje imi\u0119\u201d.<\/p>\n","protected":false},"author":3,"featured_media":0,"comment_status":"closed","ping_status":"closed","sticky":false,"template":"","format":"standard","meta":{"_acf_changed":false,"_exactmetrics_skip_tracking":false,"_exactmetrics_sitenote_active":false,"_exactmetrics_sitenote_note":"","_exactmetrics_sitenote_category":0,"footnotes":""},"categories":[6],"tags":[2159,146,24],"class_list":["post-20748","post","type-post","status-publish","format-standard","hentry","category-aktualnosci","tag-czeslaw-galuzny","tag-miejska-biblioteka-publiczna-w-sosnowcu","tag-wystawa"],"acf":[],"jetpack_featured_media_url":"","_links":{"self":[{"href":"https:\/\/slaskipegaz.bs.katowice.pl\/index.php?rest_route=\/wp\/v2\/posts\/20748","targetHints":{"allow":["GET"]}}],"collection":[{"href":"https:\/\/slaskipegaz.bs.katowice.pl\/index.php?rest_route=\/wp\/v2\/posts"}],"about":[{"href":"https:\/\/slaskipegaz.bs.katowice.pl\/index.php?rest_route=\/wp\/v2\/types\/post"}],"author":[{"embeddable":true,"href":"https:\/\/slaskipegaz.bs.katowice.pl\/index.php?rest_route=\/wp\/v2\/users\/3"}],"replies":[{"embeddable":true,"href":"https:\/\/slaskipegaz.bs.katowice.pl\/index.php?rest_route=%2Fwp%2Fv2%2Fcomments&post=20748"}],"version-history":[{"count":1,"href":"https:\/\/slaskipegaz.bs.katowice.pl\/index.php?rest_route=\/wp\/v2\/posts\/20748\/revisions"}],"predecessor-version":[{"id":20750,"href":"https:\/\/slaskipegaz.bs.katowice.pl\/index.php?rest_route=\/wp\/v2\/posts\/20748\/revisions\/20750"}],"wp:attachment":[{"href":"https:\/\/slaskipegaz.bs.katowice.pl\/index.php?rest_route=%2Fwp%2Fv2%2Fmedia&parent=20748"}],"wp:term":[{"taxonomy":"category","embeddable":true,"href":"https:\/\/slaskipegaz.bs.katowice.pl\/index.php?rest_route=%2Fwp%2Fv2%2Fcategories&post=20748"},{"taxonomy":"post_tag","embeddable":true,"href":"https:\/\/slaskipegaz.bs.katowice.pl\/index.php?rest_route=%2Fwp%2Fv2%2Ftags&post=20748"}],"curies":[{"name":"wp","href":"https:\/\/api.w.org\/{rel}","templated":true}]}}