{"id":20810,"date":"2021-07-05T09:04:44","date_gmt":"2021-07-05T07:04:44","guid":{"rendered":"https:\/\/slaskipegaz.bs.katowice.pl\/?p=20810"},"modified":"2021-07-05T09:04:44","modified_gmt":"2021-07-05T07:04:44","slug":"relacja-miejska-biblioteka-publiczna-w-gliwicach-29","status":"publish","type":"post","link":"https:\/\/slaskipegaz.bs.katowice.pl\/?p=20810","title":{"rendered":"[Relacja] MIEJSKA BIBLIOTEKA PUBLICZNA W GLIWICACH"},"content":{"rendered":"\n<div class=\"wp-block-media-text alignwide is-stacked-on-mobile\" style=\"grid-template-columns:29% auto\"><figure class=\"wp-block-media-text__media\"><img loading=\"lazy\" decoding=\"async\" width=\"1024\" height=\"631\" src=\"https:\/\/slaskipegaz.bs.katowice.pl\/wp-content\/uploads\/2021\/07\/HACZYK_baner-1024x631.jpg\" alt=\"\" class=\"wp-image-20811\" srcset=\"https:\/\/slaskipegaz.bs.katowice.pl\/wp-content\/uploads\/2021\/07\/HACZYK_baner-1024x631.jpg 1024w, https:\/\/slaskipegaz.bs.katowice.pl\/wp-content\/uploads\/2021\/07\/HACZYK_baner-300x185.jpg 300w, https:\/\/slaskipegaz.bs.katowice.pl\/wp-content\/uploads\/2021\/07\/HACZYK_baner-768x473.jpg 768w, https:\/\/slaskipegaz.bs.katowice.pl\/wp-content\/uploads\/2021\/07\/HACZYK_baner.jpg 1300w\" sizes=\"auto, (max-width: 1024px) 100vw, 1024px\" \/><\/figure><div class=\"wp-block-media-text__content\">\n<p><strong>\u201eHaczyk \u2013 gliwickie spotkania literackie\u201d<\/strong><\/p>\n\n\n\n<p>Chcesz oderwa\u0107 si\u0119 od wszystkiego i wyruszy\u0107 w podr\u00f3\u017c do miejsca, w kt\u00f3rym prze\u017cyjesz wielk\u0105 przygod\u0119? Nie zawsze mo\u017cna po prostu spakowa\u0107 plecak i wyjecha\u0107. Wtedy z pomoc\u0105 przychodzi ksi\u0105\u017cka, dzi\u0119ki kt\u00f3rej mo\u017cesz odwiedzi\u0107 najdalsze zak\u0105tki \u015bwiata i to bez wychodzenia z domu!<\/p>\n<\/div><\/div>\n\n\n\n<!--more-->\n\n\n\n<p>Cho\u0107 wakacje dopiero si\u0119 zaczynaj\u0105, w Miejskiej Bibliotece Publicznej w Gliwicach my\u015blami wybiegamy ju\u017c do jesieni i kolejnej, czwartej ju\u017c ods\u0142ony &#8222;Haczyka &#8211; gliwickich spotka\u0144 literackich&#8221;. Tematem przewodnim tegorocznej edycji b\u0119d\u0105 podr\u00f3\u017ce \u2013 w szerokim kontek\u015bcie literackim i artystycznym. Wydarzenia zaplanowane na wrzesie\u0144 i pa\u017adziernik wype\u0142ni\u0105 najpopularniejsi autorzy, podr\u00f3\u017cnicy oraz praca tw\u00f3rcza uczestnik\u00f3w. <\/p>\n\n\n\n<p>W ramach festiwalu odb\u0119d\u0105 si\u0119 a\u017c 22 wydarzenia skierowane do m\u0142odszych i starszych adept\u00f3w podr\u00f3\u017cowania (r\u00f3wnie\u017c palcem po mapie). W ramach projektu zaplanowano szereg spotka\u0144 autorskich. W\u015br\u00f3d zaproszonych go\u015bci wymieni\u0107 mo\u017cna Marzen\u0119 Filipczak, Tomka Michniewicza, Miros\u0142awa Wlek\u0142ego, Dariusza Kortko i Marcina Pietraszewskiego czy Roberta Gondka. Najm\u0142odszych czytelnik\u00f3w zaprosimy na spotkanie z Izabell\u0105 Kalut\u0105 oraz Marcinem Kozio\u0142em. Spotkania realizowane b\u0119d\u0105 w formie hybrydowej &#8211; z publiczno\u015bci\u0105 zgromadzon\u0105 w bibliotece oraz przed ekranami komputer\u00f3w lub urz\u0105dze\u0144 mobilnych.<\/p>\n\n\n\n<p>\u201eHaczyk\u201d to jednak nie tylko spotkania autorskie, ale r\u00f3wnie\u017c sztuka \u0142\u0105czenia s\u0142owa z obrazem<br>i nowymi technologiami. Dlatego uzupe\u0142nieniem spotka\u0144 wok\u00f3\u0142 literatury podr\u00f3\u017cniczej b\u0119d\u0105 wystawy, warsztaty, gra miejska i konkurs literacki. Dla najm\u0142odszych czytelnik\u00f3w przygotowali\u015bmy warsztaty literacko-artystyczne \u201e\u015awiat na wyci\u0105gni\u0119cie r\u0119ki\u201d, podczas kt\u00f3rych dzieci poznaj\u0105 kultur\u0119 i zwyczaje wybranych pa\u0144stw. Natalia Uryniuk, artystka, ilustratorka, autorka projektu artystyczno-edukacyjnego \u201eBalticarium\u201d po\u015bwi\u0119conego Morzu Ba\u0142tyckiemu poprowadzi warsztaty artystyczne dla dzieci w wieku 3-6 i 7-9 lat z rodzicami, kt\u00f3re towarzyszy\u0107 b\u0119d\u0105 interaktywnej wystawie o tym samym tytule. Warsztaty kulinarne poprzedzi prelekcja J\u0119drzeja Majki, autora ksi\u0105\u017cki \u201ePodr\u00f3\u017ce za smakiem, czyli jak przyprawy zmieniaj\u0105 \u015bwiat\u201d. Warsztaty fotograficzne poprowadzi Maciej Goryl, kt\u00f3rego prace publikowane by\u0142y na \u0142amach magazynu National Geographic Polska, natomiast warsztaty vlogowania \u2013 Oscar Rak, &nbsp;ekspert w dziedzinie wideo marketingu i komunikacji audiowizualnej.<\/p>\n\n\n\n<p>Jak co roku dla rodzin zaplanowali\u015bmy rodzinn\u0105 gr\u0119 miejsk\u0105. Fabu\u0142a tegorocznej rozgrywki oparta b\u0119dzie na powie\u015bci Juliusza Verne \u201eW 80 dni dooko\u0142a \u015bwiata\u201d. Gracze w 80 minut spr\u00f3buj\u0105 odwiedzi\u0107 jak najwi\u0119cej stanowisk rozmieszczonych w mie\u015bcie i zrealizowa\u0107 zadania nie tylko sprawdzaj\u0105ce wiedz\u0119 og\u00f3ln\u0105, ale r\u00f3wnie\u017c wymagaj\u0105ce kreatywno\u015bci i nieszablonowego podej\u015bcia. Rozgrywka \u0142\u0105czy\u0107 b\u0119dzie nowe technologie z rozwi\u0105zaniami znanymi z tradycyjnych gier terenowych.<\/p>\n\n\n\n<p>Zwie\u0144czeniem festiwalu b\u0119dzie koncert Martyny i W\u0142adys\u0142awa Ciecier\u0119ga, rodzinnego duetu, kt\u00f3ry za pomoc\u0105 d\u017awi\u0119k\u00f3w gitar przeniesie nas w \u015bwiat piosenki poetyckiej.<\/p>\n\n\n\n<p>W tym roku zaprosimy gliwiczan nie tylko do udzia\u0142u w festiwalu, ale r\u00f3wnie\u017c do jego wsp\u00f3\u0142tworzenia. Dwa z zaplanowanych wydarze\u0144 \u2013 wystawa fotografii \u201eZ Gliwic do\u2026 &#8211; moje podr\u00f3\u017ce\u201d oraz cykl spotka\u0144 \u201eGliwiczanie w drodze\u201d &#8211; odb\u0119d\u0105 si\u0119 dzi\u0119ki zaanga\u017cowaniu lokalnej spo\u0142eczno\u015bci i wsparciu Oddzia\u0142u PTTK Ziemi Gliwickiej.<\/p>\n\n\n\n<p>Projekt jest skierowany do szerokiej grupy odbiorc\u00f3w: dzieci, m\u0142odzie\u017cy i doros\u0142ych. Oferta dla ka\u017cdej z grup b\u0119dzie dostosowana do wieku i wra\u017cliwo\u015bci odbiorc\u00f3w.<\/p>\n\n\n\n<p>Dzia\u0142ania zosta\u0142y dofinansowane ze \u015brodk\u00f3w Ministra Kultury i Dziedzictwa Narodowego pochodz\u0105cych z Funduszu Promocji Kultury.<\/p>\n\n\n\n<p>Daj si\u0119 porwa\u0107 w podr\u00f3\u017c literackim szlakiem z Miejsk\u0105 Bibliotek\u0105 Publiczn\u0105 w Gliwicach!<\/p>\n\n\n\n<p>Nades\u0142a\u0142a: Miejska Biblioteka Publiczna w Gliwicach<\/p>\n","protected":false},"excerpt":{"rendered":"<p>\u201eHaczyk \u2013 gliwickie spotkania literackie\u201d Chcesz oderwa\u0107 si\u0119 od wszystkiego i wyruszy\u0107 w podr\u00f3\u017c do miejsca, w kt\u00f3rym prze\u017cyjesz wielk\u0105 przygod\u0119? Nie zawsze mo\u017cna po prostu spakowa\u0107 plecak i wyjecha\u0107. Wtedy z pomoc\u0105 przychodzi ksi\u0105\u017cka, dzi\u0119ki kt\u00f3rej mo\u017cesz odwiedzi\u0107 najdalsze zak\u0105tki \u015bwiata i to bez wychodzenia z domu!<\/p>\n","protected":false},"author":3,"featured_media":0,"comment_status":"closed","ping_status":"closed","sticky":false,"template":"","format":"standard","meta":{"_acf_changed":false,"_exactmetrics_skip_tracking":false,"_exactmetrics_sitenote_active":false,"_exactmetrics_sitenote_note":"","_exactmetrics_sitenote_category":0,"footnotes":""},"categories":[2148],"tags":[1595,33],"class_list":["post-20810","post","type-post","status-publish","format-standard","hentry","category-nr-77-marzec-czerwiec-2021","tag-haczyk","tag-miejska-biblitoeka-publiczna-w-gliwicach"],"acf":[],"jetpack_featured_media_url":"","_links":{"self":[{"href":"https:\/\/slaskipegaz.bs.katowice.pl\/index.php?rest_route=\/wp\/v2\/posts\/20810","targetHints":{"allow":["GET"]}}],"collection":[{"href":"https:\/\/slaskipegaz.bs.katowice.pl\/index.php?rest_route=\/wp\/v2\/posts"}],"about":[{"href":"https:\/\/slaskipegaz.bs.katowice.pl\/index.php?rest_route=\/wp\/v2\/types\/post"}],"author":[{"embeddable":true,"href":"https:\/\/slaskipegaz.bs.katowice.pl\/index.php?rest_route=\/wp\/v2\/users\/3"}],"replies":[{"embeddable":true,"href":"https:\/\/slaskipegaz.bs.katowice.pl\/index.php?rest_route=%2Fwp%2Fv2%2Fcomments&post=20810"}],"version-history":[{"count":1,"href":"https:\/\/slaskipegaz.bs.katowice.pl\/index.php?rest_route=\/wp\/v2\/posts\/20810\/revisions"}],"predecessor-version":[{"id":20812,"href":"https:\/\/slaskipegaz.bs.katowice.pl\/index.php?rest_route=\/wp\/v2\/posts\/20810\/revisions\/20812"}],"wp:attachment":[{"href":"https:\/\/slaskipegaz.bs.katowice.pl\/index.php?rest_route=%2Fwp%2Fv2%2Fmedia&parent=20810"}],"wp:term":[{"taxonomy":"category","embeddable":true,"href":"https:\/\/slaskipegaz.bs.katowice.pl\/index.php?rest_route=%2Fwp%2Fv2%2Fcategories&post=20810"},{"taxonomy":"post_tag","embeddable":true,"href":"https:\/\/slaskipegaz.bs.katowice.pl\/index.php?rest_route=%2Fwp%2Fv2%2Ftags&post=20810"}],"curies":[{"name":"wp","href":"https:\/\/api.w.org\/{rel}","templated":true}]}}