{"id":20933,"date":"2021-09-02T13:34:00","date_gmt":"2021-09-02T11:34:00","guid":{"rendered":"https:\/\/slaskipegaz.bs.katowice.pl\/?p=20933"},"modified":"2021-09-22T14:06:58","modified_gmt":"2021-09-22T12:06:58","slug":"relacja-miejsko-gminna-biblioteka-publiczna-w-siewierzu-filia-w-brudzowicach-3","status":"publish","type":"post","link":"https:\/\/slaskipegaz.bs.katowice.pl\/?p=20933","title":{"rendered":"[Relacja] MIEJSKO-GMINNA BIBLIOTEKA PUBLICZNA W SIEWIERZU. FILIA W BRUDZOWICACH"},"content":{"rendered":"\n<div class=\"wp-block-media-text alignwide is-stacked-on-mobile\" style=\"grid-template-columns:22% auto\"><figure class=\"wp-block-media-text__media\"><img loading=\"lazy\" decoding=\"async\" width=\"766\" height=\"1024\" src=\"https:\/\/slaskipegaz.bs.katowice.pl\/wp-content\/uploads\/2021\/09\/Kreatywne-warsztaty-w-filii-w-Brudzowicach-malowanie-piana-766x1024.jpg\" alt=\"\" class=\"wp-image-20934\" srcset=\"https:\/\/slaskipegaz.bs.katowice.pl\/wp-content\/uploads\/2021\/09\/Kreatywne-warsztaty-w-filii-w-Brudzowicach-malowanie-piana-766x1024.jpg 766w, https:\/\/slaskipegaz.bs.katowice.pl\/wp-content\/uploads\/2021\/09\/Kreatywne-warsztaty-w-filii-w-Brudzowicach-malowanie-piana-224x300.jpg 224w, https:\/\/slaskipegaz.bs.katowice.pl\/wp-content\/uploads\/2021\/09\/Kreatywne-warsztaty-w-filii-w-Brudzowicach-malowanie-piana-768x1026.jpg 768w, https:\/\/slaskipegaz.bs.katowice.pl\/wp-content\/uploads\/2021\/09\/Kreatywne-warsztaty-w-filii-w-Brudzowicach-malowanie-piana-1149x1536.jpg 1149w, https:\/\/slaskipegaz.bs.katowice.pl\/wp-content\/uploads\/2021\/09\/Kreatywne-warsztaty-w-filii-w-Brudzowicach-malowanie-piana-1532x2048.jpg 1532w, https:\/\/slaskipegaz.bs.katowice.pl\/wp-content\/uploads\/2021\/09\/Kreatywne-warsztaty-w-filii-w-Brudzowicach-malowanie-piana-scaled.jpg 1916w\" sizes=\"auto, (max-width: 766px) 100vw, 766px\" \/><\/figure><div class=\"wp-block-media-text__content\">\n<p><strong>WAKACYJNE ZAJ\u0118CIA W FILII BIBLIOTECZNEJ W BRUDZOWICACH<\/strong><\/p>\n\n\n\n<p>W pierwszych dniach sierpnia dzieci z Brudzowic mia\u0142y okazj\u0119 uczestniczy\u0107 w organizowanych przez bibliotek\u0119 zaj\u0119ciach wakacyjnych pt.\u201d Powr\u00f3t do przesz\u0142o\u015bci &#8211; czyli lato w bibliotece\u201d. Odbywa\u0142y si\u0119 one w nowej siedzibie biblioteki, gdzie warunki do rozwijania wyobra\u017ani dzieci s\u0105 doskona\u0142e.<\/p>\n<\/div><\/div>\n\n\n\n<!--more-->\n\n\n\n<p>Podczas naszych spotka\u0144 przygotowali\u015bmy du\u017c\u0105 plakatow\u0105 poczt\u00f3wk\u0119 i wyklejali\u015bmy z kulek bibu\u0142y ulubione zwierz\u0119. Wybrali\u015bmy si\u0119 na poblisk\u0105 \u0142\u0105k\u0119, gdzie nazbierali\u015bmy polnych kwiat\u00f3w, z kt\u00f3rych powsta\u0142y pi\u0119kne, kolorowe i r\u00f3\u017cnorodne doniczki kwiatowe. Jednak najwi\u0119ksz\u0105 frajd\u0105 dla dzieci by\u0142o wykonanie obrazu malowanego pian\u0105. \u015amiechu i rado\u015bci by\u0142o co niemiara. Nie zabrak\u0142o oczywi\u015bcie spotkania z ciekawym i odwa\u017cnym cz\u0142owiekiem. By\u0142 to cz\u0142onek Ochotniczej Stra\u017cy Po\u017carnej w Brudzowicach. Zaprezentowa\u0142 on\u00a0 wyposa\u017cenie wozu stra\u017cackiego oraz opowiedzia\u0142 ciekawe historie z \u017cycia stra\u017cak\u00f3w. Ka\u017cdego dnia oczywi\u015bcie nie zabrak\u0142o r\u00f3\u017cnorakich gier i zabaw na \u015bwie\u017cym powietrzu.<\/p>\n\n\n\n<p>Zaj\u0119cia odbywa\u0142y si\u0119 po wcze\u015bniejszym zg\u0142oszeniu uczestnika ze wzgl\u0119du na ograniczon\u0105 liczb\u0119 miejsc. Frekwencja dopisywa\u0142a ca\u0142y czas. Na zako\u0144czenie dzieci otrzyma\u0142y dyplomy oraz drobne upominki.<\/p>\n\n\n\n<p>Mamy nadziej\u0119, \u017ce uczestnicy b\u0119d\u0105 mi\u0142o wspomina\u0107 wakacyjne spotkania i b\u0119dziemy spotyka\u0107 si\u0119 dalej.<\/p>\n\n\n\n<p>Nades\u0142a\u0142a: Karolina Madejska, Filia Biblioteczna w Brudzowicach<\/p>\n\n\n\n<p><\/p>\n","protected":false},"excerpt":{"rendered":"<p>WAKACYJNE ZAJ\u0118CIA W FILII BIBLIOTECZNEJ W BRUDZOWICACH W pierwszych dniach sierpnia dzieci z Brudzowic mia\u0142y okazj\u0119 uczestniczy\u0107 w organizowanych przez bibliotek\u0119 zaj\u0119ciach wakacyjnych pt.\u201d Powr\u00f3t do przesz\u0142o\u015bci &#8211; czyli lato w bibliotece\u201d. Odbywa\u0142y si\u0119 one w nowej siedzibie biblioteki, gdzie warunki do rozwijania wyobra\u017ani dzieci s\u0105 doskona\u0142e.<\/p>\n","protected":false},"author":3,"featured_media":0,"comment_status":"closed","ping_status":"closed","sticky":false,"template":"","format":"standard","meta":{"_acf_changed":false,"_exactmetrics_skip_tracking":false,"_exactmetrics_sitenote_active":false,"_exactmetrics_sitenote_note":"","_exactmetrics_sitenote_category":0,"footnotes":""},"categories":[2164],"tags":[70,67,304],"class_list":["post-20933","post","type-post","status-publish","format-standard","hentry","category-nr-78-lipiec-sierpien","tag-filia-biblioteczna-w-brudzowicach","tag-miejsko-gminna-biblioteka-publiczna-w-siewierzu","tag-wakacje-w-bibliotece"],"acf":[],"jetpack_featured_media_url":"","_links":{"self":[{"href":"https:\/\/slaskipegaz.bs.katowice.pl\/index.php?rest_route=\/wp\/v2\/posts\/20933","targetHints":{"allow":["GET"]}}],"collection":[{"href":"https:\/\/slaskipegaz.bs.katowice.pl\/index.php?rest_route=\/wp\/v2\/posts"}],"about":[{"href":"https:\/\/slaskipegaz.bs.katowice.pl\/index.php?rest_route=\/wp\/v2\/types\/post"}],"author":[{"embeddable":true,"href":"https:\/\/slaskipegaz.bs.katowice.pl\/index.php?rest_route=\/wp\/v2\/users\/3"}],"replies":[{"embeddable":true,"href":"https:\/\/slaskipegaz.bs.katowice.pl\/index.php?rest_route=%2Fwp%2Fv2%2Fcomments&post=20933"}],"version-history":[{"count":2,"href":"https:\/\/slaskipegaz.bs.katowice.pl\/index.php?rest_route=\/wp\/v2\/posts\/20933\/revisions"}],"predecessor-version":[{"id":20938,"href":"https:\/\/slaskipegaz.bs.katowice.pl\/index.php?rest_route=\/wp\/v2\/posts\/20933\/revisions\/20938"}],"wp:attachment":[{"href":"https:\/\/slaskipegaz.bs.katowice.pl\/index.php?rest_route=%2Fwp%2Fv2%2Fmedia&parent=20933"}],"wp:term":[{"taxonomy":"category","embeddable":true,"href":"https:\/\/slaskipegaz.bs.katowice.pl\/index.php?rest_route=%2Fwp%2Fv2%2Fcategories&post=20933"},{"taxonomy":"post_tag","embeddable":true,"href":"https:\/\/slaskipegaz.bs.katowice.pl\/index.php?rest_route=%2Fwp%2Fv2%2Ftags&post=20933"}],"curies":[{"name":"wp","href":"https:\/\/api.w.org\/{rel}","templated":true}]}}