{"id":20997,"date":"2021-09-28T08:27:46","date_gmt":"2021-09-28T06:27:46","guid":{"rendered":"https:\/\/slaskipegaz.bs.katowice.pl\/?p=20997"},"modified":"2021-09-28T08:27:46","modified_gmt":"2021-09-28T06:27:46","slug":"zapowiedz-miejska-biblioteka-publiczna-w-siemianowicach-slaskich-3","status":"publish","type":"post","link":"https:\/\/slaskipegaz.bs.katowice.pl\/?p=20997","title":{"rendered":"[Zapowied\u017a] MIEJSKA BIBLIOTEKA PUBLICZNA W SIEMIANOWICACH \u015aL\u0104SKICH"},"content":{"rendered":"\n<div class=\"wp-block-media-text alignwide is-stacked-on-mobile is-vertically-aligned-top\" style=\"grid-template-columns:26% auto\"><figure class=\"wp-block-media-text__media\"><img loading=\"lazy\" decoding=\"async\" width=\"721\" height=\"1024\" src=\"https:\/\/slaskipegaz.bs.katowice.pl\/wp-content\/uploads\/2021\/09\/1632301578816-721x1024.jpg\" alt=\"\" class=\"wp-image-20998\" srcset=\"https:\/\/slaskipegaz.bs.katowice.pl\/wp-content\/uploads\/2021\/09\/1632301578816-721x1024.jpg 721w, https:\/\/slaskipegaz.bs.katowice.pl\/wp-content\/uploads\/2021\/09\/1632301578816-211x300.jpg 211w, https:\/\/slaskipegaz.bs.katowice.pl\/wp-content\/uploads\/2021\/09\/1632301578816-768x1090.jpg 768w, https:\/\/slaskipegaz.bs.katowice.pl\/wp-content\/uploads\/2021\/09\/1632301578816.jpg 1080w\" sizes=\"auto, (max-width: 721px) 100vw, 721px\" \/><\/figure><div class=\"wp-block-media-text__content\">\n<p><strong>Spotkanie z Jakubem Ma\u0142eckim<\/strong><\/p>\n\n\n\n<p>Ju\u017c 8 pa\u017adziernika o godz. 18.00 zapraszamy serdecznie do Miejskiej Biblioteki Publicznej im. Anny Szaneckiej przy al. Sportowc\u00f3w 3, \u00a0na spotkanie autorskie z Jakubem Ma\u0142eckim . Spotkanie to\u00a0 b\u0119dzie jedn\u0105 z atrakcji tegorocznej Nocy Bibliotek, pod has\u0142em:<\/p>\n\n\n\n<p>\u00a0\u201eCzytanie wzmacnia FANTASTYCZNIE\u201d.\u00a0<\/p>\n\n\n\n<p>Jakub Ma\u0142ecki &#8211; prozaik, t\u0142umacz, z wykszta\u0142cenia ekonomista; autor opowiada\u0144 \u201e\u015alady\u201d (2016), ma na swoim koncie siedem&nbsp; powie\u015bci: \u201eB\u0142\u0119dy\u201d (2008), \u201ePrzemytnik cudu\u201d (2008), \u201eD\u017cozef\u201d (2011), \u201eW odbiciu\u201d (2011), \u201eOdwrotniak\u201d (2013), \u201eDygot\u201d (2015) i \u201eRdza\u201d (2017).<\/p>\n\n\n\n<!--more-->\n\n\n\n<p>Laureat licznych nagr\u00f3d : Z\u0142otego Wyr\u00f3\u017cnienia Nagrody im. Jerzego \u017bu\u0142awskiego, \u015al\u0105kfa,&nbsp; nagrody Ksi\u0105\u017cka Miesi\u0105ca \u201eMagazynu Literackiego KSI\u0104\u017bKI\u201d. Laureat stypendium \u201eM\u0142oda Polska\u201d Ministerstwa Kultury i Dziedzictwa Narodowego (2017).<\/p>\n\n\n\n<p>Publikowa\u0142&nbsp; tak\u017ce w \u201eAngorze\u201d, \u201eMiesi\u0119czniku ZNAK\u201d, \u201eNewsweeku\u201d, \u201eNowej Fantastyce\u201d, \u201ePolityce\u201d, \u201ePrzekroju\u201c i \u201eTygodniku Powszechnym\u201d. Zajmuje si\u0119 tak\u017ce przek\u0142adami literatury z j\u0119zyka angielskiego.&nbsp;<\/p>\n\n\n\n<p>\u00a0\u00a0\u00a0\u00a0\u00a0\u00a0\u00a0\u00a0\u00a0\u00a0\u00a0\u00a0\u00a0\u00a0\u00a0 W\u015br\u00f3d czytelnik\u00f3w siemianowickiej biblioteki ma liczne grono wiernych fan\u00f3w.\u00a0 Najnowsza ksi\u0105\u017cka to \u201e\u015awi\u0119to Ognia\u201d. Podczas spotkania b\u0119dzie mo\u017cna zakupi\u0107 ksi\u0105\u017cki autora oraz zdoby\u0107 dedykacj\u0119.\u00a0 Osoby zainteresowane uczestnictwem w spotkaniu proszone s\u0105 o\u00a0 kontakt telefoniczny pod numerem 32 2281329. Liczba miejsc ograniczona.<\/p>\n\n\n\n<p>Dofinansowano ze \u015brodk\u00f3w Ministra Kultury, Dziedzictwa Narodowego i Sportu<br>w ramach realizacji Narodowego Programu Rozwoju Czytelnictwa 2.0. na lata 2021-2025.<\/p>\n\n\n\n<p>Patrycja Skorek-Bilczy\u0144ska<\/p>\n<\/div><\/div>\n\n\n\n<p><\/p>\n","protected":false},"excerpt":{"rendered":"<p>Spotkanie z Jakubem Ma\u0142eckim Ju\u017c 8 pa\u017adziernika o godz. 18.00 zapraszamy serdecznie do Miejskiej Biblioteki Publicznej im. Anny Szaneckiej przy al. Sportowc\u00f3w 3, \u00a0na spotkanie autorskie z Jakubem Ma\u0142eckim . Spotkanie to\u00a0 b\u0119dzie jedn\u0105 z atrakcji tegorocznej Nocy Bibliotek, pod has\u0142em: \u00a0\u201eCzytanie wzmacnia FANTASTYCZNIE\u201d.\u00a0 Jakub Ma\u0142ecki &#8211; prozaik, t\u0142umacz, z wykszta\u0142cenia ekonomista; autor opowiada\u0144 \u201e\u015alady\u201d &hellip; <a href=\"https:\/\/slaskipegaz.bs.katowice.pl\/?p=20997\" class=\"more-link\">Czytaj dalej <span class=\"screen-reader-text\">[Zapowied\u017a] MIEJSKA BIBLIOTEKA PUBLICZNA W SIEMIANOWICACH \u015aL\u0104SKICH<\/span> <span class=\"meta-nav\">&rarr;<\/span><\/a><\/p>\n","protected":false},"author":2,"featured_media":0,"comment_status":"closed","ping_status":"closed","sticky":false,"template":"","format":"standard","meta":{"_acf_changed":false,"_exactmetrics_skip_tracking":false,"_exactmetrics_sitenote_active":false,"_exactmetrics_sitenote_note":"","_exactmetrics_sitenote_category":0,"footnotes":""},"categories":[6],"tags":[1892,2173],"class_list":["post-20997","post","type-post","status-publish","format-standard","hentry","category-aktualnosci","tag-noc-bibliotek","tag-noc-bibliotek-2021"],"acf":[],"jetpack_featured_media_url":"","_links":{"self":[{"href":"https:\/\/slaskipegaz.bs.katowice.pl\/index.php?rest_route=\/wp\/v2\/posts\/20997","targetHints":{"allow":["GET"]}}],"collection":[{"href":"https:\/\/slaskipegaz.bs.katowice.pl\/index.php?rest_route=\/wp\/v2\/posts"}],"about":[{"href":"https:\/\/slaskipegaz.bs.katowice.pl\/index.php?rest_route=\/wp\/v2\/types\/post"}],"author":[{"embeddable":true,"href":"https:\/\/slaskipegaz.bs.katowice.pl\/index.php?rest_route=\/wp\/v2\/users\/2"}],"replies":[{"embeddable":true,"href":"https:\/\/slaskipegaz.bs.katowice.pl\/index.php?rest_route=%2Fwp%2Fv2%2Fcomments&post=20997"}],"version-history":[{"count":1,"href":"https:\/\/slaskipegaz.bs.katowice.pl\/index.php?rest_route=\/wp\/v2\/posts\/20997\/revisions"}],"predecessor-version":[{"id":21012,"href":"https:\/\/slaskipegaz.bs.katowice.pl\/index.php?rest_route=\/wp\/v2\/posts\/20997\/revisions\/21012"}],"wp:attachment":[{"href":"https:\/\/slaskipegaz.bs.katowice.pl\/index.php?rest_route=%2Fwp%2Fv2%2Fmedia&parent=20997"}],"wp:term":[{"taxonomy":"category","embeddable":true,"href":"https:\/\/slaskipegaz.bs.katowice.pl\/index.php?rest_route=%2Fwp%2Fv2%2Fcategories&post=20997"},{"taxonomy":"post_tag","embeddable":true,"href":"https:\/\/slaskipegaz.bs.katowice.pl\/index.php?rest_route=%2Fwp%2Fv2%2Ftags&post=20997"}],"curies":[{"name":"wp","href":"https:\/\/api.w.org\/{rel}","templated":true}]}}