{"id":21002,"date":"2021-09-28T08:11:44","date_gmt":"2021-09-28T06:11:44","guid":{"rendered":"https:\/\/slaskipegaz.bs.katowice.pl\/?p=21002"},"modified":"2021-09-28T08:11:44","modified_gmt":"2021-09-28T06:11:44","slug":"relacja-ksiaznica-beskidzka-w-bielsku-bialej-150","status":"publish","type":"post","link":"https:\/\/slaskipegaz.bs.katowice.pl\/?p=21002","title":{"rendered":"[Relacja] KSIA\u017bNICA BESKIDZKA W BIELSKU-BIA\u0141EJ"},"content":{"rendered":"\n<div class=\"wp-block-media-text alignwide is-stacked-on-mobile\" style=\"grid-template-columns:41% auto\"><figure class=\"wp-block-media-text__media\"><img loading=\"lazy\" decoding=\"async\" width=\"1024\" height=\"608\" src=\"https:\/\/slaskipegaz.bs.katowice.pl\/wp-content\/uploads\/2021\/09\/DSC0009.jpg\" alt=\"\" class=\"wp-image-21003\" srcset=\"https:\/\/slaskipegaz.bs.katowice.pl\/wp-content\/uploads\/2021\/09\/DSC0009.jpg 1024w, https:\/\/slaskipegaz.bs.katowice.pl\/wp-content\/uploads\/2021\/09\/DSC0009-300x178.jpg 300w, https:\/\/slaskipegaz.bs.katowice.pl\/wp-content\/uploads\/2021\/09\/DSC0009-768x456.jpg 768w\" sizes=\"auto, (max-width: 1024px) 100vw, 1024px\" \/><\/figure><div class=\"wp-block-media-text__content\">\n<p><em>Moralno\u015b\u0107 Pani Dulskiej <\/em>w Bielsku-Bia\u0142ej<\/p>\n\n\n\n<p>W sobot\u0119 4 wrze\u015bnia w wielu miastach w Polsce odby\u0142o si\u0119 Narodowe Czytanie, kt\u00f3re z ka\u017cdym rokiem cieszy si\u0119 coraz wi\u0119kszym zainteresowaniem, a do kolejnych edycji przy\u0142\u0105czaj\u0105 si\u0119 nast\u0119pne miasta. Akcja odbywa si\u0119 pod patronatem Pary Prezydenckiej. Celem Narodowego Czytania jest przede wszystkim przypomnienie klasyki literatury polskiej, ale r\u00f3wnie\u017c zach\u0119cenie Polak\u00f3w do cz\u0119stszego si\u0119gania po ksi\u0105\u017cki.<\/p>\n<\/div><\/div>\n\n\n\n<!--more-->\n\n\n\n<p>Tegoroczne Narodowe Czytanie odby\u0142o si\u0119 na placu przed budynkiem Ksi\u0105\u017cnicy Beskidzkiej. Otworzy\u0142 je Jaros\u0142aw Klimaszewski Prezydent Miasta Bielska-Bia\u0142ej, odczytuj\u0105ce fragmenty list\u00f3w Gabrieli Zapolskiej do m\u0119\u017ca Stanis\u0142awa Janowskiego, w kt\u00f3rych\u00a0 autorka relacjonowa\u0142a post\u0119p pracy nad \u201eMoralno\u015bci\u0105 Pani Dulskiej\u201d. Akt I zaprezentowali licznie zebranej publiczno\u015bci znani i cenieni aktorzy Teatru Polskiego (Oriana Soika, Micha\u0142 Czaderna, Witold Mazurkiewicz)\u00a0 i Teatru Lalek Banialuka (Lucyna Sypniewska). W\u015br\u00f3d zaproszonych go\u015bci znale\u017ali si\u0119 tak\u017ce: Naczelnik Wydzia\u0142u Kultury i Promocji Przemys\u0142aw Smyczek oraz bielscy Radni.<\/p>\n\n\n\n<p>Tegoroczne Narodowe Czytanie wpisa\u0142o si\u0119 w uroczyste obchody Dni Bielska-Bia\u0142ej oraz jubileusz 70-lecia po\u0142\u0105czenia Bielska i Bia\u0142ej.<\/p>\n\n\n\n<figure class=\"wp-block-gallery columns-3 is-cropped wp-block-gallery-1 is-layout-flex wp-block-gallery-is-layout-flex\"><ul class=\"blocks-gallery-grid\"><li class=\"blocks-gallery-item\"><figure><img loading=\"lazy\" decoding=\"async\" width=\"1024\" height=\"678\" src=\"https:\/\/slaskipegaz.bs.katowice.pl\/wp-content\/uploads\/2021\/09\/DSC0035.jpg\" alt=\"\" data-id=\"21004\" data-full-url=\"https:\/\/slaskipegaz.bs.katowice.pl\/wp-content\/uploads\/2021\/09\/DSC0035.jpg\" data-link=\"https:\/\/slaskipegaz.bs.katowice.pl\/?attachment_id=21004\" class=\"wp-image-21004\" srcset=\"https:\/\/slaskipegaz.bs.katowice.pl\/wp-content\/uploads\/2021\/09\/DSC0035.jpg 1024w, https:\/\/slaskipegaz.bs.katowice.pl\/wp-content\/uploads\/2021\/09\/DSC0035-300x199.jpg 300w, https:\/\/slaskipegaz.bs.katowice.pl\/wp-content\/uploads\/2021\/09\/DSC0035-768x509.jpg 768w\" sizes=\"auto, (max-width: 1024px) 100vw, 1024px\" \/><\/figure><\/li><li class=\"blocks-gallery-item\"><figure><img loading=\"lazy\" decoding=\"async\" width=\"1024\" height=\"678\" src=\"https:\/\/slaskipegaz.bs.katowice.pl\/wp-content\/uploads\/2021\/09\/DSC0037.jpg\" alt=\"\" data-id=\"21005\" data-full-url=\"https:\/\/slaskipegaz.bs.katowice.pl\/wp-content\/uploads\/2021\/09\/DSC0037.jpg\" data-link=\"https:\/\/slaskipegaz.bs.katowice.pl\/?attachment_id=21005\" class=\"wp-image-21005\" srcset=\"https:\/\/slaskipegaz.bs.katowice.pl\/wp-content\/uploads\/2021\/09\/DSC0037.jpg 1024w, https:\/\/slaskipegaz.bs.katowice.pl\/wp-content\/uploads\/2021\/09\/DSC0037-300x199.jpg 300w, https:\/\/slaskipegaz.bs.katowice.pl\/wp-content\/uploads\/2021\/09\/DSC0037-768x509.jpg 768w\" sizes=\"auto, (max-width: 1024px) 100vw, 1024px\" \/><\/figure><\/li><li class=\"blocks-gallery-item\"><figure><img loading=\"lazy\" decoding=\"async\" width=\"1024\" height=\"678\" src=\"https:\/\/slaskipegaz.bs.katowice.pl\/wp-content\/uploads\/2021\/09\/DSC0038.jpg\" alt=\"\" data-id=\"21006\" data-full-url=\"https:\/\/slaskipegaz.bs.katowice.pl\/wp-content\/uploads\/2021\/09\/DSC0038.jpg\" data-link=\"https:\/\/slaskipegaz.bs.katowice.pl\/?attachment_id=21006\" class=\"wp-image-21006\" srcset=\"https:\/\/slaskipegaz.bs.katowice.pl\/wp-content\/uploads\/2021\/09\/DSC0038.jpg 1024w, https:\/\/slaskipegaz.bs.katowice.pl\/wp-content\/uploads\/2021\/09\/DSC0038-300x199.jpg 300w, https:\/\/slaskipegaz.bs.katowice.pl\/wp-content\/uploads\/2021\/09\/DSC0038-768x509.jpg 768w\" sizes=\"auto, (max-width: 1024px) 100vw, 1024px\" \/><\/figure><\/li><li class=\"blocks-gallery-item\"><figure><img loading=\"lazy\" decoding=\"async\" width=\"1024\" height=\"678\" src=\"https:\/\/slaskipegaz.bs.katowice.pl\/wp-content\/uploads\/2021\/09\/DSC0048.jpg\" alt=\"\" data-id=\"21007\" data-full-url=\"https:\/\/slaskipegaz.bs.katowice.pl\/wp-content\/uploads\/2021\/09\/DSC0048.jpg\" data-link=\"https:\/\/slaskipegaz.bs.katowice.pl\/?attachment_id=21007\" class=\"wp-image-21007\" srcset=\"https:\/\/slaskipegaz.bs.katowice.pl\/wp-content\/uploads\/2021\/09\/DSC0048.jpg 1024w, https:\/\/slaskipegaz.bs.katowice.pl\/wp-content\/uploads\/2021\/09\/DSC0048-300x199.jpg 300w, https:\/\/slaskipegaz.bs.katowice.pl\/wp-content\/uploads\/2021\/09\/DSC0048-768x509.jpg 768w\" sizes=\"auto, (max-width: 1024px) 100vw, 1024px\" \/><\/figure><\/li><li class=\"blocks-gallery-item\"><figure><img loading=\"lazy\" decoding=\"async\" width=\"1024\" height=\"678\" src=\"https:\/\/slaskipegaz.bs.katowice.pl\/wp-content\/uploads\/2021\/09\/DSC0050.jpg\" alt=\"\" data-id=\"21008\" data-full-url=\"https:\/\/slaskipegaz.bs.katowice.pl\/wp-content\/uploads\/2021\/09\/DSC0050.jpg\" data-link=\"https:\/\/slaskipegaz.bs.katowice.pl\/?attachment_id=21008\" class=\"wp-image-21008\" srcset=\"https:\/\/slaskipegaz.bs.katowice.pl\/wp-content\/uploads\/2021\/09\/DSC0050.jpg 1024w, https:\/\/slaskipegaz.bs.katowice.pl\/wp-content\/uploads\/2021\/09\/DSC0050-300x199.jpg 300w, https:\/\/slaskipegaz.bs.katowice.pl\/wp-content\/uploads\/2021\/09\/DSC0050-768x509.jpg 768w\" sizes=\"auto, (max-width: 1024px) 100vw, 1024px\" \/><\/figure><\/li><\/ul><\/figure>\n\n\n\n<p>Nades\u0142a\u0142a: Ksi\u0105\u017cnica Beskidzka w Bielsku-Bia\u0142ej<\/p>\n","protected":false},"excerpt":{"rendered":"<p>Moralno\u015b\u0107 Pani Dulskiej w Bielsku-Bia\u0142ej W sobot\u0119 4 wrze\u015bnia w wielu miastach w Polsce odby\u0142o si\u0119 Narodowe Czytanie, kt\u00f3re z ka\u017cdym rokiem cieszy si\u0119 coraz wi\u0119kszym zainteresowaniem, a do kolejnych edycji przy\u0142\u0105czaj\u0105 si\u0119 nast\u0119pne miasta. Akcja odbywa si\u0119 pod patronatem Pary Prezydenckiej. Celem Narodowego Czytania jest przede wszystkim przypomnienie klasyki literatury polskiej, ale r\u00f3wnie\u017c zach\u0119cenie &hellip; <a href=\"https:\/\/slaskipegaz.bs.katowice.pl\/?p=21002\" class=\"more-link\">Czytaj dalej <span class=\"screen-reader-text\">[Relacja] KSIA\u017bNICA BESKIDZKA W BIELSKU-BIA\u0141EJ<\/span> <span class=\"meta-nav\">&rarr;<\/span><\/a><\/p>\n","protected":false},"author":3,"featured_media":0,"comment_status":"closed","ping_status":"closed","sticky":false,"template":"","format":"standard","meta":{"_acf_changed":false,"_exactmetrics_skip_tracking":false,"_exactmetrics_sitenote_active":false,"_exactmetrics_sitenote_note":"","_exactmetrics_sitenote_category":0,"footnotes":""},"categories":[2164],"tags":[83,333],"class_list":["post-21002","post","type-post","status-publish","format-standard","hentry","category-nr-78-lipiec-sierpien","tag-ksiaznica-beskidzka","tag-narodowe-czytanie"],"acf":[],"jetpack_featured_media_url":"","_links":{"self":[{"href":"https:\/\/slaskipegaz.bs.katowice.pl\/index.php?rest_route=\/wp\/v2\/posts\/21002","targetHints":{"allow":["GET"]}}],"collection":[{"href":"https:\/\/slaskipegaz.bs.katowice.pl\/index.php?rest_route=\/wp\/v2\/posts"}],"about":[{"href":"https:\/\/slaskipegaz.bs.katowice.pl\/index.php?rest_route=\/wp\/v2\/types\/post"}],"author":[{"embeddable":true,"href":"https:\/\/slaskipegaz.bs.katowice.pl\/index.php?rest_route=\/wp\/v2\/users\/3"}],"replies":[{"embeddable":true,"href":"https:\/\/slaskipegaz.bs.katowice.pl\/index.php?rest_route=%2Fwp%2Fv2%2Fcomments&post=21002"}],"version-history":[{"count":1,"href":"https:\/\/slaskipegaz.bs.katowice.pl\/index.php?rest_route=\/wp\/v2\/posts\/21002\/revisions"}],"predecessor-version":[{"id":21009,"href":"https:\/\/slaskipegaz.bs.katowice.pl\/index.php?rest_route=\/wp\/v2\/posts\/21002\/revisions\/21009"}],"wp:attachment":[{"href":"https:\/\/slaskipegaz.bs.katowice.pl\/index.php?rest_route=%2Fwp%2Fv2%2Fmedia&parent=21002"}],"wp:term":[{"taxonomy":"category","embeddable":true,"href":"https:\/\/slaskipegaz.bs.katowice.pl\/index.php?rest_route=%2Fwp%2Fv2%2Fcategories&post=21002"},{"taxonomy":"post_tag","embeddable":true,"href":"https:\/\/slaskipegaz.bs.katowice.pl\/index.php?rest_route=%2Fwp%2Fv2%2Ftags&post=21002"}],"curies":[{"name":"wp","href":"https:\/\/api.w.org\/{rel}","templated":true}]}}