{"id":21030,"date":"2021-09-28T08:55:37","date_gmt":"2021-09-28T06:55:37","guid":{"rendered":"https:\/\/slaskipegaz.bs.katowice.pl\/?p=21030"},"modified":"2021-09-28T08:55:37","modified_gmt":"2021-09-28T06:55:37","slug":"relacja-miejska-i-powiatowa-biblioteka-publiczna-w-raciborzu-570","status":"publish","type":"post","link":"https:\/\/slaskipegaz.bs.katowice.pl\/?p=21030","title":{"rendered":"[Relacja] MIEJSKA I POWIATOWA BIBLIOTEKA PUBLICZNA W RACIBORZU"},"content":{"rendered":"\n<div class=\"wp-block-media-text alignwide is-stacked-on-mobile\" style=\"grid-template-columns:40% auto\"><figure class=\"wp-block-media-text__media\"><img loading=\"lazy\" decoding=\"async\" width=\"1024\" height=\"683\" src=\"https:\/\/slaskipegaz.bs.katowice.pl\/wp-content\/uploads\/2021\/09\/IMG_4732m-1024x683.jpg\" alt=\"\" class=\"wp-image-21031\" srcset=\"https:\/\/slaskipegaz.bs.katowice.pl\/wp-content\/uploads\/2021\/09\/IMG_4732m-1024x683.jpg 1024w, https:\/\/slaskipegaz.bs.katowice.pl\/wp-content\/uploads\/2021\/09\/IMG_4732m-300x200.jpg 300w, https:\/\/slaskipegaz.bs.katowice.pl\/wp-content\/uploads\/2021\/09\/IMG_4732m-768x512.jpg 768w, https:\/\/slaskipegaz.bs.katowice.pl\/wp-content\/uploads\/2021\/09\/IMG_4732m-1536x1024.jpg 1536w, https:\/\/slaskipegaz.bs.katowice.pl\/wp-content\/uploads\/2021\/09\/IMG_4732m-2048x1365.jpg 2048w\" sizes=\"auto, (max-width: 1024px) 100vw, 1024px\" \/><\/figure><div class=\"wp-block-media-text__content\">\n<p>\u201cWojna nie ko\u0144czy si\u0119 nigdy &#8211; spotkanie z Magdalen\u0105 Grzeba\u0142kowsk\u0105 w raciborskiej bibliotece\u201d<\/p>\n\n\n\n<p>9 wrze\u015bnia odby\u0142o si\u0119 w raciborskiej bibliotece spotkanie z Magdalen\u0105 Grzeba\u0142kowsk\u0105, reporterk\u0105 i autork\u0105 biografii ks. Twardowskiego, Beksi\u0144skich, Komedy oraz nagrodzonego statuetk\u0105 Nike Czytelnik\u00f3w reporta\u017cu historycznego <em>1945. Wojna i pok\u00f3j.<\/em><\/p>\n<\/div><\/div>\n\n\n\n<!--more-->\n\n\n\n<p>Najnowsza ksi\u0105\u017cka Magdaleny Grzeba\u0142kowskiej <em>Wojenka. O dzieciach, kt\u00f3re doros\u0142y bez ostrze\u017cenia <\/em>opisuje II wojn\u0119 \u015bwiatow\u0105 nie z perspektywy sztabowej mapy, a oczami dzieci kt\u00f3rym konflikt odebra\u0142 dzieci\u0144stwo. Reporterka przyzna\u0142a: <em>Nie lubi\u0119 czyta\u0107 o wojnie, ani ogl\u0105da\u0107 film\u00f3w wojennych. S\u0105 jednak tematy, kt\u00f3re od pocz\u0105tku przyci\u0105gaj\u0105 reportera i od kt\u00f3rych nie mo\u017ce odej\u015b\u0107.<\/em> Tym sta\u0142a si\u0119 dla Grzeba\u0142kowskiej <em>Wojenka<\/em>.<\/p>\n\n\n\n<p><em>Przeceniamy wi\u0119\u017a biologiczn\u0105<\/em>. Dzieci, kt\u00f3re prze\u017cy\u0142y wojn\u0119 w nawet najgorszych warunkach, lepiej wychodzi\u0142y z tego psychicznie. Te, kt\u00f3re przetrwa\u0142y same, rzadko kiedy potrafi\u0142y zjednoczy\u0107 si\u0119 z rodzicami. Dla urodzonych w \u0142agrach dzieci figura matki by\u0142a abstrakcj\u0105 &#8211; zerwana na samym pocz\u0105tku wi\u0119\u017a nigdy nie zosta\u0142a odbudowana, nawet gdy matki po zako\u0144czeniu wyroku pr\u00f3bowa\u0142y odzyska\u0107 swoje dzieci.<\/p>\n\n\n\n<p>Podczas zbierania materia\u0142\u00f3w, czekaj\u0105 na reporterk\u0119 niespodzianki. Podczas poszukiwa\u0144 dziecka, kt\u00f3re prze\u017cy\u0142o wojn\u0119 bezpiecznie w Stanach Zjednoczonych (ale potem trafi\u0142o na front wojny korea\u0144skiej) Grzeba\u0142kowska trafi\u0142a na histori\u0119 Japo\u0144czyk\u00f3w internowanych podczas wojny do oboz\u00f3w. Ten epizod ameryka\u0144skiej historii jest w Polsce ma\u0142o znany i stanowi jeszcze jeden z przyk\u0142ad\u00f3w jak wojna potrafi wp\u0142yn\u0105\u0107 na ca\u0142e \u017cycie. Internowani Japo\u0144czycy nigdy nie odzyskali utraconych na rzecz pa\u0144stwa maj\u0105tk\u00f3w.<\/p>\n\n\n\n<p>Dzieci\u0144stwo niemieckie &#8211; z perspektywy polskiej kojarzonego z dobrobytem naje\u017ad\u017acy &#8211; reprezentuje Nikas Frank, najm\u0142odszy syn Generalnego Gubernatora Hansa Franka. Dla Niklasa Wawel by\u0142 domem rodzinnym, a <em>Dama z \u0142asiczk\u0105 <\/em>portretem brzydkiej ciotki. By dowiedzie\u0107 si\u0119 jak nazistowskie dziedzictwo wp\u0142yn\u0119\u0142o na Niklasa i jego starsze rodze\u0144stwo trzeba si\u0119gn\u0105\u0107 do znakomitej ksi\u0105\u017cki autorstwa Magdaleny Grzeba\u0142kowskiej.<\/p>\n\n\n\n<p>Wszystkie ksi\u0105\u017cki Magdaleny Grzeba\u0142kowskiej mo\u017cna wypo\u017cyczy\u0107 w raciborskiej bibliotece.<\/p>\n\n\n\n<figure class=\"wp-block-gallery columns-2 is-cropped wp-block-gallery-1 is-layout-flex wp-block-gallery-is-layout-flex\"><ul class=\"blocks-gallery-grid\"><li class=\"blocks-gallery-item\"><figure><img loading=\"lazy\" decoding=\"async\" width=\"1024\" height=\"683\" src=\"https:\/\/slaskipegaz.bs.katowice.pl\/wp-content\/uploads\/2021\/09\/IMG_4727m-1024x683.jpg\" alt=\"\" data-id=\"21032\" data-full-url=\"https:\/\/slaskipegaz.bs.katowice.pl\/wp-content\/uploads\/2021\/09\/IMG_4727m-scaled.jpg\" data-link=\"https:\/\/slaskipegaz.bs.katowice.pl\/?attachment_id=21032\" class=\"wp-image-21032\" srcset=\"https:\/\/slaskipegaz.bs.katowice.pl\/wp-content\/uploads\/2021\/09\/IMG_4727m-1024x683.jpg 1024w, https:\/\/slaskipegaz.bs.katowice.pl\/wp-content\/uploads\/2021\/09\/IMG_4727m-300x200.jpg 300w, https:\/\/slaskipegaz.bs.katowice.pl\/wp-content\/uploads\/2021\/09\/IMG_4727m-768x512.jpg 768w, https:\/\/slaskipegaz.bs.katowice.pl\/wp-content\/uploads\/2021\/09\/IMG_4727m-1536x1024.jpg 1536w, https:\/\/slaskipegaz.bs.katowice.pl\/wp-content\/uploads\/2021\/09\/IMG_4727m-2048x1365.jpg 2048w\" sizes=\"auto, (max-width: 1024px) 100vw, 1024px\" \/><\/figure><\/li><li class=\"blocks-gallery-item\"><figure><img loading=\"lazy\" decoding=\"async\" width=\"1024\" height=\"683\" src=\"https:\/\/slaskipegaz.bs.katowice.pl\/wp-content\/uploads\/2021\/09\/IMG_4729m-1024x683.jpg\" alt=\"\" data-id=\"21033\" data-full-url=\"https:\/\/slaskipegaz.bs.katowice.pl\/wp-content\/uploads\/2021\/09\/IMG_4729m-scaled.jpg\" data-link=\"https:\/\/slaskipegaz.bs.katowice.pl\/?attachment_id=21033\" class=\"wp-image-21033\" srcset=\"https:\/\/slaskipegaz.bs.katowice.pl\/wp-content\/uploads\/2021\/09\/IMG_4729m-1024x683.jpg 1024w, https:\/\/slaskipegaz.bs.katowice.pl\/wp-content\/uploads\/2021\/09\/IMG_4729m-300x200.jpg 300w, https:\/\/slaskipegaz.bs.katowice.pl\/wp-content\/uploads\/2021\/09\/IMG_4729m-768x512.jpg 768w, https:\/\/slaskipegaz.bs.katowice.pl\/wp-content\/uploads\/2021\/09\/IMG_4729m-1536x1024.jpg 1536w, https:\/\/slaskipegaz.bs.katowice.pl\/wp-content\/uploads\/2021\/09\/IMG_4729m-2048x1365.jpg 2048w\" sizes=\"auto, (max-width: 1024px) 100vw, 1024px\" \/><\/figure><\/li><\/ul><\/figure>\n\n\n\n<p>Nades\u0142a\u0142a: Miejska i Powiatowa Biblioteka Publiczna w Raciborzu<\/p>\n","protected":false},"excerpt":{"rendered":"<p>\u201cWojna nie ko\u0144czy si\u0119 nigdy &#8211; spotkanie z Magdalen\u0105 Grzeba\u0142kowsk\u0105 w raciborskiej bibliotece\u201d 9 wrze\u015bnia odby\u0142o si\u0119 w raciborskiej bibliotece spotkanie z Magdalen\u0105 Grzeba\u0142kowsk\u0105, reporterk\u0105 i autork\u0105 biografii ks. Twardowskiego, Beksi\u0144skich, Komedy oraz nagrodzonego statuetk\u0105 Nike Czytelnik\u00f3w reporta\u017cu historycznego 1945. Wojna i pok\u00f3j.<\/p>\n","protected":false},"author":3,"featured_media":0,"comment_status":"closed","ping_status":"closed","sticky":false,"template":"","format":"standard","meta":{"_acf_changed":false,"_exactmetrics_skip_tracking":false,"_exactmetrics_sitenote_active":false,"_exactmetrics_sitenote_note":"","_exactmetrics_sitenote_category":0,"footnotes":""},"categories":[2164],"tags":[1318,48,11],"class_list":["post-21030","post","type-post","status-publish","format-standard","hentry","category-nr-78-lipiec-sierpien","tag-magdalena-grzebalkowska","tag-miejska-i-powiatowa-biblioteka-publiczna-w-raciborzu","tag-spotkanie-autorskie"],"acf":[],"jetpack_featured_media_url":"","_links":{"self":[{"href":"https:\/\/slaskipegaz.bs.katowice.pl\/index.php?rest_route=\/wp\/v2\/posts\/21030","targetHints":{"allow":["GET"]}}],"collection":[{"href":"https:\/\/slaskipegaz.bs.katowice.pl\/index.php?rest_route=\/wp\/v2\/posts"}],"about":[{"href":"https:\/\/slaskipegaz.bs.katowice.pl\/index.php?rest_route=\/wp\/v2\/types\/post"}],"author":[{"embeddable":true,"href":"https:\/\/slaskipegaz.bs.katowice.pl\/index.php?rest_route=\/wp\/v2\/users\/3"}],"replies":[{"embeddable":true,"href":"https:\/\/slaskipegaz.bs.katowice.pl\/index.php?rest_route=%2Fwp%2Fv2%2Fcomments&post=21030"}],"version-history":[{"count":1,"href":"https:\/\/slaskipegaz.bs.katowice.pl\/index.php?rest_route=\/wp\/v2\/posts\/21030\/revisions"}],"predecessor-version":[{"id":21034,"href":"https:\/\/slaskipegaz.bs.katowice.pl\/index.php?rest_route=\/wp\/v2\/posts\/21030\/revisions\/21034"}],"wp:attachment":[{"href":"https:\/\/slaskipegaz.bs.katowice.pl\/index.php?rest_route=%2Fwp%2Fv2%2Fmedia&parent=21030"}],"wp:term":[{"taxonomy":"category","embeddable":true,"href":"https:\/\/slaskipegaz.bs.katowice.pl\/index.php?rest_route=%2Fwp%2Fv2%2Fcategories&post=21030"},{"taxonomy":"post_tag","embeddable":true,"href":"https:\/\/slaskipegaz.bs.katowice.pl\/index.php?rest_route=%2Fwp%2Fv2%2Ftags&post=21030"}],"curies":[{"name":"wp","href":"https:\/\/api.w.org\/{rel}","templated":true}]}}