{"id":21042,"date":"2021-09-28T09:36:13","date_gmt":"2021-09-28T07:36:13","guid":{"rendered":"https:\/\/slaskipegaz.bs.katowice.pl\/?p=21042"},"modified":"2021-09-28T09:36:13","modified_gmt":"2021-09-28T07:36:13","slug":"zapowiedz-gminna-biblioteka-publiczna-w-kozach","status":"publish","type":"post","link":"https:\/\/slaskipegaz.bs.katowice.pl\/?p=21042","title":{"rendered":"[Zapowied\u017a] GMINNA BIBLIOTEKA PUBLICZNA W KOZACH"},"content":{"rendered":"\n<div class=\"wp-block-media-text alignwide is-stacked-on-mobile\" style=\"grid-template-columns:31% auto\"><figure class=\"wp-block-media-text__media\"><img loading=\"lazy\" decoding=\"async\" width=\"1024\" height=\"720\" src=\"https:\/\/slaskipegaz.bs.katowice.pl\/wp-content\/uploads\/2021\/09\/konkurs-filozoficzny-GBP-Kozy-2021-1024x720.jpg\" alt=\"\" class=\"wp-image-21043\" srcset=\"https:\/\/slaskipegaz.bs.katowice.pl\/wp-content\/uploads\/2021\/09\/konkurs-filozoficzny-GBP-Kozy-2021-1024x720.jpg 1024w, https:\/\/slaskipegaz.bs.katowice.pl\/wp-content\/uploads\/2021\/09\/konkurs-filozoficzny-GBP-Kozy-2021-300x211.jpg 300w, https:\/\/slaskipegaz.bs.katowice.pl\/wp-content\/uploads\/2021\/09\/konkurs-filozoficzny-GBP-Kozy-2021-768x540.jpg 768w, https:\/\/slaskipegaz.bs.katowice.pl\/wp-content\/uploads\/2021\/09\/konkurs-filozoficzny-GBP-Kozy-2021.jpg 1417w\" sizes=\"auto, (max-width: 1024px) 100vw, 1024px\" \/><\/figure><div class=\"wp-block-media-text__content\">\n<p class=\"has-medium-font-size\">Gminna Biblioteka Publiczna w Kozach zaprasza na 2. edycj\u0119 konkursu na esej filozoficzny. Tegoroczna ods\u0142ona konkursu, zatytu\u0142owana \u201eCz\u0142owiek na kraw\u0119dzi&#8221;, koncentruje si\u0119 na kondycji cz\u0142owieka, jego egzystencji w obliczu zagro\u017ce\u0144 i wyzwa\u0144 wsp\u00f3\u0142czesnego \u015bwiata.<\/p>\n<\/div><\/div>\n\n\n\n<!--more-->\n\n\n\n<p>Celem konkursu jest nie tylko popularyzacja filozofii, ale tak\u017ce pokazanie r\u00f3\u017cnego spojrzenia na cz\u0142owieka i jego kondycj\u0119 w dzisiejszej rzeczywisto\u015bci.<br><br>Konkurs adresowany jest do os\u00f3b powy\u017cej 16. roku \u017cycia. Praca konkursowa powinna wyra\u017ca\u0107 subiektywn\u0105 opini\u0119 pisz\u0105cego i by\u0107 przygotowana w formie pliku tekstowego o obj\u0119to\u015bci od 4000 do 6000 znak\u00f3w ze spacjami. Esej wraz z wype\u0142nionym o\u015bwiadczeniem uczestnika<br>konkursu nale\u017cy przes\u0142a\u0107 do 15 pa\u017adziernika br. na adres e-mailowy: <a href=\"mailto:biblioteka@gbpkozy.pl\">biblioteka@gbpkozy.pl<\/a> lub w wersji papierowej do Gminnej Biblioteki Publicznej w Kozach.<br><br>Patronat na konkursem obj\u0105\u0142 W\u00f3jt Gminy Kozy Jacek Kali\u0144ski. Patronat medialny sprawuje magazyn \u201eFilozofuj!&#8221;. Szczeg\u00f3\u0142y konkursu mo\u017cna znale\u017a\u0107 na stronie:<br><a href=\"http:\/\/www.gbpkozy.pl\/index.php\/aktualnosci\/1698-2-edycja-konkursu-filozoficznego\">http:\/\/www.gbpkozy.pl\/index.php\/aktualnosci\/1698-2-edycja-konkursu-filozoficznego<\/a><br><\/p>\n\n\n\n<p>Nades\u0142a\u0142a: Gminna Biblioteka Publiczna w Kozach<\/p>\n","protected":false},"excerpt":{"rendered":"<p>Gminna Biblioteka Publiczna w Kozach zaprasza na 2. edycj\u0119 konkursu na esej filozoficzny. Tegoroczna ods\u0142ona konkursu, zatytu\u0142owana \u201eCz\u0142owiek na kraw\u0119dzi&#8221;, koncentruje si\u0119 na kondycji cz\u0142owieka, jego egzystencji w obliczu zagro\u017ce\u0144 i wyzwa\u0144 wsp\u00f3\u0142czesnego \u015bwiata.<\/p>\n","protected":false},"author":3,"featured_media":0,"comment_status":"closed","ping_status":"closed","sticky":false,"template":"","format":"standard","meta":{"_acf_changed":false,"_exactmetrics_skip_tracking":false,"_exactmetrics_sitenote_active":false,"_exactmetrics_sitenote_note":"","_exactmetrics_sitenote_category":0,"footnotes":""},"categories":[6,2164],"tags":[2176,16],"class_list":["post-21042","post","type-post","status-publish","format-standard","hentry","category-aktualnosci","category-nr-78-lipiec-sierpien","tag-gminna-biblioteka-publiczna-w-kozach","tag-konkurs"],"acf":[],"jetpack_featured_media_url":"","_links":{"self":[{"href":"https:\/\/slaskipegaz.bs.katowice.pl\/index.php?rest_route=\/wp\/v2\/posts\/21042","targetHints":{"allow":["GET"]}}],"collection":[{"href":"https:\/\/slaskipegaz.bs.katowice.pl\/index.php?rest_route=\/wp\/v2\/posts"}],"about":[{"href":"https:\/\/slaskipegaz.bs.katowice.pl\/index.php?rest_route=\/wp\/v2\/types\/post"}],"author":[{"embeddable":true,"href":"https:\/\/slaskipegaz.bs.katowice.pl\/index.php?rest_route=\/wp\/v2\/users\/3"}],"replies":[{"embeddable":true,"href":"https:\/\/slaskipegaz.bs.katowice.pl\/index.php?rest_route=%2Fwp%2Fv2%2Fcomments&post=21042"}],"version-history":[{"count":2,"href":"https:\/\/slaskipegaz.bs.katowice.pl\/index.php?rest_route=\/wp\/v2\/posts\/21042\/revisions"}],"predecessor-version":[{"id":21045,"href":"https:\/\/slaskipegaz.bs.katowice.pl\/index.php?rest_route=\/wp\/v2\/posts\/21042\/revisions\/21045"}],"wp:attachment":[{"href":"https:\/\/slaskipegaz.bs.katowice.pl\/index.php?rest_route=%2Fwp%2Fv2%2Fmedia&parent=21042"}],"wp:term":[{"taxonomy":"category","embeddable":true,"href":"https:\/\/slaskipegaz.bs.katowice.pl\/index.php?rest_route=%2Fwp%2Fv2%2Fcategories&post=21042"},{"taxonomy":"post_tag","embeddable":true,"href":"https:\/\/slaskipegaz.bs.katowice.pl\/index.php?rest_route=%2Fwp%2Fv2%2Ftags&post=21042"}],"curies":[{"name":"wp","href":"https:\/\/api.w.org\/{rel}","templated":true}]}}