{"id":21110,"date":"2021-10-08T08:49:00","date_gmt":"2021-10-08T06:49:00","guid":{"rendered":"https:\/\/slaskipegaz.bs.katowice.pl\/?p=21110"},"modified":"2021-10-04T08:52:39","modified_gmt":"2021-10-04T06:52:39","slug":"zapowiedz-miejska-biblioteka-publiczna-w-zorach-13","status":"publish","type":"post","link":"https:\/\/slaskipegaz.bs.katowice.pl\/?p=21110","title":{"rendered":"[Zapowied\u017a] MIEJSKA BIBLIOTEKA PUBLICZNA W \u017bORACH"},"content":{"rendered":"\n<div class=\"wp-block-media-text alignwide is-stacked-on-mobile\" style=\"grid-template-columns:35% auto\"><figure class=\"wp-block-media-text__media\"><img loading=\"lazy\" decoding=\"async\" width=\"1024\" height=\"536\" src=\"https:\/\/slaskipegaz.bs.katowice.pl\/wp-content\/uploads\/2021\/10\/WIELCY_NIEOBECNI_wydarzenie-1024x536.png\" alt=\"\" class=\"wp-image-21111\" srcset=\"https:\/\/slaskipegaz.bs.katowice.pl\/wp-content\/uploads\/2021\/10\/WIELCY_NIEOBECNI_wydarzenie-1024x536.png 1024w, https:\/\/slaskipegaz.bs.katowice.pl\/wp-content\/uploads\/2021\/10\/WIELCY_NIEOBECNI_wydarzenie-300x157.png 300w, https:\/\/slaskipegaz.bs.katowice.pl\/wp-content\/uploads\/2021\/10\/WIELCY_NIEOBECNI_wydarzenie-768x402.png 768w, https:\/\/slaskipegaz.bs.katowice.pl\/wp-content\/uploads\/2021\/10\/WIELCY_NIEOBECNI_wydarzenie-1536x804.png 1536w, https:\/\/slaskipegaz.bs.katowice.pl\/wp-content\/uploads\/2021\/10\/WIELCY_NIEOBECNI_wydarzenie-2048x1073.png 2048w\" sizes=\"auto, (max-width: 1024px) 100vw, 1024px\" \/><\/figure><div class=\"wp-block-media-text__content\">\n<p class=\"has-medium-font-size\">Miejska Biblioteka Publiczna w \u017borach zaprasza do udzia\u0142u w spotkaniu &#8222;Nie tylko Carlos Saura&#8221;, kt\u00f3re odb\u0119dzie si\u0119 15 pa\u017adziernika 2021 roku o godzinie 18:00. <\/p> <p>Po przerwie spowodowanej pandemi\u0105 wraca cykl spotka\u0144 &#8222;Wielcy Nieobecni&#8221;. Bohaterem spotkania b\u0119dzie Carlos Saura, hiszpa\u0144ski re\u017cyser filmowy, scenarzysta, pisarz i producent filmowy. Rozmow\u0119 o kulturze flamenco w filmie i literaturze poprowadzi Aleksandra Kuczmierczyk, a ca\u0142o\u015b\u0107 zostanie uzupe\u0142niona pokazem flamenco wykonanym przez Ma\u0142gorzat\u0119 Golan. Spotkanie odbywa si\u0119 z okazji 75 urodzin Biblioteki w \u017borach. <\/p>\n<\/div><\/div>\n\n\n\n<p><\/p>\n","protected":false},"excerpt":{"rendered":"<p>Miejska Biblioteka Publiczna w \u017borach zaprasza do udzia\u0142u w spotkaniu &#8222;Nie tylko Carlos Saura&#8221;, kt\u00f3re odb\u0119dzie si\u0119 15 pa\u017adziernika 2021 roku o godzinie 18:00. Po przerwie spowodowanej pandemi\u0105 wraca cykl spotka\u0144 &#8222;Wielcy Nieobecni&#8221;. Bohaterem spotkania b\u0119dzie Carlos Saura, hiszpa\u0144ski re\u017cyser filmowy, scenarzysta, pisarz i producent filmowy. Rozmow\u0119 o kulturze flamenco w filmie i literaturze poprowadzi &hellip; <a href=\"https:\/\/slaskipegaz.bs.katowice.pl\/?p=21110\" class=\"more-link\">Czytaj dalej <span class=\"screen-reader-text\">[Zapowied\u017a] MIEJSKA BIBLIOTEKA PUBLICZNA W \u017bORACH<\/span> <span class=\"meta-nav\">&rarr;<\/span><\/a><\/p>\n","protected":false},"author":3,"featured_media":0,"comment_status":"open","ping_status":"open","sticky":false,"template":"","format":"standard","meta":{"_acf_changed":false,"_exactmetrics_skip_tracking":false,"_exactmetrics_sitenote_active":false,"_exactmetrics_sitenote_note":"","_exactmetrics_sitenote_category":0,"footnotes":""},"categories":[6],"tags":[28],"class_list":["post-21110","post","type-post","status-publish","format-standard","hentry","category-aktualnosci","tag-miejska-biblioteka-publiczna-w-zorach"],"acf":[],"jetpack_featured_media_url":"","_links":{"self":[{"href":"https:\/\/slaskipegaz.bs.katowice.pl\/index.php?rest_route=\/wp\/v2\/posts\/21110","targetHints":{"allow":["GET"]}}],"collection":[{"href":"https:\/\/slaskipegaz.bs.katowice.pl\/index.php?rest_route=\/wp\/v2\/posts"}],"about":[{"href":"https:\/\/slaskipegaz.bs.katowice.pl\/index.php?rest_route=\/wp\/v2\/types\/post"}],"author":[{"embeddable":true,"href":"https:\/\/slaskipegaz.bs.katowice.pl\/index.php?rest_route=\/wp\/v2\/users\/3"}],"replies":[{"embeddable":true,"href":"https:\/\/slaskipegaz.bs.katowice.pl\/index.php?rest_route=%2Fwp%2Fv2%2Fcomments&post=21110"}],"version-history":[{"count":1,"href":"https:\/\/slaskipegaz.bs.katowice.pl\/index.php?rest_route=\/wp\/v2\/posts\/21110\/revisions"}],"predecessor-version":[{"id":21112,"href":"https:\/\/slaskipegaz.bs.katowice.pl\/index.php?rest_route=\/wp\/v2\/posts\/21110\/revisions\/21112"}],"wp:attachment":[{"href":"https:\/\/slaskipegaz.bs.katowice.pl\/index.php?rest_route=%2Fwp%2Fv2%2Fmedia&parent=21110"}],"wp:term":[{"taxonomy":"category","embeddable":true,"href":"https:\/\/slaskipegaz.bs.katowice.pl\/index.php?rest_route=%2Fwp%2Fv2%2Fcategories&post=21110"},{"taxonomy":"post_tag","embeddable":true,"href":"https:\/\/slaskipegaz.bs.katowice.pl\/index.php?rest_route=%2Fwp%2Fv2%2Ftags&post=21110"}],"curies":[{"name":"wp","href":"https:\/\/api.w.org\/{rel}","templated":true}]}}