{"id":21116,"date":"2021-10-04T09:56:00","date_gmt":"2021-10-04T07:56:00","guid":{"rendered":"https:\/\/slaskipegaz.bs.katowice.pl\/?p=21116"},"modified":"2021-10-04T09:56:57","modified_gmt":"2021-10-04T07:56:57","slug":"zapowiedz-miejska-biblioteka-publiczna-w-siemianowicach-slaskich-4","status":"publish","type":"post","link":"https:\/\/slaskipegaz.bs.katowice.pl\/?p=21116","title":{"rendered":"[Zapowied\u017a] MIEJSKA BIBLIOTEKA PUBLICZNA W SIEMIANOWICACH \u015aL\u0104SKICH"},"content":{"rendered":"\n<div class=\"wp-block-media-text alignwide is-stacked-on-mobile is-vertically-aligned-top\" style=\"grid-template-columns:26% auto\"><figure class=\"wp-block-media-text__media\"><img loading=\"lazy\" decoding=\"async\" width=\"724\" height=\"1024\" src=\"https:\/\/slaskipegaz.bs.katowice.pl\/wp-content\/uploads\/2021\/10\/plakat-noc-bibliotek-724x1024.png\" alt=\"\" class=\"wp-image-21117\" srcset=\"https:\/\/slaskipegaz.bs.katowice.pl\/wp-content\/uploads\/2021\/10\/plakat-noc-bibliotek-724x1024.png 724w, https:\/\/slaskipegaz.bs.katowice.pl\/wp-content\/uploads\/2021\/10\/plakat-noc-bibliotek-212x300.png 212w, https:\/\/slaskipegaz.bs.katowice.pl\/wp-content\/uploads\/2021\/10\/plakat-noc-bibliotek-768x1086.png 768w, https:\/\/slaskipegaz.bs.katowice.pl\/wp-content\/uploads\/2021\/10\/plakat-noc-bibliotek-1086x1536.png 1086w, https:\/\/slaskipegaz.bs.katowice.pl\/wp-content\/uploads\/2021\/10\/plakat-noc-bibliotek-1448x2048.png 1448w, https:\/\/slaskipegaz.bs.katowice.pl\/wp-content\/uploads\/2021\/10\/plakat-noc-bibliotek.png 1587w\" sizes=\"auto, (max-width: 724px) 100vw, 724px\" \/><\/figure><div class=\"wp-block-media-text__content\">\n<p><strong>Czytanie wzmacnia FANTASTYCZNIE&nbsp;czyli&nbsp;Noc Bibliotek<\/strong><\/p>\n\n\n\n<p>Mamy noce zakup\u00f3w, noce muze\u00f3w\u2026 Biblioteki tak\u017ce \u201edorobi\u0142y si\u0119\u201d swoich nocy. Nasza siemianowicka ksi\u0105\u017cnica po raz kolejny w\u0142\u0105cza si\u0119 w og\u00f3lnopolsk\u0105 \u201eNoc Bibliotek\u201d, akcj\u0119 maj\u0105c\u0105 na celu popularyzacj\u0119 czytelnictwa oraz promowanie bibliotek. W tym roku, has\u0142o przewodnie naszej imprezy brzmi: \u201eCzytanie wzmacnia FANTASTYCZNIE \u201d. Zapraszamy\u00a08 pa\u017adziernika w\u00a0godz. 17.00\u201321.00 do naszej Biblioteki. Czeka na Was wiele FANTASTYCZNYCH atrakcji! Rok 2021 jest rokiem Lema, chc\u0105c uczci\u0107 tego wybitnego autora nasza impreza b\u0119dzie kr\u0119ci\u0142a si\u0119 wok\u00f3\u0142 fantastyki. Gwo\u017adziem programu b\u0119dzie spotkanie autorskie z Jakubem Ma\u0142eckim, na kt\u00f3re zaprosimy Was o godz. 18.00. B\u0119dzie te\u017c FANTASTYCZNE RPG, nie zabraknie bohater\u00f3w z Gwiezdnych Wojen, najm\u0142odsi b\u0119d\u0105 mogli wzi\u0105\u0107 udzia\u0142 w konkursie plastycznym na FANTASTYCZNEGO bohatera, zaprosimy do obejrzenia FANTASTYCZNYCH prac uczni\u00f3w z I Liceum Og\u00f3lnokszta\u0142c\u0105cego im. J. \u015aniadeckiego, a podczas kiermaszu b\u0119dziecie mogli kupi\u0107 FANTASTYCZNE ksi\u0105\u017cki. Wisienk\u0105 na torcie b\u0119dzie serwowana dla sch\u0142odzenia emocji LEM-oniada. Brzmi FANTASTYCZNIE, prawda? Do zobaczenia!<\/p>\n\n\n\n<p>Patrycja Skorek-Bilczy\u0144ska<\/p>\n\n\n\n<!--more-->\n\n\n\n<figure class=\"wp-block-image size-large is-resized\"><img loading=\"lazy\" decoding=\"async\" src=\"https:\/\/slaskipegaz.bs.katowice.pl\/wp-content\/uploads\/2021\/10\/LOT-W-KOSMOS-ZE-STANISLAWEM-LEMEM.-724x1024.png\" alt=\"\" class=\"wp-image-21118\" width=\"272\" height=\"385\" srcset=\"https:\/\/slaskipegaz.bs.katowice.pl\/wp-content\/uploads\/2021\/10\/LOT-W-KOSMOS-ZE-STANISLAWEM-LEMEM.-724x1024.png 724w, https:\/\/slaskipegaz.bs.katowice.pl\/wp-content\/uploads\/2021\/10\/LOT-W-KOSMOS-ZE-STANISLAWEM-LEMEM.-212x300.png 212w, https:\/\/slaskipegaz.bs.katowice.pl\/wp-content\/uploads\/2021\/10\/LOT-W-KOSMOS-ZE-STANISLAWEM-LEMEM.-768x1086.png 768w, https:\/\/slaskipegaz.bs.katowice.pl\/wp-content\/uploads\/2021\/10\/LOT-W-KOSMOS-ZE-STANISLAWEM-LEMEM.-1086x1536.png 1086w, https:\/\/slaskipegaz.bs.katowice.pl\/wp-content\/uploads\/2021\/10\/LOT-W-KOSMOS-ZE-STANISLAWEM-LEMEM.-1448x2048.png 1448w, https:\/\/slaskipegaz.bs.katowice.pl\/wp-content\/uploads\/2021\/10\/LOT-W-KOSMOS-ZE-STANISLAWEM-LEMEM..png 1587w\" sizes=\"auto, (max-width: 272px) 100vw, 272px\" \/><\/figure>\n<\/div><\/div>\n","protected":false},"excerpt":{"rendered":"<p>Czytanie wzmacnia FANTASTYCZNIE&nbsp;czyli&nbsp;Noc Bibliotek Mamy noce zakup\u00f3w, noce muze\u00f3w\u2026 Biblioteki tak\u017ce \u201edorobi\u0142y si\u0119\u201d swoich nocy. Nasza siemianowicka ksi\u0105\u017cnica po raz kolejny w\u0142\u0105cza si\u0119 w og\u00f3lnopolsk\u0105 \u201eNoc Bibliotek\u201d, akcj\u0119 maj\u0105c\u0105 na celu popularyzacj\u0119 czytelnictwa oraz promowanie bibliotek. W tym roku, has\u0142o przewodnie naszej imprezy brzmi: \u201eCzytanie wzmacnia FANTASTYCZNIE \u201d. Zapraszamy\u00a08 pa\u017adziernika w\u00a0godz. 17.00\u201321.00 do naszej Biblioteki. &hellip; <a href=\"https:\/\/slaskipegaz.bs.katowice.pl\/?p=21116\" class=\"more-link\">Czytaj dalej <span class=\"screen-reader-text\">[Zapowied\u017a] MIEJSKA BIBLIOTEKA PUBLICZNA W SIEMIANOWICACH \u015aL\u0104SKICH<\/span> <span class=\"meta-nav\">&rarr;<\/span><\/a><\/p>\n","protected":false},"author":2,"featured_media":0,"comment_status":"closed","ping_status":"closed","sticky":false,"template":"","format":"standard","meta":{"_acf_changed":false,"_exactmetrics_skip_tracking":false,"_exactmetrics_sitenote_active":false,"_exactmetrics_sitenote_note":"","_exactmetrics_sitenote_category":0,"footnotes":""},"categories":[6],"tags":[23,1892,2173],"class_list":["post-21116","post","type-post","status-publish","format-standard","hentry","category-aktualnosci","tag-miejska-biblioteka-publiczna-w-siemianowicach-slaskich","tag-noc-bibliotek","tag-noc-bibliotek-2021"],"acf":[],"jetpack_featured_media_url":"","_links":{"self":[{"href":"https:\/\/slaskipegaz.bs.katowice.pl\/index.php?rest_route=\/wp\/v2\/posts\/21116","targetHints":{"allow":["GET"]}}],"collection":[{"href":"https:\/\/slaskipegaz.bs.katowice.pl\/index.php?rest_route=\/wp\/v2\/posts"}],"about":[{"href":"https:\/\/slaskipegaz.bs.katowice.pl\/index.php?rest_route=\/wp\/v2\/types\/post"}],"author":[{"embeddable":true,"href":"https:\/\/slaskipegaz.bs.katowice.pl\/index.php?rest_route=\/wp\/v2\/users\/2"}],"replies":[{"embeddable":true,"href":"https:\/\/slaskipegaz.bs.katowice.pl\/index.php?rest_route=%2Fwp%2Fv2%2Fcomments&post=21116"}],"version-history":[{"count":2,"href":"https:\/\/slaskipegaz.bs.katowice.pl\/index.php?rest_route=\/wp\/v2\/posts\/21116\/revisions"}],"predecessor-version":[{"id":21120,"href":"https:\/\/slaskipegaz.bs.katowice.pl\/index.php?rest_route=\/wp\/v2\/posts\/21116\/revisions\/21120"}],"wp:attachment":[{"href":"https:\/\/slaskipegaz.bs.katowice.pl\/index.php?rest_route=%2Fwp%2Fv2%2Fmedia&parent=21116"}],"wp:term":[{"taxonomy":"category","embeddable":true,"href":"https:\/\/slaskipegaz.bs.katowice.pl\/index.php?rest_route=%2Fwp%2Fv2%2Fcategories&post=21116"},{"taxonomy":"post_tag","embeddable":true,"href":"https:\/\/slaskipegaz.bs.katowice.pl\/index.php?rest_route=%2Fwp%2Fv2%2Ftags&post=21116"}],"curies":[{"name":"wp","href":"https:\/\/api.w.org\/{rel}","templated":true}]}}