{"id":21182,"date":"2021-12-27T09:48:09","date_gmt":"2021-12-27T08:48:09","guid":{"rendered":"https:\/\/slaskipegaz.bs.katowice.pl\/?p=21182"},"modified":"2021-12-27T09:48:09","modified_gmt":"2021-12-27T08:48:09","slug":"wystawa-miejska-biblioteka-publiczna-w-jaworznie-6","status":"publish","type":"post","link":"https:\/\/slaskipegaz.bs.katowice.pl\/?p=21182","title":{"rendered":"[Wystawa] MIEJSKA BIBLIOTEKA PUBLICZNA W JAWORZNIE"},"content":{"rendered":"\n<div class=\"wp-block-media-text alignwide is-stacked-on-mobile\" style=\"grid-template-columns:21% auto\"><figure class=\"wp-block-media-text__media\"><img loading=\"lazy\" decoding=\"async\" width=\"724\" height=\"1024\" src=\"https:\/\/slaskipegaz.bs.katowice.pl\/wp-content\/uploads\/2021\/12\/negatywy_wystawa-724x1024.jpg\" alt=\"\" class=\"wp-image-21183\" srcset=\"https:\/\/slaskipegaz.bs.katowice.pl\/wp-content\/uploads\/2021\/12\/negatywy_wystawa-724x1024.jpg 724w, https:\/\/slaskipegaz.bs.katowice.pl\/wp-content\/uploads\/2021\/12\/negatywy_wystawa-212x300.jpg 212w, https:\/\/slaskipegaz.bs.katowice.pl\/wp-content\/uploads\/2021\/12\/negatywy_wystawa-768x1086.jpg 768w, https:\/\/slaskipegaz.bs.katowice.pl\/wp-content\/uploads\/2021\/12\/negatywy_wystawa-1086x1536.jpg 1086w, https:\/\/slaskipegaz.bs.katowice.pl\/wp-content\/uploads\/2021\/12\/negatywy_wystawa-1448x2048.jpg 1448w, https:\/\/slaskipegaz.bs.katowice.pl\/wp-content\/uploads\/2021\/12\/negatywy_wystawa-scaled.jpg 1810w\" sizes=\"auto, (max-width: 724px) 100vw, 724px\" \/><\/figure><div class=\"wp-block-media-text__content\">\n<p class=\"has-large-font-size\"><strong>Negatywy. Wystawa fotografii Jakuba Byrczka<\/strong><\/p>\n\n\n\n<p class=\"has-medium-font-size\">Tegoroczny sezon prezentacji w bibliotecznej Galerii ExLibris finalizujemy wystaw\u0105 fotografii pt. Negatywy. Ekspozycja jest autorsk\u0105 propozycj\u0105 artyst\u00f3w zaanga\u017cowanych w dzia\u0142alno\u015b\u0107: \u017bywego Skansenu Fotografii, Galerii Fotografii &#8211; PUSTA cd. oraz Szko\u0142y widzenia \u2013 prof. Jakuba Byrczka przy wsp\u00f3\u0142pracy Krzysztofa Szlapy.<\/p>\n<\/div><\/div>\n\n\n\n<!--more-->\n\n\n\n<p>To tak\u017ce efekt aktywno\u015bci, do kt\u00f3rych od 2000 roku w Jaworznie zach\u0119caj\u0105 fotograficy, promuj\u0105c inne ni\u017c powszechne, traktowanie i zrozumienie tej sztuki. Wystawa stanowi jeden z element\u00f3w projektu pn. \u201eWidzenie kamienia\u201d, \u0142\u0105cz\u0105cego tera\u017aniejszo\u015b\u0107 z przesz\u0142o\u015bci\u0105, stare z nowym. Obecn\u0105 jego cz\u0119\u015bci\u0105 jest zbi\u00f3r fotografii powsta\u0142ych w trakcie organizowanych przez prof. Byrczka zaj\u0119\u0107 edukacyjnych dla dzieci. <\/p>\n\n\n\n<p>Starsza kolekcja, pochodz\u0105ca z lat 70-tych XX w., pe\u0142ni funkcj\u0119 dokumentaln\u0105, przedstawiaj\u0105c dzia\u0142aj\u0105c\u0105 w \u00f3wczesnym czasie Ha\u0142d\u0119 Pi\u0142sudskiego, otoczenie i ludzi z ni\u0105 zwi\u0105zanych. Wystawa przypomina miejsca maj\u0105ce znaczenie dla lokalnej historii oraz doskonale wpisuje si\u0119 w tegoroczne obchody 120-lecia nadania praw miejskich, stanowi\u0105c wyj\u0105tkowe zwie\u0144czenie jubileuszu. <\/p>\n\n\n\n<p><\/p>\n","protected":false},"excerpt":{"rendered":"<p>Negatywy. Wystawa fotografii Jakuba Byrczka Tegoroczny sezon prezentacji w bibliotecznej Galerii ExLibris finalizujemy wystaw\u0105 fotografii pt. Negatywy. Ekspozycja jest autorsk\u0105 propozycj\u0105 artyst\u00f3w zaanga\u017cowanych w dzia\u0142alno\u015b\u0107: \u017bywego Skansenu Fotografii, Galerii Fotografii &#8211; PUSTA cd. oraz Szko\u0142y widzenia \u2013 prof. Jakuba Byrczka przy wsp\u00f3\u0142pracy Krzysztofa Szlapy.<\/p>\n","protected":false},"author":3,"featured_media":0,"comment_status":"closed","ping_status":"closed","sticky":false,"template":"","format":"standard","meta":{"_acf_changed":false,"_exactmetrics_skip_tracking":false,"_exactmetrics_sitenote_active":false,"_exactmetrics_sitenote_note":"","_exactmetrics_sitenote_category":0,"footnotes":""},"categories":[6],"tags":[8,24],"class_list":["post-21182","post","type-post","status-publish","format-standard","hentry","category-aktualnosci","tag-miejska-biblioteka-publiczna-w-jaworznie","tag-wystawa"],"acf":[],"jetpack_featured_media_url":"","_links":{"self":[{"href":"https:\/\/slaskipegaz.bs.katowice.pl\/index.php?rest_route=\/wp\/v2\/posts\/21182","targetHints":{"allow":["GET"]}}],"collection":[{"href":"https:\/\/slaskipegaz.bs.katowice.pl\/index.php?rest_route=\/wp\/v2\/posts"}],"about":[{"href":"https:\/\/slaskipegaz.bs.katowice.pl\/index.php?rest_route=\/wp\/v2\/types\/post"}],"author":[{"embeddable":true,"href":"https:\/\/slaskipegaz.bs.katowice.pl\/index.php?rest_route=\/wp\/v2\/users\/3"}],"replies":[{"embeddable":true,"href":"https:\/\/slaskipegaz.bs.katowice.pl\/index.php?rest_route=%2Fwp%2Fv2%2Fcomments&post=21182"}],"version-history":[{"count":1,"href":"https:\/\/slaskipegaz.bs.katowice.pl\/index.php?rest_route=\/wp\/v2\/posts\/21182\/revisions"}],"predecessor-version":[{"id":21184,"href":"https:\/\/slaskipegaz.bs.katowice.pl\/index.php?rest_route=\/wp\/v2\/posts\/21182\/revisions\/21184"}],"wp:attachment":[{"href":"https:\/\/slaskipegaz.bs.katowice.pl\/index.php?rest_route=%2Fwp%2Fv2%2Fmedia&parent=21182"}],"wp:term":[{"taxonomy":"category","embeddable":true,"href":"https:\/\/slaskipegaz.bs.katowice.pl\/index.php?rest_route=%2Fwp%2Fv2%2Fcategories&post=21182"},{"taxonomy":"post_tag","embeddable":true,"href":"https:\/\/slaskipegaz.bs.katowice.pl\/index.php?rest_route=%2Fwp%2Fv2%2Ftags&post=21182"}],"curies":[{"name":"wp","href":"https:\/\/api.w.org\/{rel}","templated":true}]}}