{"id":21229,"date":"2021-12-27T13:59:31","date_gmt":"2021-12-27T12:59:31","guid":{"rendered":"https:\/\/slaskipegaz.bs.katowice.pl\/?p=21229"},"modified":"2021-12-27T13:59:31","modified_gmt":"2021-12-27T12:59:31","slug":"relacja-biblioteka-publiczna-miasta-i-gminy-w-lazach-157","status":"publish","type":"post","link":"https:\/\/slaskipegaz.bs.katowice.pl\/?p=21229","title":{"rendered":"[Relacja] BIBLIOTEKA PUBLICZNA MIASTA I GMINY W \u0141AZACH"},"content":{"rendered":"\n<div class=\"wp-block-media-text alignwide is-stacked-on-mobile\"><figure class=\"wp-block-media-text__media\"><img loading=\"lazy\" decoding=\"async\" width=\"1024\" height=\"683\" src=\"https:\/\/slaskipegaz.bs.katowice.pl\/wp-content\/uploads\/2021\/12\/Reanimacja-kultury-zakonczona-sukcesem-1-1024x683.jpg\" alt=\"\" class=\"wp-image-21230\" srcset=\"https:\/\/slaskipegaz.bs.katowice.pl\/wp-content\/uploads\/2021\/12\/Reanimacja-kultury-zakonczona-sukcesem-1-1024x683.jpg 1024w, https:\/\/slaskipegaz.bs.katowice.pl\/wp-content\/uploads\/2021\/12\/Reanimacja-kultury-zakonczona-sukcesem-1-300x200.jpg 300w, https:\/\/slaskipegaz.bs.katowice.pl\/wp-content\/uploads\/2021\/12\/Reanimacja-kultury-zakonczona-sukcesem-1-768x512.jpg 768w, https:\/\/slaskipegaz.bs.katowice.pl\/wp-content\/uploads\/2021\/12\/Reanimacja-kultury-zakonczona-sukcesem-1-1536x1024.jpg 1536w, https:\/\/slaskipegaz.bs.katowice.pl\/wp-content\/uploads\/2021\/12\/Reanimacja-kultury-zakonczona-sukcesem-1-2048x1365.jpg 2048w\" sizes=\"auto, (max-width: 1024px) 100vw, 1024px\" \/><\/figure><div class=\"wp-block-media-text__content\">\n<p><strong>(Re)animacja kultury zako\u0144czona sukcesem!<\/strong><\/p>\n\n\n\n<p>Rok 2021 w Bibliotece by\u0142 pe\u0142en ciekawych inicjatyw, pomys\u0142\u00f3w, projekt\u00f3w i dzia\u0142a\u0144. Na szczeg\u00f3ln\u0105 uwag\u0119 zas\u0142uguj\u0105 dzia\u0142ania podj\u0119te w ramach projekt\u00f3w dofinansowanych przez Ministerstwo Kultury, Dziedzictwa Narodowego i Sportu. \u201e(Re)animujemy kultur\u0119 &#8211; cykl rodzinnych warsztat\u00f3w edukacyjnych dla dzieci w wieku 0-6 lat\u201d to jeden z trzech projekt\u00f3w, na kt\u00f3ry w tym roku Biblioteka w \u0141azach otrzyma\u0142a dofinansowanie, skoncentrowany g\u0142\u00f3wnie na najm\u0142odszych u\u017cytkownikach Biblioteki i ich rodzicach\/opiekunach. <\/p>\n<\/div><\/div>\n\n\n\n<!--more-->\n\n\n\n<p>Istota zadania \u201e(Re)Animujemy kultur\u0119\u201d polega\u0142a na wykorzystaniu edukacyjnych dzia\u0142a\u0144 warsztatowych jako metody aktywizuj\u0105cej, za spraw\u0105 kt\u00f3rej wzmocniono wi\u0119zi oraz ukazano potencja\u0142 biblioteki jako miejsca, w kt\u00f3rym kreowana jest potrzeba obcowania z ksi\u0105\u017ck\u0105 i szeroko rozumian\u0105 kultur\u0105. W ramach dzia\u0142a\u0144 projektowych w naszej plac\u00f3wce odby\u0142 si\u0119 cykl rodzinnych warsztat\u00f3w edukacyjnych i spotkanie autorskie z pisark\u0105 Katarzyn\u0105 Koz\u0142owsk\u0105. Podczas dzia\u0142a\u0144 realizowanych w ramach projektu uda\u0142o nam si\u0119 zaktywizowa\u0107 a\u017c 257 uczestnik\u00f3w, kt\u00f3rzy wzi\u0119li udzia\u0142 w 16 wydarzeniach.\u00a0<\/p>\n\n\n\n<p>Szereg zaj\u0119\u0107, kt\u00f3re zaproponowali\u015bmy naszym ma\u0142ym odbiorcom skupia\u0142y si\u0119 wok\u00f3\u0142 tzw. 8 kultur: kultura dotyku, ruchu, muzyczna, j\u0119zyka, zmys\u0142\u00f3w, s\u0142owa, na talerzu i s\u0142odycz. Lipcowy cykl warsztat\u00f3w przedstawia\u0142 si\u0119 nast\u0119puj\u0105co: \u201eKultura dotyku \u2013 sensoplastyka dla dzieci\u201d \u2013 zaj\u0119cia przeprowadzone przez Katarzyn\u0119 Sobieraj, \u201eKultura ruchu \u2013 \u0107wiczenia i zabawy fizjoterapeutyczne\u201d przeprowadzi\u0142 fizjoterapeuta \u0141ukasz Ga\u0142ka. W \u201eKultur\u0119 muzyczn\u0105 \u2013 warsztaty zwi\u0105zane ze \u015bwiatem d\u017awi\u0119k\u00f3w\u201d wprowadzi\u0142a uczestnik\u00f3w Dominika Bia\u0142y-Paj\u0105k. W sierpniu z \u201eKultur\u0105 j\u0119zyka, czyli logopedi\u0105 dla najm\u0142odszych\u201d zmierzyli\u015bmy si\u0119 razem z logoped\u0105 Katarzyn\u0105 Nowak. \u201eKultura zmys\u0142\u00f3w \u2013 warsztaty rodzinne\u201d przeprowadzi\u0142a Katarzyna Sobieraj. Wakacje \u017cegnali\u015bmy i na zdrowo i na s\u0142odko: \u201eKultura na talerzu\u201d z Izabel\u0105 Przybylsk\u0105 oraz \u201eKultura i s\u0142odycz\u201d z Agnieszk\u0105 Piekaj i Patrycj\u0105 Nowak, te zaj\u0119cia zostan\u0105 w pami\u0119ci wszystkich uczestnik\u00f3w. We wrze\u015bniu wraz z \u0141ukaszem Ga\u0142k\u0105 postanowili\u015bmy dla naszych ma\u0142ych uczestnik\u00f3w przygotowa\u0107 II rund\u0119 kultury ruchu i tym razem pobudzi\u0107 do aktywno\u015bci nawet najwi\u0119kszych leniuch\u00f3w. Fina\u0142em projektu \u201e(Re)animujemy kultur\u0119\u201d by\u0142o spotkanie autorskie z Katarzyn\u0105 Koz\u0142owsk\u0105, pod nazw\u0105 \u201eKultura s\u0142owa\u201d, kt\u00f3re odby\u0142o si\u0119 24 wrze\u015bnia w Publicznym Przedszkolu nr 1 im. Jana Brzechwy w \u0141azach.<\/p>\n\n\n\n<figure class=\"wp-block-gallery columns-1 is-cropped wp-block-gallery-1 is-layout-flex wp-block-gallery-is-layout-flex\"><ul class=\"blocks-gallery-grid\"><li class=\"blocks-gallery-item\"><figure><img loading=\"lazy\" decoding=\"async\" width=\"1024\" height=\"683\" src=\"https:\/\/slaskipegaz.bs.katowice.pl\/wp-content\/uploads\/2021\/12\/Reanimacja-kultury-zakonczona-sukcesem-2-1024x683.jpg\" alt=\"\" data-id=\"21231\" data-full-url=\"https:\/\/slaskipegaz.bs.katowice.pl\/wp-content\/uploads\/2021\/12\/Reanimacja-kultury-zakonczona-sukcesem-2-scaled.jpg\" data-link=\"https:\/\/slaskipegaz.bs.katowice.pl\/?attachment_id=21231\" class=\"wp-image-21231\" srcset=\"https:\/\/slaskipegaz.bs.katowice.pl\/wp-content\/uploads\/2021\/12\/Reanimacja-kultury-zakonczona-sukcesem-2-1024x683.jpg 1024w, https:\/\/slaskipegaz.bs.katowice.pl\/wp-content\/uploads\/2021\/12\/Reanimacja-kultury-zakonczona-sukcesem-2-300x200.jpg 300w, https:\/\/slaskipegaz.bs.katowice.pl\/wp-content\/uploads\/2021\/12\/Reanimacja-kultury-zakonczona-sukcesem-2-768x512.jpg 768w, https:\/\/slaskipegaz.bs.katowice.pl\/wp-content\/uploads\/2021\/12\/Reanimacja-kultury-zakonczona-sukcesem-2-1536x1024.jpg 1536w, https:\/\/slaskipegaz.bs.katowice.pl\/wp-content\/uploads\/2021\/12\/Reanimacja-kultury-zakonczona-sukcesem-2-2048x1365.jpg 2048w\" sizes=\"auto, (max-width: 1024px) 100vw, 1024px\" \/><\/figure><\/li><\/ul><\/figure>\n\n\n\n<p>Zaj\u0119cia warsztatowe w ramach dzia\u0142a\u0144 projektowych odbywa\u0142y si\u0119 w dw\u00f3ch kilkunastoosobowych grupach. Rodzice zdobyli wiedz\u0119, umiej\u0119tno\u015bci i znakomite przygotowanie z zakresu r\u00f3\u017cnych p\u0142aszczyzn i etap\u00f3w rozwoju swoich dzieci. Dzi\u0119ki organizowanym warsztatom, zaj\u0119ciom i licznym spotkaniom uda\u0142o si\u0119 stworzy\u0107 w Bibliotece p\u0142aszczyzn\u0119 porozumienia, na kt\u00f3rej uczestnicy mieli mo\u017cliwo\u015b\u0107 dzielenia si\u0119 w\u0142asnymi do\u015bwiadczeniami, w\u0105tpliwo\u015bciami, jak i zainteresowaniami. <\/p>\n\n\n\n<p>Zaproszeni eksperci dziedzinowi (m.in. logopeda, fizjoterapeuta, pisarka, cukiernicy, nauczyciele) s\u0142u\u017cyli rad\u0105, wskazali warto\u015bciowe formy i sposoby edukacji, rozrywki, zabawy, sp\u0119dzania z dzieckiem wolnego czasu oraz zaprezentowali adekwatne ksi\u0105\u017cki dotycz\u0105ce aktualnie omawianego \u201ekr\u0119gu kulturalnego\u201d. Dzi\u0119ki realizacji projektu \u201e(Re)animujemy kultur\u0119\u2026\u201d dofinansowanego przez MKDNiS, Biblioteka sta\u0142a si\u0119 centrum edukacyjnym i miejscem spotka\u0144, podczas kt\u00f3rych wiedza w po\u0142\u0105czeniu z kreatywn\u0105 zabaw\u0105 wspar\u0142y rozw\u00f3j intelektualny i emocjonalny uczestnik\u00f3w, oraz wzmocni\u0142y wi\u0119\u017a dziecka z rodzicem.<\/p>\n\n\n\n<p>Nades\u0142a\u0142a: Anna Wilk<\/p>\n\n\n\n<div class=\"wp-block-media-text alignwide is-stacked-on-mobile\"><figure class=\"wp-block-media-text__media\"><img loading=\"lazy\" decoding=\"async\" width=\"1024\" height=\"424\" src=\"https:\/\/slaskipegaz.bs.katowice.pl\/wp-content\/uploads\/2021\/11\/MKiDN_kolor-1024x424.jpg\" alt=\"\" class=\"wp-image-21160\" srcset=\"https:\/\/slaskipegaz.bs.katowice.pl\/wp-content\/uploads\/2021\/11\/MKiDN_kolor-1024x424.jpg 1024w, https:\/\/slaskipegaz.bs.katowice.pl\/wp-content\/uploads\/2021\/11\/MKiDN_kolor-300x124.jpg 300w, https:\/\/slaskipegaz.bs.katowice.pl\/wp-content\/uploads\/2021\/11\/MKiDN_kolor-768x318.jpg 768w, https:\/\/slaskipegaz.bs.katowice.pl\/wp-content\/uploads\/2021\/11\/MKiDN_kolor.jpg 1200w\" sizes=\"auto, (max-width: 1024px) 100vw, 1024px\" \/><\/figure><div class=\"wp-block-media-text__content\">\n<p class=\"has-medium-font-size\">Dofinansowano ze \u015brodk\u00f3w Ministra Kultury, Dziedzictwa Narodowego i Sportu pochodz\u0105cych z Funduszu Promocji Kultury\u201d<\/p>\n<\/div><\/div>\n","protected":false},"excerpt":{"rendered":"<p>(Re)animacja kultury zako\u0144czona sukcesem! Rok 2021 w Bibliotece by\u0142 pe\u0142en ciekawych inicjatyw, pomys\u0142\u00f3w, projekt\u00f3w i dzia\u0142a\u0144. Na szczeg\u00f3ln\u0105 uwag\u0119 zas\u0142uguj\u0105 dzia\u0142ania podj\u0119te w ramach projekt\u00f3w dofinansowanych przez Ministerstwo Kultury, Dziedzictwa Narodowego i Sportu. \u201e(Re)animujemy kultur\u0119 &#8211; cykl rodzinnych warsztat\u00f3w edukacyjnych dla dzieci w wieku 0-6 lat\u201d to jeden z trzech projekt\u00f3w, na kt\u00f3ry w tym &hellip; <a href=\"https:\/\/slaskipegaz.bs.katowice.pl\/?p=21229\" class=\"more-link\">Czytaj dalej <span class=\"screen-reader-text\">[Relacja] BIBLIOTEKA PUBLICZNA MIASTA I GMINY W \u0141AZACH<\/span> <span class=\"meta-nav\">&rarr;<\/span><\/a><\/p>\n","protected":false},"author":3,"featured_media":0,"comment_status":"open","ping_status":"open","sticky":false,"template":"","format":"standard","meta":{"_acf_changed":false,"_exactmetrics_skip_tracking":false,"_exactmetrics_sitenote_active":false,"_exactmetrics_sitenote_note":"","_exactmetrics_sitenote_category":0,"footnotes":""},"categories":[2182],"tags":[40,1915],"class_list":["post-21229","post","type-post","status-publish","format-standard","hentry","category-nr-79-wrzesien-2021","tag-biblioteka-publiczna-miasta-i-gminy-w-lazach","tag-spotkanie-dla-dzieci"],"acf":[],"jetpack_featured_media_url":"","_links":{"self":[{"href":"https:\/\/slaskipegaz.bs.katowice.pl\/index.php?rest_route=\/wp\/v2\/posts\/21229","targetHints":{"allow":["GET"]}}],"collection":[{"href":"https:\/\/slaskipegaz.bs.katowice.pl\/index.php?rest_route=\/wp\/v2\/posts"}],"about":[{"href":"https:\/\/slaskipegaz.bs.katowice.pl\/index.php?rest_route=\/wp\/v2\/types\/post"}],"author":[{"embeddable":true,"href":"https:\/\/slaskipegaz.bs.katowice.pl\/index.php?rest_route=\/wp\/v2\/users\/3"}],"replies":[{"embeddable":true,"href":"https:\/\/slaskipegaz.bs.katowice.pl\/index.php?rest_route=%2Fwp%2Fv2%2Fcomments&post=21229"}],"version-history":[{"count":1,"href":"https:\/\/slaskipegaz.bs.katowice.pl\/index.php?rest_route=\/wp\/v2\/posts\/21229\/revisions"}],"predecessor-version":[{"id":21232,"href":"https:\/\/slaskipegaz.bs.katowice.pl\/index.php?rest_route=\/wp\/v2\/posts\/21229\/revisions\/21232"}],"wp:attachment":[{"href":"https:\/\/slaskipegaz.bs.katowice.pl\/index.php?rest_route=%2Fwp%2Fv2%2Fmedia&parent=21229"}],"wp:term":[{"taxonomy":"category","embeddable":true,"href":"https:\/\/slaskipegaz.bs.katowice.pl\/index.php?rest_route=%2Fwp%2Fv2%2Fcategories&post=21229"},{"taxonomy":"post_tag","embeddable":true,"href":"https:\/\/slaskipegaz.bs.katowice.pl\/index.php?rest_route=%2Fwp%2Fv2%2Ftags&post=21229"}],"curies":[{"name":"wp","href":"https:\/\/api.w.org\/{rel}","templated":true}]}}