{"id":21245,"date":"2021-12-27T14:49:39","date_gmt":"2021-12-27T13:49:39","guid":{"rendered":"https:\/\/slaskipegaz.bs.katowice.pl\/?p=21245"},"modified":"2021-12-27T14:49:39","modified_gmt":"2021-12-27T13:49:39","slug":"relacja-miejska-i-powiatowa-biblioteka-publiczna-w-raciborzu-573","status":"publish","type":"post","link":"https:\/\/slaskipegaz.bs.katowice.pl\/?p=21245","title":{"rendered":"[Relacja] MIEJSKA I POWIATOWA BIBLIOTEKA PUBLICZNA W RACIBORZU"},"content":{"rendered":"\n<div class=\"wp-block-media-text alignwide is-stacked-on-mobile\"><figure class=\"wp-block-media-text__media\"><img loading=\"lazy\" decoding=\"async\" width=\"1024\" height=\"683\" src=\"https:\/\/slaskipegaz.bs.katowice.pl\/wp-content\/uploads\/2021\/12\/HP-05-IMG_9815m-1024x683.jpg\" alt=\"\" class=\"wp-image-21246\" srcset=\"https:\/\/slaskipegaz.bs.katowice.pl\/wp-content\/uploads\/2021\/12\/HP-05-IMG_9815m-1024x683.jpg 1024w, https:\/\/slaskipegaz.bs.katowice.pl\/wp-content\/uploads\/2021\/12\/HP-05-IMG_9815m-300x200.jpg 300w, https:\/\/slaskipegaz.bs.katowice.pl\/wp-content\/uploads\/2021\/12\/HP-05-IMG_9815m-768x512.jpg 768w, https:\/\/slaskipegaz.bs.katowice.pl\/wp-content\/uploads\/2021\/12\/HP-05-IMG_9815m.jpg 1536w\" sizes=\"auto, (max-width: 1024px) 100vw, 1024px\" \/><\/figure><div class=\"wp-block-media-text__content\">\n<p>\u201eBia\u0142\u0105 lask\u0105 w stereotypy \u2013 Hanna Pasterny by\u0142a&nbsp; go\u015bciem raciborskiej biblioteki\u201d<\/p>\n\n\n\n<p>U\u015bmiechni\u0119ta, gotowa na nowe przygody i sypi\u0105ca dowcipami jak z r\u0119kawa \u2013 taka jest Hanna Pasterny. Zawsze gotowa pom\u00f3c innym, wra\u017cliwa na krzywd\u0119, walcz\u0105ca o dobro wykluczonych \u2013 to r\u00f3wnie\u017c Hanna Pasterny. 7 grudnia by\u0142a go\u015bciem raciborskiej biblioteki!<\/p>\n<\/div><\/div>\n\n\n\n<!--more-->\n\n\n\n<p>Hanna Pasterny mieszka w Jastrz\u0119biu-Zdroju. Jest magistrem filologii roma\u0144skiej, uko\u0144czy\u0142a r\u00f3wnie\u017c studia podyplomowe poradnictwo psychologiczne i interwencja kryzysowa na Akademii Pedagogiki Specjalnej w Warszawie i studia podyplomowe z logopedii. Pracuje jako konsultantka ds. os\u00f3b niepe\u0142nosprawnych w Centrum Rozwoju Inicjatyw Spo\u0142ecznych CRIS w Rybniku, pracowa\u0142a te\u017c w biurze poselskim.<\/p>\n\n\n\n<p>Autorka ksi\u0105\u017cek \u201eMoje podr\u00f3\u017ce w ciemno\u201d, \u201eTandem w szkock\u0105 kratk\u0119\u201d, \u201eJak z&nbsp;bia\u0142\u0105 lask\u0105 zdobywa\u0142am Belgi\u0119\u201d, artyku\u0142\u00f3w dotycz\u0105cych niepe\u0142nosprawno\u015bci i&nbsp;opracowania \u201eOsoby z niepe\u0142nosprawno\u015bciami a wymiar sprawiedliwo\u015bci. Rekomendacje dla policji, stra\u017cy miejskiej, prokuratury, s\u0105du i organizacji pozarz\u0105dowych\u201d.<\/p>\n\n\n\n<p>W raciborskiej bibliotece Hanna Pasterny opowiedzia\u0142a o niezwyk\u0142ej przyja\u017ani, kt\u00f3ra \u0142\u0105czy j\u0105 z cierpi\u0105c\u0105 na zesp\u00f3\u0142 Aspergera Marion Hersh. Weganizm w czasach gdy nie by\u0142o to powszechne, restrykcyjne trzymanie si\u0119 zasad szabatu, wyg\u0142aszanie brutalnych prawd\u00a0\u00a0 \u2013opowie\u015bci Pani Hani roz\u0142adowuj\u0105 humorem trudne sytuacje, kt\u00f3re wynik\u0142y przy spotkaniu dw\u00f3ch r\u00f3\u017cnych osobowo\u015bci.\u00a0<\/p>\n\n\n\n<figure class=\"wp-block-gallery columns-2 is-cropped wp-block-gallery-1 is-layout-flex wp-block-gallery-is-layout-flex\"><ul class=\"blocks-gallery-grid\"><li class=\"blocks-gallery-item\"><figure><img loading=\"lazy\" decoding=\"async\" width=\"1024\" height=\"683\" src=\"https:\/\/slaskipegaz.bs.katowice.pl\/wp-content\/uploads\/2021\/12\/HP-01-IMG_9818m-1024x683.jpg\" alt=\"\" data-id=\"21247\" data-full-url=\"https:\/\/slaskipegaz.bs.katowice.pl\/wp-content\/uploads\/2021\/12\/HP-01-IMG_9818m.jpg\" data-link=\"https:\/\/slaskipegaz.bs.katowice.pl\/?attachment_id=21247\" class=\"wp-image-21247\" srcset=\"https:\/\/slaskipegaz.bs.katowice.pl\/wp-content\/uploads\/2021\/12\/HP-01-IMG_9818m-1024x683.jpg 1024w, https:\/\/slaskipegaz.bs.katowice.pl\/wp-content\/uploads\/2021\/12\/HP-01-IMG_9818m-300x200.jpg 300w, https:\/\/slaskipegaz.bs.katowice.pl\/wp-content\/uploads\/2021\/12\/HP-01-IMG_9818m-768x512.jpg 768w, https:\/\/slaskipegaz.bs.katowice.pl\/wp-content\/uploads\/2021\/12\/HP-01-IMG_9818m.jpg 1536w\" sizes=\"auto, (max-width: 1024px) 100vw, 1024px\" \/><\/figure><\/li><li class=\"blocks-gallery-item\"><figure><img loading=\"lazy\" decoding=\"async\" width=\"1024\" height=\"683\" src=\"https:\/\/slaskipegaz.bs.katowice.pl\/wp-content\/uploads\/2021\/12\/HP-07-IMG_9834m-1024x683.jpg\" alt=\"\" data-id=\"21248\" data-full-url=\"https:\/\/slaskipegaz.bs.katowice.pl\/wp-content\/uploads\/2021\/12\/HP-07-IMG_9834m.jpg\" data-link=\"https:\/\/slaskipegaz.bs.katowice.pl\/?attachment_id=21248\" class=\"wp-image-21248\" srcset=\"https:\/\/slaskipegaz.bs.katowice.pl\/wp-content\/uploads\/2021\/12\/HP-07-IMG_9834m-1024x683.jpg 1024w, https:\/\/slaskipegaz.bs.katowice.pl\/wp-content\/uploads\/2021\/12\/HP-07-IMG_9834m-300x200.jpg 300w, https:\/\/slaskipegaz.bs.katowice.pl\/wp-content\/uploads\/2021\/12\/HP-07-IMG_9834m-768x512.jpg 768w, https:\/\/slaskipegaz.bs.katowice.pl\/wp-content\/uploads\/2021\/12\/HP-07-IMG_9834m.jpg 1536w\" sizes=\"auto, (max-width: 1024px) 100vw, 1024px\" \/><\/figure><\/li><\/ul><\/figure>\n\n\n\n<p>Spotkanie zorganizowane w ramach projektu \u201eBiblioteka bez barier\u201d wsp\u00f3\u0142finansowanego ze \u015brodk\u00f3w Europejskiego Funduszu Spo\u0142ecznego w ramach Regionalnego Programu Operacyjnego Wojew\u00f3dztwa \u015al\u0105skiego na lata 2014-2020.<\/p>\n","protected":false},"excerpt":{"rendered":"<p>\u201eBia\u0142\u0105 lask\u0105 w stereotypy \u2013 Hanna Pasterny by\u0142a&nbsp; go\u015bciem raciborskiej biblioteki\u201d U\u015bmiechni\u0119ta, gotowa na nowe przygody i sypi\u0105ca dowcipami jak z r\u0119kawa \u2013 taka jest Hanna Pasterny. Zawsze gotowa pom\u00f3c innym, wra\u017cliwa na krzywd\u0119, walcz\u0105ca o dobro wykluczonych \u2013 to r\u00f3wnie\u017c Hanna Pasterny. 7 grudnia by\u0142a go\u015bciem raciborskiej biblioteki!<\/p>\n","protected":false},"author":3,"featured_media":0,"comment_status":"closed","ping_status":"closed","sticky":false,"template":"","format":"standard","meta":{"_acf_changed":false,"_exactmetrics_skip_tracking":false,"_exactmetrics_sitenote_active":false,"_exactmetrics_sitenote_note":"","_exactmetrics_sitenote_category":0,"footnotes":""},"categories":[2182],"tags":[2194,48,11],"class_list":["post-21245","post","type-post","status-publish","format-standard","hentry","category-nr-79-wrzesien-2021","tag-hanna-pasterny","tag-miejska-i-powiatowa-biblioteka-publiczna-w-raciborzu","tag-spotkanie-autorskie"],"acf":[],"jetpack_featured_media_url":"","_links":{"self":[{"href":"https:\/\/slaskipegaz.bs.katowice.pl\/index.php?rest_route=\/wp\/v2\/posts\/21245","targetHints":{"allow":["GET"]}}],"collection":[{"href":"https:\/\/slaskipegaz.bs.katowice.pl\/index.php?rest_route=\/wp\/v2\/posts"}],"about":[{"href":"https:\/\/slaskipegaz.bs.katowice.pl\/index.php?rest_route=\/wp\/v2\/types\/post"}],"author":[{"embeddable":true,"href":"https:\/\/slaskipegaz.bs.katowice.pl\/index.php?rest_route=\/wp\/v2\/users\/3"}],"replies":[{"embeddable":true,"href":"https:\/\/slaskipegaz.bs.katowice.pl\/index.php?rest_route=%2Fwp%2Fv2%2Fcomments&post=21245"}],"version-history":[{"count":1,"href":"https:\/\/slaskipegaz.bs.katowice.pl\/index.php?rest_route=\/wp\/v2\/posts\/21245\/revisions"}],"predecessor-version":[{"id":21249,"href":"https:\/\/slaskipegaz.bs.katowice.pl\/index.php?rest_route=\/wp\/v2\/posts\/21245\/revisions\/21249"}],"wp:attachment":[{"href":"https:\/\/slaskipegaz.bs.katowice.pl\/index.php?rest_route=%2Fwp%2Fv2%2Fmedia&parent=21245"}],"wp:term":[{"taxonomy":"category","embeddable":true,"href":"https:\/\/slaskipegaz.bs.katowice.pl\/index.php?rest_route=%2Fwp%2Fv2%2Fcategories&post=21245"},{"taxonomy":"post_tag","embeddable":true,"href":"https:\/\/slaskipegaz.bs.katowice.pl\/index.php?rest_route=%2Fwp%2Fv2%2Ftags&post=21245"}],"curies":[{"name":"wp","href":"https:\/\/api.w.org\/{rel}","templated":true}]}}