{"id":21271,"date":"2021-12-28T10:36:20","date_gmt":"2021-12-28T09:36:20","guid":{"rendered":"https:\/\/slaskipegaz.bs.katowice.pl\/?p=21271"},"modified":"2021-12-28T10:36:20","modified_gmt":"2021-12-28T09:36:20","slug":"relacja-miejska-i-powiatowa-biblioteka-publiczna-w-raciborzu-576","status":"publish","type":"post","link":"https:\/\/slaskipegaz.bs.katowice.pl\/?p=21271","title":{"rendered":"[Relacja] MIEJSKA I POWIATOWA BIBLIOTEKA PUBLICZNA W RACIBORZU"},"content":{"rendered":"\n<div class=\"wp-block-media-text alignwide is-stacked-on-mobile\"><figure class=\"wp-block-media-text__media\"><img loading=\"lazy\" decoding=\"async\" width=\"1024\" height=\"683\" src=\"https:\/\/slaskipegaz.bs.katowice.pl\/wp-content\/uploads\/2021\/12\/RZ-01-IMG_5158m-1024x683.jpg\" alt=\"\" class=\"wp-image-21272\" srcset=\"https:\/\/slaskipegaz.bs.katowice.pl\/wp-content\/uploads\/2021\/12\/RZ-01-IMG_5158m-1024x683.jpg 1024w, https:\/\/slaskipegaz.bs.katowice.pl\/wp-content\/uploads\/2021\/12\/RZ-01-IMG_5158m-300x200.jpg 300w, https:\/\/slaskipegaz.bs.katowice.pl\/wp-content\/uploads\/2021\/12\/RZ-01-IMG_5158m-768x512.jpg 768w, https:\/\/slaskipegaz.bs.katowice.pl\/wp-content\/uploads\/2021\/12\/RZ-01-IMG_5158m.jpg 1536w\" sizes=\"auto, (max-width: 1024px) 100vw, 1024px\" \/><\/figure><div class=\"wp-block-media-text__content\">\n<p>Razem wyrywali rzepk\u0119<\/p>\n\n\n\n<p>Mi\u0119dzynarodowy Dzie\u0144 G\u0142uchych to \u015bwi\u0119to obchodzone corocznie w ostatni\u0105 niedziel\u0119 wrze\u015bnia ustanowione w 1958 roku przez \u015awiatow\u0105 Federacj\u0119 G\u0142uchych. Wkr\u00f3tce obchody wyd\u0142u\u017cono do ca\u0142ego tygodnia. Celem \u015bwi\u0119ta jest zwr\u00f3cenie uwagi polityk\u00f3w, medi\u00f3w, spo\u0142ecze\u0144stwa na problemy os\u00f3b nies\u0142ysz\u0105cych na ca\u0142ym \u015bwiecie, na ich prawa, osi\u0105gni\u0119cia oraz obawy w&nbsp;codziennym \u017cyciu.<\/p>\n<\/div><\/div>\n\n\n\n<!--more-->\n\n\n\n<p>Z tej okazji EUREKA \u2013 Wypo\u017cyczalnia dla Dzieci i M\u0142odzie\u017cy raciborskiej biblioteki zaprosi\u0142a na zaj\u0119cia uczni\u00f3w klasy I &nbsp;Spo\u0142ecznej Szko\u0142y Podstawowej (\u201eDobra Szko\u0142a\u201d) oraz Specjalnego O\u015brodka Szkolno &#8211; Wychowawczego dla Nies\u0142ysz\u0105cych i S\u0142abos\u0142ysz\u0105cych w&nbsp;Raciborzu.<\/p>\n\n\n\n<p>Na uczestnik\u00f3w czeka\u0142a wsp\u00f3lna zabawa: przebieraj\u0105c si\u0119 za konkretn\u0105 posta\u0107 ka\u017cdy mia\u0142 okazj\u0119 wzi\u0105\u0107 udzia\u0142 w&nbsp;inscenizacji utworu \u201eRzepka\u201d Juliana Tuwima. Zanim jednak do tego dosz\u0142o wiersz zosta\u0142 przeczytany a nast\u0119pnie \u201eprzemigany\u201d, co spotka\u0142o si\u0119 z entuzjazmem ma\u0142ych aktor\u00f3w. Spotkanie zako\u0144czy\u0142a praca plastyczna &#8211; malowanie bohater\u00f3w przedstawianego wiersza.<\/p>\n\n\n\n<p>Po raz kolejny okaza\u0142o si\u0119, \u017ce dla dzieci nie istniej\u0105 \u017cadne bariery komunikacyjne. Spotkanie i\u00a0wsp\u00f3lna zabawa by\u0142y okazj\u0105 do poznania si\u0119 a tak\u017ce nauki podstawowych zwrot\u00f3w w j\u0119zyku migowym.<\/p>\n\n\n\n<figure class=\"wp-block-gallery columns-2 is-cropped wp-block-gallery-1 is-layout-flex wp-block-gallery-is-layout-flex\"><ul class=\"blocks-gallery-grid\"><li class=\"blocks-gallery-item\"><figure><img loading=\"lazy\" decoding=\"async\" width=\"1024\" height=\"683\" src=\"https:\/\/slaskipegaz.bs.katowice.pl\/wp-content\/uploads\/2021\/12\/RZ-07-IMG_5234m-1024x683.jpg\" alt=\"\" data-id=\"21273\" data-full-url=\"https:\/\/slaskipegaz.bs.katowice.pl\/wp-content\/uploads\/2021\/12\/RZ-07-IMG_5234m.jpg\" data-link=\"https:\/\/slaskipegaz.bs.katowice.pl\/?attachment_id=21273\" class=\"wp-image-21273\" srcset=\"https:\/\/slaskipegaz.bs.katowice.pl\/wp-content\/uploads\/2021\/12\/RZ-07-IMG_5234m-1024x683.jpg 1024w, https:\/\/slaskipegaz.bs.katowice.pl\/wp-content\/uploads\/2021\/12\/RZ-07-IMG_5234m-300x200.jpg 300w, https:\/\/slaskipegaz.bs.katowice.pl\/wp-content\/uploads\/2021\/12\/RZ-07-IMG_5234m-768x512.jpg 768w, https:\/\/slaskipegaz.bs.katowice.pl\/wp-content\/uploads\/2021\/12\/RZ-07-IMG_5234m.jpg 1536w\" sizes=\"auto, (max-width: 1024px) 100vw, 1024px\" \/><\/figure><\/li><li class=\"blocks-gallery-item\"><figure><img loading=\"lazy\" decoding=\"async\" width=\"1024\" height=\"683\" src=\"https:\/\/slaskipegaz.bs.katowice.pl\/wp-content\/uploads\/2021\/12\/RZ-11-IMG_5312m-1024x683.jpg\" alt=\"\" data-id=\"21274\" data-full-url=\"https:\/\/slaskipegaz.bs.katowice.pl\/wp-content\/uploads\/2021\/12\/RZ-11-IMG_5312m.jpg\" data-link=\"https:\/\/slaskipegaz.bs.katowice.pl\/?attachment_id=21274\" class=\"wp-image-21274\" srcset=\"https:\/\/slaskipegaz.bs.katowice.pl\/wp-content\/uploads\/2021\/12\/RZ-11-IMG_5312m-1024x683.jpg 1024w, https:\/\/slaskipegaz.bs.katowice.pl\/wp-content\/uploads\/2021\/12\/RZ-11-IMG_5312m-300x200.jpg 300w, https:\/\/slaskipegaz.bs.katowice.pl\/wp-content\/uploads\/2021\/12\/RZ-11-IMG_5312m-768x512.jpg 768w, https:\/\/slaskipegaz.bs.katowice.pl\/wp-content\/uploads\/2021\/12\/RZ-11-IMG_5312m.jpg 1536w\" sizes=\"auto, (max-width: 1024px) 100vw, 1024px\" \/><\/figure><\/li><\/ul><\/figure>\n\n\n\n<p>Nades\u0142a\u0142a: Miejska i Powiatowa Biblioteka Publiczna w Raciborzu<\/p>\n","protected":false},"excerpt":{"rendered":"<p>Razem wyrywali rzepk\u0119 Mi\u0119dzynarodowy Dzie\u0144 G\u0142uchych to \u015bwi\u0119to obchodzone corocznie w ostatni\u0105 niedziel\u0119 wrze\u015bnia ustanowione w 1958 roku przez \u015awiatow\u0105 Federacj\u0119 G\u0142uchych. Wkr\u00f3tce obchody wyd\u0142u\u017cono do ca\u0142ego tygodnia. Celem \u015bwi\u0119ta jest zwr\u00f3cenie uwagi polityk\u00f3w, medi\u00f3w, spo\u0142ecze\u0144stwa na problemy os\u00f3b nies\u0142ysz\u0105cych na ca\u0142ym \u015bwiecie, na ich prawa, osi\u0105gni\u0119cia oraz obawy w&nbsp;codziennym \u017cyciu.<\/p>\n","protected":false},"author":3,"featured_media":0,"comment_status":"closed","ping_status":"closed","sticky":false,"template":"","format":"standard","meta":{"_acf_changed":false,"_exactmetrics_skip_tracking":false,"_exactmetrics_sitenote_active":false,"_exactmetrics_sitenote_note":"","_exactmetrics_sitenote_category":0,"footnotes":""},"categories":[2182],"tags":[2195,48],"class_list":["post-21271","post","type-post","status-publish","format-standard","hentry","category-nr-79-wrzesien-2021","tag-miedzynarodowy-dzien-gluchych","tag-miejska-i-powiatowa-biblioteka-publiczna-w-raciborzu"],"acf":[],"jetpack_featured_media_url":"","_links":{"self":[{"href":"https:\/\/slaskipegaz.bs.katowice.pl\/index.php?rest_route=\/wp\/v2\/posts\/21271","targetHints":{"allow":["GET"]}}],"collection":[{"href":"https:\/\/slaskipegaz.bs.katowice.pl\/index.php?rest_route=\/wp\/v2\/posts"}],"about":[{"href":"https:\/\/slaskipegaz.bs.katowice.pl\/index.php?rest_route=\/wp\/v2\/types\/post"}],"author":[{"embeddable":true,"href":"https:\/\/slaskipegaz.bs.katowice.pl\/index.php?rest_route=\/wp\/v2\/users\/3"}],"replies":[{"embeddable":true,"href":"https:\/\/slaskipegaz.bs.katowice.pl\/index.php?rest_route=%2Fwp%2Fv2%2Fcomments&post=21271"}],"version-history":[{"count":1,"href":"https:\/\/slaskipegaz.bs.katowice.pl\/index.php?rest_route=\/wp\/v2\/posts\/21271\/revisions"}],"predecessor-version":[{"id":21275,"href":"https:\/\/slaskipegaz.bs.katowice.pl\/index.php?rest_route=\/wp\/v2\/posts\/21271\/revisions\/21275"}],"wp:attachment":[{"href":"https:\/\/slaskipegaz.bs.katowice.pl\/index.php?rest_route=%2Fwp%2Fv2%2Fmedia&parent=21271"}],"wp:term":[{"taxonomy":"category","embeddable":true,"href":"https:\/\/slaskipegaz.bs.katowice.pl\/index.php?rest_route=%2Fwp%2Fv2%2Fcategories&post=21271"},{"taxonomy":"post_tag","embeddable":true,"href":"https:\/\/slaskipegaz.bs.katowice.pl\/index.php?rest_route=%2Fwp%2Fv2%2Ftags&post=21271"}],"curies":[{"name":"wp","href":"https:\/\/api.w.org\/{rel}","templated":true}]}}