{"id":21333,"date":"2022-02-23T08:29:33","date_gmt":"2022-02-23T07:29:33","guid":{"rendered":"https:\/\/slaskipegaz.bs.katowice.pl\/?p=21333"},"modified":"2022-02-23T08:29:33","modified_gmt":"2022-02-23T07:29:33","slug":"zapowiedz-miejska-biblioteka-publiczna-w-sosnowcu-108","status":"publish","type":"post","link":"https:\/\/slaskipegaz.bs.katowice.pl\/?p=21333","title":{"rendered":"[Zapowied\u017a] MIEJSKA BIBLIOTEKA PUBLICZNA W SOSNOWCU"},"content":{"rendered":"\n<div class=\"wp-block-media-text alignwide is-stacked-on-mobile\" style=\"grid-template-columns:17% auto\"><figure class=\"wp-block-media-text__media\"><img loading=\"lazy\" decoding=\"async\" width=\"717\" height=\"1024\" src=\"https:\/\/slaskipegaz.bs.katowice.pl\/wp-content\/uploads\/2022\/02\/kantoch_pacha_spotkanie_plakat-717x1024.jpg\" alt=\"\" class=\"wp-image-21334\" srcset=\"https:\/\/slaskipegaz.bs.katowice.pl\/wp-content\/uploads\/2022\/02\/kantoch_pacha_spotkanie_plakat-717x1024.jpg 717w, https:\/\/slaskipegaz.bs.katowice.pl\/wp-content\/uploads\/2022\/02\/kantoch_pacha_spotkanie_plakat-210x300.jpg 210w, https:\/\/slaskipegaz.bs.katowice.pl\/wp-content\/uploads\/2022\/02\/kantoch_pacha_spotkanie_plakat-768x1097.jpg 768w, https:\/\/slaskipegaz.bs.katowice.pl\/wp-content\/uploads\/2022\/02\/kantoch_pacha_spotkanie_plakat.jpg 800w\" sizes=\"auto, (max-width: 717px) 100vw, 717px\" \/><\/figure><div class=\"wp-block-media-text__content\">\n<p>\u201eDwa spojrzenia \u2013 malarstwo\u201d \u2013 wystawa Roberta Ka\u0144tocha i Damiana Pachy<\/p>\n\n\n\n<p>Miejska Biblioteka Publiczna w Sosnowcu serdecznie zaprasza do zwiedzania wystawy malarstwa Roberta Ka\u0144tocha i Damiana Pachy &#8222;Dwa spojrzenia\u201d, w Galerii Zag\u0142\u0119biowskiej Mediateki w Sosnowcu (ul. Ko\u015bcielna 11). Wystawa b\u0119dzie udost\u0119pniana w dniach od 1 lutego do 12 marca 2022 w godzinach otwarcia plac\u00f3wki. Wst\u0119p wolny. Uwaga &#8211; w czwartek 24 lutego 2022 o godz. 18.00 serdecznie zapraszamy na midisa\u017c wystawy &#8211; oczywi\u015bcie &#8211; z udzia\u0142em Artyst\u00f3w.<\/p>\n<\/div><\/div>\n\n\n\n<!--more-->\n\n\n\n<p><strong>Robert Ka\u0144toch<\/strong> \u2013 Urodzi\u0142 si\u0119 24 maja 1976 r. w Rudzie \u015al\u0105skiej. W roku 1996 uko\u0144czy\u0142 Pa\u0144stwowe Liceum Sztuk Plastycznych w D\u0105browie G\u00f3rniczej. Jest absolwentem Wydzia\u0142u Grafiki katowickiej Akademii Sztuk Pi\u0119knych \u2013 Dyplom 2002. Obecnie pracuje jako nauczyciel w Zespole Szk\u00f3\u0142 Plastycznych w D\u0105browie G\u00f3rniczej, w kt\u00f3rym prowadzi zaj\u0119cia na specjalizacji projektowania graficznego. Jego pasj\u0105 s\u0105 fotografia i malarstwo. Realizuje prace w technice malarstwa olejnego i akrylowego.<\/p>\n\n\n\n<p><strong>Damian Pacha<\/strong> &#8211; Urodzony w Katowicach w 1970 r. Uko\u0144czy\u0142 Liceum Plastyczne w D\u0105browie G\u00f3rniczej w 1991 r. W 1993 uko\u0144czy\u0142 Studium Nauczycielskie w Katowicach. W latach 1993-1998 studiowa\u0142 malarstwo na Akademii Sztuk Pi\u0119knych w Krakowie. W roku 1997 otrzyma\u0142 miesi\u0119czne stypendium w Pary\u017cu. W 1998 otrzyma\u0142 dyplom z&nbsp; wyr\u00f3\u017cnieniem w pracowni prof. Jana Szancenbacha. W pracowni rysunku studiowa\u0142 u prof. Jana Orbitowskiego i prof. Andrzeja Kapusty.&nbsp; W latach 2000-2001 by\u0142 asystentem na Akademii Sztuk Pi\u0119knych w Krakowie na Wydziale Konserwacji Rze\u017aby i Malarstwa. Od 2003 pracuje jako nauczyciel rysunku i malarstwa w Zespole Szk\u00f3\u0142 Plastycznych w D\u0105browie G\u00f3rniczej. Uczestniczy\u0142 w&nbsp; 90 wystawach zbiorowych i 9 indywidualnych. Uczestniczy\u0142 w wielu plenerach krajowych i mi\u0119dzynarodowych. Laureat licznych nagr\u00f3d artystycznych. Zajmuje si\u0119 malarstwem, rysunkiem oraz kola\u017cem i&nbsp; fotografi\u0105.<\/p>\n\n\n\n<p>Wystawa udost\u0119pniana b\u0119dzie w Galerii Zag\u0142\u0119biowskiej Mediateki w terminie 1 lutego \u2013 12 marca 2022 &#8211; przed i w trakcie wszystkich wydarze\u0144 kulturalnych odbywaj\u0105cych si\u0119 w Auli. Osoby zainteresowane przyjrzeniem si\u0119 z bliska prezentowanym pracom w godzinach otwarcia Mediateki, ale nie podczas imprez kulturalnych, proszone s\u0105 o wcze\u015bniejszy kontakt z Informatorium Zag\u0142\u0119biowskiej Mediateki lub o zwr\u00f3cenie si\u0119 po pomoc w szatni.<\/p>\n\n\n\n<p>Uczestnicy wydarze\u0144 kulturalnych w Zag\u0142\u0119biowskiej Mediatece zobligowani s\u0105 do: dezynfekcji d\u0142oni natychmiast po wej\u015bciu do obiektu oraz podczas opuszczania obiektu, u\u017cywania maseczki ochronnej zakrywaj\u0105cej usta i nos od momentu wej\u015bcia do opuszczenia terenu MBP, zachowania dystansu 1,5 m podczas wej\u015bcia do obiektu, na korytarzach i w miejscach, w kt\u00f3rych organizowane s\u0105 imprezy.<\/p>\n\n\n\n<p>Wszystkich zainteresowanych otrzymywaniem regularnych informacji o ofercie Miejskiej Biblioteki Publicznej w Sosnowcu zach\u0119camy do zapisania si\u0119 do newslettera za po\u015brednictwem strony www.biblioteka.sosnowiec.pl i \u015bledzenia nas w mediach spo\u0142eczno\u015bciowych (Facebook, YouTube, Instagram, Twitter).<\/p>\n","protected":false},"excerpt":{"rendered":"<p>\u201eDwa spojrzenia \u2013 malarstwo\u201d \u2013 wystawa Roberta Ka\u0144tocha i Damiana Pachy Miejska Biblioteka Publiczna w Sosnowcu serdecznie zaprasza do zwiedzania wystawy malarstwa Roberta Ka\u0144tocha i Damiana Pachy &#8222;Dwa spojrzenia\u201d, w Galerii Zag\u0142\u0119biowskiej Mediateki w Sosnowcu (ul. Ko\u015bcielna 11). Wystawa b\u0119dzie udost\u0119pniana w dniach od 1 lutego do 12 marca 2022 w godzinach otwarcia plac\u00f3wki. Wst\u0119p &hellip; <a href=\"https:\/\/slaskipegaz.bs.katowice.pl\/?p=21333\" class=\"more-link\">Czytaj dalej <span class=\"screen-reader-text\">[Zapowied\u017a] MIEJSKA BIBLIOTEKA PUBLICZNA W SOSNOWCU<\/span> <span class=\"meta-nav\">&rarr;<\/span><\/a><\/p>\n","protected":false},"author":3,"featured_media":0,"comment_status":"closed","ping_status":"closed","sticky":false,"template":"","format":"standard","meta":{"_acf_changed":false,"_exactmetrics_skip_tracking":false,"_exactmetrics_sitenote_active":false,"_exactmetrics_sitenote_note":"","_exactmetrics_sitenote_category":0,"footnotes":""},"categories":[6],"tags":[146,24],"class_list":["post-21333","post","type-post","status-publish","format-standard","hentry","category-aktualnosci","tag-miejska-biblioteka-publiczna-w-sosnowcu","tag-wystawa"],"acf":[],"jetpack_featured_media_url":"","_links":{"self":[{"href":"https:\/\/slaskipegaz.bs.katowice.pl\/index.php?rest_route=\/wp\/v2\/posts\/21333","targetHints":{"allow":["GET"]}}],"collection":[{"href":"https:\/\/slaskipegaz.bs.katowice.pl\/index.php?rest_route=\/wp\/v2\/posts"}],"about":[{"href":"https:\/\/slaskipegaz.bs.katowice.pl\/index.php?rest_route=\/wp\/v2\/types\/post"}],"author":[{"embeddable":true,"href":"https:\/\/slaskipegaz.bs.katowice.pl\/index.php?rest_route=\/wp\/v2\/users\/3"}],"replies":[{"embeddable":true,"href":"https:\/\/slaskipegaz.bs.katowice.pl\/index.php?rest_route=%2Fwp%2Fv2%2Fcomments&post=21333"}],"version-history":[{"count":1,"href":"https:\/\/slaskipegaz.bs.katowice.pl\/index.php?rest_route=\/wp\/v2\/posts\/21333\/revisions"}],"predecessor-version":[{"id":21335,"href":"https:\/\/slaskipegaz.bs.katowice.pl\/index.php?rest_route=\/wp\/v2\/posts\/21333\/revisions\/21335"}],"wp:attachment":[{"href":"https:\/\/slaskipegaz.bs.katowice.pl\/index.php?rest_route=%2Fwp%2Fv2%2Fmedia&parent=21333"}],"wp:term":[{"taxonomy":"category","embeddable":true,"href":"https:\/\/slaskipegaz.bs.katowice.pl\/index.php?rest_route=%2Fwp%2Fv2%2Fcategories&post=21333"},{"taxonomy":"post_tag","embeddable":true,"href":"https:\/\/slaskipegaz.bs.katowice.pl\/index.php?rest_route=%2Fwp%2Fv2%2Ftags&post=21333"}],"curies":[{"name":"wp","href":"https:\/\/api.w.org\/{rel}","templated":true}]}}