{"id":21371,"date":"2022-08-16T11:16:00","date_gmt":"2022-08-16T09:16:00","guid":{"rendered":"https:\/\/slaskipegaz.bs.katowice.pl\/?p=21371"},"modified":"2022-08-16T11:25:49","modified_gmt":"2022-08-16T09:25:49","slug":"relacja-miejska-biblioteka-publiczna-w-czechowicach-dziedzicach-20","status":"publish","type":"post","link":"https:\/\/slaskipegaz.bs.katowice.pl\/?p=21371","title":{"rendered":"[Relacja] MIEJSKA BIBLIOTEKA PUBLICZNA W CZECHOWICACH-DZIEDZICACH"},"content":{"rendered":"\n<div class=\"wp-block-media-text alignwide is-stacked-on-mobile\"><figure class=\"wp-block-media-text__media\"><img loading=\"lazy\" decoding=\"async\" width=\"1024\" height=\"683\" src=\"https:\/\/slaskipegaz.bs.katowice.pl\/wp-content\/uploads\/2022\/08\/fot.-MBP-8-1024x683.jpg\" alt=\"\" class=\"wp-image-21379\" srcset=\"https:\/\/slaskipegaz.bs.katowice.pl\/wp-content\/uploads\/2022\/08\/fot.-MBP-8-1024x683.jpg 1024w, https:\/\/slaskipegaz.bs.katowice.pl\/wp-content\/uploads\/2022\/08\/fot.-MBP-8-300x200.jpg 300w, https:\/\/slaskipegaz.bs.katowice.pl\/wp-content\/uploads\/2022\/08\/fot.-MBP-8-768x512.jpg 768w, https:\/\/slaskipegaz.bs.katowice.pl\/wp-content\/uploads\/2022\/08\/fot.-MBP-8-1536x1025.jpg 1536w, https:\/\/slaskipegaz.bs.katowice.pl\/wp-content\/uploads\/2022\/08\/fot.-MBP-8.jpg 2048w\" sizes=\"auto, (max-width: 1024px) 100vw, 1024px\" \/><\/figure><div class=\"wp-block-media-text__content\">\n<p>Dzie\u0144 Bibliotekarza, obchodzony 8 maja, rozpocz\u0105\u0142 Og\u00f3lnopolski Tydzie\u0144 Bibliotek,&nbsp;kt\u00f3ry przebiega\u0142 pod has\u0142em \u201eBiblioteka \u2013 \u015bwiat w jednym miejscu\u201d. W Czechowicach-Dziedzicach ten tydzie\u0144 trwa\u0142 prawie 30 dni! W my\u015bl tegorocznego has\u0142a, postanowili\u015bmy udowodni\u0107 naszym czytelnikom, \u017ce w bibliotece znajd\u0105 wszystko, czego potrzebuj\u0105, przygotowuj\u0105c z tej okazji bogat\u0105 ofert\u0119 kulturalno-edukacyjn\u0105.<\/p>\n\n\n\n<p>Maj kojarzy si\u0119 wszystkim z pierwszymi cieplejszymi podmuchami wiosennego wiatru, kwitn\u0105cymi kasztanami i maturami. Nie ka\u017cdy jednak wie, \u017ce to r\u00f3wnie\u017c czas, w kt\u00f3rym szczeg\u00f3ln\u0105 uwag\u0119 po\u015bwi\u0119ca si\u0119 ksi\u0105\u017ckom, bibliotekom i bibliotekarzom. Czechowicka ksi\u0105\u017cnica mia\u0142a w tym roku wyj\u0105tkowy pow\u00f3d do \u015bwi\u0119towania. W organizowanym przez powiat bielski konkursie na najlepsz\u0105 bibliotek\u0119, zaj\u0119\u0142a pierwsze miejsce, ex aequo z Gminn\u0105 Bibliotek\u0105 Publiczn\u0105 w Buczkowicach. Ponadto Marzena Ga\u0142ecka, kierownik Dzia\u0142u Promocji MBP, otrzyma\u0142a tytu\u0142 bibliotekarza roku powiatu bielskiego. Wyr\u00f3\u017cnienie przyznano po raz pierwszy.<\/p>\n\n\n\n<!--more-->\n\n\n\n<p>Pierwsze spotkanie odby\u0142o si\u0119 ju\u017c 2 maja. W \u015brodku maj\u00f3wki zaprosili\u015bmy dzieci na wyj\u0105tkowy seans filmowy. Wsp\u00f3lnie obejrzeli\u015bmy \u201eOdlotow\u0105 przygod\u0119\u201d, zajadaj\u0105c si\u0119 popcornem. W sobot\u0119, 7 maja, w CH \u201eStara Kablownia\u201d, zorganizowali\u015bmy biblioteczne warsztaty, w ramach&nbsp; wieloletniej wsp\u00f3\u0142pracy. By\u0142o wsp\u00f3lne czytanie bajek, wykonywanie kolorowych motylk\u00f3w i du\u017co \u015bmiechu. 10 maja zaproszenie do biblioteki przyj\u0105\u0142 Dominik W\u00f3jcik z Urbex Team Extreme. Grupa ta, jak sami o sobie m\u00f3wi\u0105, zrzesza pozytywnie zakr\u0119conych ludzi, kt\u00f3rzy szukaj\u0105 przyg\u00f3d a przy tym odkrywaj\u0105 histori\u0119. Nasz go\u015b\u0107 \u2013 z zawodu dziennikarz, z zami\u0142owania eksplorator opuszczonych miejsc \u2013 prelekcj\u0105 \u201eCzarnobyl \u2013 fikcja a rzeczywisto\u015b\u0107\u201d, zabra\u0142 uczestnik\u00f3w spotkania w niezwyk\u0142\u0105 podr\u00f3\u017c do strefy wykluczenia. Dzie\u0144 p\u00f3\u017aniej, w bibliotecznej sali spotka\u0144 zawita\u0142 Fenek, kt\u00f3ry wraz ze swoim przyjacielem kotkiem Maksem, zafundowa\u0142 dzieciom solidn\u0105 porcj\u0119 dobrej zabawy. Kto dot\u0105d nie zna\u0142 przyg\u00f3d sympatycznego liska, zosta\u0142 wprowadzony do jego \u015bwiata i gwarantujemy, \u017ce pozostanie tam na d\u0142u\u017cej. Po spotkaniu odby\u0142o si\u0119 uroczyste wr\u0119czenie nagr\u00f3d laureatom konkursu, oczywi\u015bcie z Fenkiem w roli g\u0142\u00f3wnej, kt\u00f3ry na prze\u0142omie kwietnia i maja zorganizowa\u0142 Dzia\u0142 dla Dzieci i M\u0142odzie\u017cy. 12 maja mia\u0142a miejsce kolejna edycja \u201eWsp\u00f3lnego Czytania\u201d bab\u0107 i wnuk\u00f3w. W tym roku, chc\u0105c wynagrodzi\u0107 uczestnikom dwuletni\u0105 przerw\u0119 spowodowan\u0105 pandemicznymi obostrzeniami, wydarzenie wzbogaci\u0142y eko-warsztaty. Dzieci nada\u0142y drugie \u017cycie przyniesionym z domu koszulkom, maluj\u0105c indywidualne wzory specjalnymi pisakami do tkaniny oraz ozdabiaj\u0105c je kwiatami z guzik\u00f3w czy wst\u0105\u017ckowymi kokardami. Nie zabrak\u0142o oczywi\u015bcie s\u0142odkiego \u201eco nieco\u201d. Na pami\u0105tk\u0119 tradycyjnie wr\u0119czono ksi\u0105\u017cki, by kontynuowa\u0107 dobr\u0105 praktyk\u0119 rodzinnego czytania. Takie same eko-warsztaty zorganizowano r\u00f3wnie\u017c dla trzech uczennic ze Szko\u0142y Podstawowej Nr 2 im. Kr\u00f3lowej Jadwigi, kt\u00f3re wraz ze swoj\u0105 wychowawczyni\u0105, realizowa\u0142y projekt w ramach programu edukacyjnego \u201eLiga Naukowa z Lotosem \u2013 Zdolni z Czechowic-Dziedzic. Gminy z Zapa\u0142em 2021-2022\u201d, a jego motywem przewodnim by\u0142a ideologia zero waste. W pi\u0105tek 13 maja, odby\u0142 si\u0119 wyk\u0142ad dla S\u0142uchaczy \u201eAkademii Pi\u0119knego Czasu\u201d pn. \u201eZdrowy kr\u0119gos\u0142up\u201d, podczas kt\u00f3rego prof. Izabela Zaj\u0105c-Gawlak, z Akademii Wychowania Fizycznego w Katowicach, przedstawi\u0142a solidn\u0105 gar\u015b\u0107 informacji na temat tego, jak przeciwdzia\u0142a\u0107 b\u00f3lom kr\u0119gos\u0142upa, w my\u015bl zasady, \u017ce lepiej zapobiega\u0107 ni\u017c leczy\u0107. Nie zabrak\u0142o r\u00f3wnie\u017c prezentacji wykorzystania wiedzy w praktyce, tzn. instrukta\u017cu prostych \u0107wicze\u0144, kt\u00f3re wykonywane regularnie mog\u0105 zdzia\u0142a\u0107 cuda.&nbsp; W sobotnie przedpo\u0142udnie 14 maja, biblioteczna kuchnia wype\u0142ni\u0142a si\u0119 ma\u0142ymi kandydatami na szef\u00f3w kuchni, kt\u00f3rzy pod czujnym okiem Dawida Lizaka i Weroniki Staszewskiej-Lizak, wzi\u0119li udzia\u0142 w warsztatach kulinarnych. Efektem zaj\u0119\u0107,<br>opr\u00f3cz wype\u0142niaj\u0105cych korytarze zapach\u00f3w, by\u0142y mini-pizze i owocowe deserki. Potrawy zosta\u0142y zdegustowane zaraz po przygotowaniu. W kolejnym tygodniu nie zabrak\u0142o atrakcji. Poniedzia\u0142ek rozpocz\u0105\u0142 si\u0119 Porankiem z Dzia\u0142em Audiowizualnym, a jego bohaterami by\u0142y koty i s\u0142oneczniki. W \u015brod\u0119 zaprosili\u015bmy czytelnik\u00f3w na kaw\u0119 z Hann\u0105 Gre\u0144. W pi\u0105tek z kolei S\u0142uchacze Akademii wzi\u0119li udzia\u0142 w wyk\u0142adzie Ma\u0142gorzaty Firlejczyk \u201eWakacyjne destynacje, czyli gdzie pojecha\u0107 na wymarzony urlop\u201d. Spotkanie rozbudzi\u0142o apetyt na podr\u00f3\u017cowanie. Byle do lata! Dla najm\u0142odszych zorganizowano warsztaty artystyczne z cyklu \u201eDzieci\u0119ca Manufaktura\u201d, podczas kt\u00f3rych wykonano kartki na Dzie\u0144 Matki metod\u0105 Iris Folding. Ponadto w maju odby\u0142y si\u0119 dwa spotkania dla mi\u0142o\u015bnik\u00f3w czytania.&nbsp;W ramach dzieci\u0119cej ods\u0142ony Dyskusyjnego Klubu Ksi\u0105\u017cki rozmawiano o pozycji Grzegorza Kasdepke pt. \u201eDetektyw Pozytywka\u201d. Doro\u015bli uczestnicy Dyskusyjnego Klubu Ksi\u0105\u017cki wymieniali si\u0119 uwagami&nbsp;na temat \u201eSta\u017cystki\u201d Alicji Sinickiej. W \u015bwi\u0105tecznej ofercie nie zapomniano o go\u015bciach z Ukrainy. Dzieci wzi\u0119\u0142y udzia\u0142 w integracyjnych warsztatach plastycznych, na kt\u00f3rych razem ze swoimi polskimi kolegami, wykona\u0142y chmurkowe karuzele z filcu. Dla dzieci i doros\u0142ych zorganizowano \u201eWsp\u00f3lne czytanie\u201d ksi\u0105\u017cek po polsku i ukrai\u0144sku, po\u0142\u0105czone z mini-warsztatami \u2013 ozdabiano torby na ksi\u0105\u017cki. Przez ca\u0142y miesi\u0105c maj w bibliotecznej galerii mo\u017cna by\u0142o zwiedza\u0107 dwie wystawy \u2013 wystaw\u0119 fotografii Agnieszki Tomiczek pt. \u201eZatraconych \u015bwiat\u00f3w okruchy\u201d oraz wystaw\u0119 \u201eDrzewa\u201d z Wydawnictwa \u201eDwie Siostry\u201d. Adresatami pierwszej by\u0142y osoby doros\u0142e, drugiej \u2013 dzieci. Atrakcyjne spotkania odbywa\u0142y si\u0119 nie tylko w Bibliotece G\u0142\u00f3wnej. Filia nr 7 zaprosi\u0142a swoich ma\u0142ych czytelnik\u00f3w do udzia\u0142u w grze terenowej \u201eCa\u0142y \u015bwiat\u2026 w bibliotece\u201d, nawi\u0105zuj\u0105cej do tematu przewodniego Tygodnia Bibliotek, zorganizowa\u0142a konkurs dla Anglomaniak\u00f3w oraz zaprosi\u0142a do wkroczenia w \u015bwiat dawnych i wsp\u00f3\u0142czesnych bajek. W majowej ods\u0142onie zaprezentowa\u0142 si\u0119 tak\u017ce biblioteczny Facebook, prezentuj\u0105c posty, kt\u00f3rych zadaniem by\u0142o udowodni\u0107, \u017ce Biblioteka XXI wieku to miejsce, gdzie wszystko, czego potrzebujemy, jest na wyci\u0105gni\u0119cie r\u0119ki \u2013 odpowiedzi na nurtuj\u0105ce nas pytania, nowe umiej\u0119tno\u015bci, relacje mi\u0119dzyludzkie, pomoc, wsparcie, sposoby na sp\u0119dzenie wolnego czasu, muzyka, film, podr\u00f3\u017ce i informacje. Jednym s\u0142owem, zgodnie z za\u0142o\u017ceniem przes\u0142ania XIX Tygodnia Bibliotek, to \u015bwiat w pigu\u0142ce!<\/p>\n\n\n\n<p>Emocje po majowym szale\u0144stwie jeszcze nie opad\u0142y, a my ju\u017c mamy g\u0142owy pe\u0142ne pomys\u0142\u00f3w&nbsp;i intensywnie pracujemy nad ofert\u0105 wakacyjn\u0105! Zapraszamy do \u015bledzenia naszej strony www&nbsp;i facebookowego profilu. W planach warsztaty dla ma\u0142ych (domki dla owad\u00f3w, patchworkowe obrazy, las w s\u0142oiku) i du\u017cych (malowanie talerzy), filmowe poranki dla dzieci, spotkanie podr\u00f3\u017cnicze&nbsp;dla doros\u0142ych, rodzinna gra terenowa i relaks na le\u017cakach z Beat\u0105 Majewsk\u0105! Szczeg\u00f3\u0142y ju\u017c wkr\u00f3tce. Nie ma jednak w\u0105tpliwo\u015bci, \u017ce b\u0119dzie si\u0119 dzia\u0142o i to nie ma\u0142o!<\/p>\n\n\n\n<p>Magdalena Wygoda (MBP)<\/p>\n<\/div><\/div>\n\n\n\n<figure class=\"wp-block-gallery columns-3 is-cropped wp-block-gallery-1 is-layout-flex wp-block-gallery-is-layout-flex\"><ul class=\"blocks-gallery-grid\"><li class=\"blocks-gallery-item\"><figure><img loading=\"lazy\" decoding=\"async\" width=\"762\" height=\"1024\" src=\"https:\/\/slaskipegaz.bs.katowice.pl\/wp-content\/uploads\/2022\/08\/fot.-MBP-7-762x1024.jpg\" alt=\"\" data-id=\"21378\" data-full-url=\"https:\/\/slaskipegaz.bs.katowice.pl\/wp-content\/uploads\/2022\/08\/fot.-MBP-7.jpg\" data-link=\"https:\/\/slaskipegaz.bs.katowice.pl\/?attachment_id=21378\" class=\"wp-image-21378\" srcset=\"https:\/\/slaskipegaz.bs.katowice.pl\/wp-content\/uploads\/2022\/08\/fot.-MBP-7-762x1024.jpg 762w, https:\/\/slaskipegaz.bs.katowice.pl\/wp-content\/uploads\/2022\/08\/fot.-MBP-7-223x300.jpg 223w, https:\/\/slaskipegaz.bs.katowice.pl\/wp-content\/uploads\/2022\/08\/fot.-MBP-7-768x1032.jpg 768w, https:\/\/slaskipegaz.bs.katowice.pl\/wp-content\/uploads\/2022\/08\/fot.-MBP-7-1143x1536.jpg 1143w, https:\/\/slaskipegaz.bs.katowice.pl\/wp-content\/uploads\/2022\/08\/fot.-MBP-7.jpg 1488w\" sizes=\"auto, (max-width: 762px) 100vw, 762px\" \/><\/figure><\/li><li class=\"blocks-gallery-item\"><figure><img loading=\"lazy\" decoding=\"async\" width=\"768\" height=\"1024\" src=\"https:\/\/slaskipegaz.bs.katowice.pl\/wp-content\/uploads\/2022\/08\/fot.-MBP-6-768x1024.jpg\" alt=\"\" data-id=\"21377\" data-full-url=\"https:\/\/slaskipegaz.bs.katowice.pl\/wp-content\/uploads\/2022\/08\/fot.-MBP-6.jpg\" data-link=\"https:\/\/slaskipegaz.bs.katowice.pl\/?attachment_id=21377\" class=\"wp-image-21377\" srcset=\"https:\/\/slaskipegaz.bs.katowice.pl\/wp-content\/uploads\/2022\/08\/fot.-MBP-6-768x1024.jpg 768w, https:\/\/slaskipegaz.bs.katowice.pl\/wp-content\/uploads\/2022\/08\/fot.-MBP-6-225x300.jpg 225w, https:\/\/slaskipegaz.bs.katowice.pl\/wp-content\/uploads\/2022\/08\/fot.-MBP-6-1152x1536.jpg 1152w, https:\/\/slaskipegaz.bs.katowice.pl\/wp-content\/uploads\/2022\/08\/fot.-MBP-6.jpg 1536w\" sizes=\"auto, (max-width: 768px) 100vw, 768px\" \/><\/figure><\/li><li class=\"blocks-gallery-item\"><figure><img loading=\"lazy\" decoding=\"async\" width=\"766\" height=\"1024\" src=\"https:\/\/slaskipegaz.bs.katowice.pl\/wp-content\/uploads\/2022\/08\/fot.-MBP-5-766x1024.jpg\" alt=\"\" data-id=\"21376\" data-full-url=\"https:\/\/slaskipegaz.bs.katowice.pl\/wp-content\/uploads\/2022\/08\/fot.-MBP-5.jpg\" data-link=\"https:\/\/slaskipegaz.bs.katowice.pl\/?attachment_id=21376\" class=\"wp-image-21376\" srcset=\"https:\/\/slaskipegaz.bs.katowice.pl\/wp-content\/uploads\/2022\/08\/fot.-MBP-5-766x1024.jpg 766w, https:\/\/slaskipegaz.bs.katowice.pl\/wp-content\/uploads\/2022\/08\/fot.-MBP-5-224x300.jpg 224w, https:\/\/slaskipegaz.bs.katowice.pl\/wp-content\/uploads\/2022\/08\/fot.-MBP-5-768x1027.jpg 768w, https:\/\/slaskipegaz.bs.katowice.pl\/wp-content\/uploads\/2022\/08\/fot.-MBP-5-1148x1536.jpg 1148w, https:\/\/slaskipegaz.bs.katowice.pl\/wp-content\/uploads\/2022\/08\/fot.-MBP-5.jpg 1531w\" sizes=\"auto, (max-width: 766px) 100vw, 766px\" \/><\/figure><\/li><li class=\"blocks-gallery-item\"><figure><img loading=\"lazy\" decoding=\"async\" width=\"1024\" height=\"769\" src=\"https:\/\/slaskipegaz.bs.katowice.pl\/wp-content\/uploads\/2022\/08\/fot.-MBP-4-1024x769.jpg\" alt=\"\" data-id=\"21375\" data-full-url=\"https:\/\/slaskipegaz.bs.katowice.pl\/wp-content\/uploads\/2022\/08\/fot.-MBP-4.jpg\" data-link=\"https:\/\/slaskipegaz.bs.katowice.pl\/?attachment_id=21375\" class=\"wp-image-21375\" srcset=\"https:\/\/slaskipegaz.bs.katowice.pl\/wp-content\/uploads\/2022\/08\/fot.-MBP-4-1024x769.jpg 1024w, https:\/\/slaskipegaz.bs.katowice.pl\/wp-content\/uploads\/2022\/08\/fot.-MBP-4-300x225.jpg 300w, https:\/\/slaskipegaz.bs.katowice.pl\/wp-content\/uploads\/2022\/08\/fot.-MBP-4-768x577.jpg 768w, https:\/\/slaskipegaz.bs.katowice.pl\/wp-content\/uploads\/2022\/08\/fot.-MBP-4-1536x1154.jpg 1536w, https:\/\/slaskipegaz.bs.katowice.pl\/wp-content\/uploads\/2022\/08\/fot.-MBP-4.jpg 2048w\" sizes=\"auto, (max-width: 1024px) 100vw, 1024px\" \/><\/figure><\/li><li class=\"blocks-gallery-item\"><figure><img loading=\"lazy\" decoding=\"async\" width=\"766\" height=\"1024\" src=\"https:\/\/slaskipegaz.bs.katowice.pl\/wp-content\/uploads\/2022\/08\/fot.-MBP-3-766x1024.jpg\" alt=\"\" data-id=\"21374\" data-full-url=\"https:\/\/slaskipegaz.bs.katowice.pl\/wp-content\/uploads\/2022\/08\/fot.-MBP-3.jpg\" data-link=\"https:\/\/slaskipegaz.bs.katowice.pl\/?attachment_id=21374\" class=\"wp-image-21374\" srcset=\"https:\/\/slaskipegaz.bs.katowice.pl\/wp-content\/uploads\/2022\/08\/fot.-MBP-3-766x1024.jpg 766w, https:\/\/slaskipegaz.bs.katowice.pl\/wp-content\/uploads\/2022\/08\/fot.-MBP-3-224x300.jpg 224w, https:\/\/slaskipegaz.bs.katowice.pl\/wp-content\/uploads\/2022\/08\/fot.-MBP-3-768x1027.jpg 768w, https:\/\/slaskipegaz.bs.katowice.pl\/wp-content\/uploads\/2022\/08\/fot.-MBP-3-1148x1536.jpg 1148w, https:\/\/slaskipegaz.bs.katowice.pl\/wp-content\/uploads\/2022\/08\/fot.-MBP-3.jpg 1531w\" sizes=\"auto, (max-width: 766px) 100vw, 766px\" \/><\/figure><\/li><li class=\"blocks-gallery-item\"><figure><img loading=\"lazy\" decoding=\"async\" width=\"766\" height=\"1024\" src=\"https:\/\/slaskipegaz.bs.katowice.pl\/wp-content\/uploads\/2022\/08\/fot.-MBP-2-766x1024.jpg\" alt=\"\" data-id=\"21373\" data-full-url=\"https:\/\/slaskipegaz.bs.katowice.pl\/wp-content\/uploads\/2022\/08\/fot.-MBP-2.jpg\" data-link=\"https:\/\/slaskipegaz.bs.katowice.pl\/?attachment_id=21373\" class=\"wp-image-21373\" srcset=\"https:\/\/slaskipegaz.bs.katowice.pl\/wp-content\/uploads\/2022\/08\/fot.-MBP-2-766x1024.jpg 766w, https:\/\/slaskipegaz.bs.katowice.pl\/wp-content\/uploads\/2022\/08\/fot.-MBP-2-224x300.jpg 224w, https:\/\/slaskipegaz.bs.katowice.pl\/wp-content\/uploads\/2022\/08\/fot.-MBP-2-768x1027.jpg 768w, https:\/\/slaskipegaz.bs.katowice.pl\/wp-content\/uploads\/2022\/08\/fot.-MBP-2-1148x1536.jpg 1148w, https:\/\/slaskipegaz.bs.katowice.pl\/wp-content\/uploads\/2022\/08\/fot.-MBP-2.jpg 1531w\" sizes=\"auto, (max-width: 766px) 100vw, 766px\" \/><\/figure><\/li><\/ul><\/figure>\n","protected":false},"excerpt":{"rendered":"<p>Dzie\u0144 Bibliotekarza, obchodzony 8 maja, rozpocz\u0105\u0142 Og\u00f3lnopolski Tydzie\u0144 Bibliotek,&nbsp;kt\u00f3ry przebiega\u0142 pod has\u0142em \u201eBiblioteka \u2013 \u015bwiat w jednym miejscu\u201d. W Czechowicach-Dziedzicach ten tydzie\u0144 trwa\u0142 prawie 30 dni! W my\u015bl tegorocznego has\u0142a, postanowili\u015bmy udowodni\u0107 naszym czytelnikom, \u017ce w bibliotece znajd\u0105 wszystko, czego potrzebuj\u0105, przygotowuj\u0105c z tej okazji bogat\u0105 ofert\u0119 kulturalno-edukacyjn\u0105. Maj kojarzy si\u0119 wszystkim z pierwszymi cieplejszymi &hellip; <a href=\"https:\/\/slaskipegaz.bs.katowice.pl\/?p=21371\" class=\"more-link\">Czytaj dalej <span class=\"screen-reader-text\">[Relacja] MIEJSKA BIBLIOTEKA PUBLICZNA W CZECHOWICACH-DZIEDZICACH<\/span> <span class=\"meta-nav\">&rarr;<\/span><\/a><\/p>\n","protected":false},"author":2,"featured_media":0,"comment_status":"closed","ping_status":"closed","sticky":false,"template":"","format":"standard","meta":{"_acf_changed":false,"_exactmetrics_skip_tracking":false,"_exactmetrics_sitenote_active":false,"_exactmetrics_sitenote_note":"","_exactmetrics_sitenote_category":0,"footnotes":""},"categories":[6,2199],"tags":[],"class_list":["post-21371","post","type-post","status-publish","format-standard","hentry","category-aktualnosci","category-nr-80-2022"],"acf":[],"jetpack_featured_media_url":"","_links":{"self":[{"href":"https:\/\/slaskipegaz.bs.katowice.pl\/index.php?rest_route=\/wp\/v2\/posts\/21371","targetHints":{"allow":["GET"]}}],"collection":[{"href":"https:\/\/slaskipegaz.bs.katowice.pl\/index.php?rest_route=\/wp\/v2\/posts"}],"about":[{"href":"https:\/\/slaskipegaz.bs.katowice.pl\/index.php?rest_route=\/wp\/v2\/types\/post"}],"author":[{"embeddable":true,"href":"https:\/\/slaskipegaz.bs.katowice.pl\/index.php?rest_route=\/wp\/v2\/users\/2"}],"replies":[{"embeddable":true,"href":"https:\/\/slaskipegaz.bs.katowice.pl\/index.php?rest_route=%2Fwp%2Fv2%2Fcomments&post=21371"}],"version-history":[{"count":3,"href":"https:\/\/slaskipegaz.bs.katowice.pl\/index.php?rest_route=\/wp\/v2\/posts\/21371\/revisions"}],"predecessor-version":[{"id":21383,"href":"https:\/\/slaskipegaz.bs.katowice.pl\/index.php?rest_route=\/wp\/v2\/posts\/21371\/revisions\/21383"}],"wp:attachment":[{"href":"https:\/\/slaskipegaz.bs.katowice.pl\/index.php?rest_route=%2Fwp%2Fv2%2Fmedia&parent=21371"}],"wp:term":[{"taxonomy":"category","embeddable":true,"href":"https:\/\/slaskipegaz.bs.katowice.pl\/index.php?rest_route=%2Fwp%2Fv2%2Fcategories&post=21371"},{"taxonomy":"post_tag","embeddable":true,"href":"https:\/\/slaskipegaz.bs.katowice.pl\/index.php?rest_route=%2Fwp%2Fv2%2Ftags&post=21371"}],"curies":[{"name":"wp","href":"https:\/\/api.w.org\/{rel}","templated":true}]}}