{"id":21389,"date":"2022-09-14T10:01:31","date_gmt":"2022-09-14T08:01:31","guid":{"rendered":"https:\/\/slaskipegaz.bs.katowice.pl\/?p=21389"},"modified":"2022-09-14T10:01:31","modified_gmt":"2022-09-14T08:01:31","slug":"zapowiedz-miejska-biblioteka-publiczna-w-gliwicach-12","status":"publish","type":"post","link":"https:\/\/slaskipegaz.bs.katowice.pl\/?p=21389","title":{"rendered":"[Zapowied\u017a] MIEJSKA BIBLIOTEKA PUBLICZNA W GLIWICACH"},"content":{"rendered":"\n<div class=\"wp-block-media-text alignwide is-stacked-on-mobile\"><figure class=\"wp-block-media-text__media\"><img loading=\"lazy\" decoding=\"async\" width=\"1024\" height=\"632\" src=\"https:\/\/slaskipegaz.bs.katowice.pl\/wp-content\/uploads\/2022\/09\/HACZYK_2022_baner_1300x800-1024x632.jpg\" alt=\"\" class=\"wp-image-21390\" srcset=\"https:\/\/slaskipegaz.bs.katowice.pl\/wp-content\/uploads\/2022\/09\/HACZYK_2022_baner_1300x800-1024x632.jpg 1024w, https:\/\/slaskipegaz.bs.katowice.pl\/wp-content\/uploads\/2022\/09\/HACZYK_2022_baner_1300x800-300x185.jpg 300w, https:\/\/slaskipegaz.bs.katowice.pl\/wp-content\/uploads\/2022\/09\/HACZYK_2022_baner_1300x800-768x474.jpg 768w, https:\/\/slaskipegaz.bs.katowice.pl\/wp-content\/uploads\/2022\/09\/HACZYK_2022_baner_1300x800.jpg 1302w\" sizes=\"auto, (max-width: 1024px) 100vw, 1024px\" \/><\/figure><div class=\"wp-block-media-text__content\">\n<p>Haczyk \u2013 gliwickie spotkania literackie, edycja 2022<\/p>\n\n\n\n<p>Nietuzinkowe postacie i ich oryginalna tw\u00f3rczo\u015b\u0107 na r\u00f3\u017cnych polach. Sylwetki ludzi goszcz\u0105cych na pierwszych stronach gazet, ale te\u017c tych, kt\u00f3rych istnienie ocalono od zapomnienia. Miejsca b\u0119d\u0105ce \u015bwiadkami epokowych wydarze\u0144, kt\u00f3rych historia staje si\u0119 kluczem do zrozumienia naszej to\u017csamo\u015bci. Literacka jesie\u0144 w Gliwicach zbli\u017ca si\u0119 wielkimi krokami.<\/p>\n<\/div><\/div>\n\n\n\n<!--more-->\n\n\n\n<p>Od wrze\u015bnia do listopada Miejska Biblioteka Publiczna w Gliwicach realizowa\u0107 b\u0119dzie kolejn\u0105, pi\u0105t\u0105 ju\u017c ods\u0142on\u0119 festiwalu \u201eHaczyk \u2013 gliwickie spotkania literackie\u201d. Po kryminale, reporta\u017cu, literaturze fantastycznej i podr\u00f3\u017cniczej przysz\u0142a pora na biografie.<\/p>\n\n\n\n<p>Wraz z zaproszonymi go\u015b\u0107mi porozmawiamy nie tylko o \u017cyciorysach wybitnych postaci, kt\u00f3re zapisa\u0142y si\u0119 w anna\u0142ach, ale r\u00f3wnie\u017c biografiach miejsc \u2013 przestrzeni, miast, kraj\u00f3w, za kt\u00f3rymi kryj\u0105 si\u0119, cz\u0119sto nieznane szerszej publiczno\u015bci, fakty. Ponadto postawimy na podkre\u015blenie lokalnej historii. Mobilna gra miejska w aplikacji ActionTrack, spacery po mie\u015bcie z Ew\u0105 Pokorsk\u0105-O\u017c\u00f3g, miejskim konserwatorem zabytk\u00f3w i spotkanie z Bogus\u0142awem Traczem, historykiem badaj\u0105cym dzieje Gliwic pozwoli mieszka\u0144com na lepsze poznanie \u201ema\u0142ej ojczyzny\u201d, a dla dzieci i m\u0142odzie\u017cy b\u0119dzie szans\u0105 na udzia\u0142 w&nbsp;nieszablonowej lekcji historii.<\/p>\n\n\n\n<p>Na \u201eBiografie (nie)oczywiste\u201d z\u0142o\u017c\u0105 si\u0119 przede wszystkim spotkania autorskie. Tym razem w progach biblioteki i instytucji wsp\u00f3\u0142pracuj\u0105cych go\u015bci\u0107 b\u0119dziemy m. in.: Ann\u0119 Bikont, Magdalen\u0119 Grzeba\u0142kowsk\u0105, Ludwik\u0119 W\u0142odek i Filipa Springera. Najm\u0142odsi czytelnicy b\u0119d\u0105 mieli okazj\u0119 do poznania Barbary Gawryluk i \u0141ukasza D\u0119bskiego. Spotkania wok\u00f3\u0142 literatury wzbogacone zostan\u0105 o panel dyskusyjny \u201eJak opisa\u0107 \u017cycie i czyta\u0107 o miejscach\u201d, podczas kt\u00f3rego Marcel Wo\u017aniak porozmawia z\u00a0Karolin\u0105 Sulej i Monik\u0105 \u015aliwi\u0144sk\u0105 o warsztacie biografa i reportera. W programie znajdzie si\u0119 r\u00f3wnie\u017c pokaz filmu dokumentalnego \u201eW cieniu Everestu\u201d po\u0142\u0105czonego ze spotkaniem z biografk\u0105 Wandy Rutkiewicz, Ann\u0105 Kami\u0144sk\u0105. <\/p>\n\n\n\n<p>Podobnie jak w poprzednich edycjach temat przewodni umiejscowimy w\u00a0szerokim kontek\u015bcie nie tylko literackim, ale te\u017c artystycznym. Przez dwa miesi\u0105ce trwania festiwalu prezentowa\u0107 b\u0119dziemy wystawy fotografii portretowej oraz krajobrazowej. Jak co roku zaprosimy gliwiczan na szereg interesuj\u0105cych warsztat\u00f3w. W\u015br\u00f3d nich znajd\u0105 warsztaty z animacji poklatkowej, karykatury, pisania dziennik\u00f3w i wspomnie\u0144 oraz tworzenia fabu\u0142 gier na podstawie biografii historycznych.<\/p>\n\n\n\n<div class=\"wp-block-media-text alignwide is-stacked-on-mobile\" style=\"grid-template-columns:21% auto\"><figure class=\"wp-block-media-text__media\"><img loading=\"lazy\" decoding=\"async\" width=\"1024\" height=\"424\" src=\"https:\/\/slaskipegaz.bs.katowice.pl\/wp-content\/uploads\/2021\/11\/MKiDN_kolor-1024x424.jpg\" alt=\"\" class=\"wp-image-21160\" srcset=\"https:\/\/slaskipegaz.bs.katowice.pl\/wp-content\/uploads\/2021\/11\/MKiDN_kolor-1024x424.jpg 1024w, https:\/\/slaskipegaz.bs.katowice.pl\/wp-content\/uploads\/2021\/11\/MKiDN_kolor-300x124.jpg 300w, https:\/\/slaskipegaz.bs.katowice.pl\/wp-content\/uploads\/2021\/11\/MKiDN_kolor-768x318.jpg 768w, https:\/\/slaskipegaz.bs.katowice.pl\/wp-content\/uploads\/2021\/11\/MKiDN_kolor.jpg 1200w\" sizes=\"auto, (max-width: 1024px) 100vw, 1024px\" \/><\/figure><div class=\"wp-block-media-text__content\">\n<p class=\"has-medium-font-size\">Projekt \u201eHaczyk \u2013 gliwickie spotkania literackie\u201d zosta\u0142 dofinansowany ze \u015brodk\u00f3w Ministerstwa Kultury i Dziedzictwa Narodowego pochodz\u0105cych z Funduszu Promocji Kultury.<\/p>\n<\/div><\/div>\n","protected":false},"excerpt":{"rendered":"<p>Haczyk \u2013 gliwickie spotkania literackie, edycja 2022 Nietuzinkowe postacie i ich oryginalna tw\u00f3rczo\u015b\u0107 na r\u00f3\u017cnych polach. Sylwetki ludzi goszcz\u0105cych na pierwszych stronach gazet, ale te\u017c tych, kt\u00f3rych istnienie ocalono od zapomnienia. Miejsca b\u0119d\u0105ce \u015bwiadkami epokowych wydarze\u0144, kt\u00f3rych historia staje si\u0119 kluczem do zrozumienia naszej to\u017csamo\u015bci. Literacka jesie\u0144 w Gliwicach zbli\u017ca si\u0119 wielkimi krokami.<\/p>\n","protected":false},"author":3,"featured_media":0,"comment_status":"closed","ping_status":"closed","sticky":false,"template":"","format":"standard","meta":{"_acf_changed":false,"_exactmetrics_skip_tracking":false,"_exactmetrics_sitenote_active":false,"_exactmetrics_sitenote_note":"","_exactmetrics_sitenote_category":0,"footnotes":""},"categories":[6],"tags":[1595,33],"class_list":["post-21389","post","type-post","status-publish","format-standard","hentry","category-aktualnosci","tag-haczyk","tag-miejska-biblitoeka-publiczna-w-gliwicach"],"acf":[],"jetpack_featured_media_url":"","_links":{"self":[{"href":"https:\/\/slaskipegaz.bs.katowice.pl\/index.php?rest_route=\/wp\/v2\/posts\/21389","targetHints":{"allow":["GET"]}}],"collection":[{"href":"https:\/\/slaskipegaz.bs.katowice.pl\/index.php?rest_route=\/wp\/v2\/posts"}],"about":[{"href":"https:\/\/slaskipegaz.bs.katowice.pl\/index.php?rest_route=\/wp\/v2\/types\/post"}],"author":[{"embeddable":true,"href":"https:\/\/slaskipegaz.bs.katowice.pl\/index.php?rest_route=\/wp\/v2\/users\/3"}],"replies":[{"embeddable":true,"href":"https:\/\/slaskipegaz.bs.katowice.pl\/index.php?rest_route=%2Fwp%2Fv2%2Fcomments&post=21389"}],"version-history":[{"count":1,"href":"https:\/\/slaskipegaz.bs.katowice.pl\/index.php?rest_route=\/wp\/v2\/posts\/21389\/revisions"}],"predecessor-version":[{"id":21391,"href":"https:\/\/slaskipegaz.bs.katowice.pl\/index.php?rest_route=\/wp\/v2\/posts\/21389\/revisions\/21391"}],"wp:attachment":[{"href":"https:\/\/slaskipegaz.bs.katowice.pl\/index.php?rest_route=%2Fwp%2Fv2%2Fmedia&parent=21389"}],"wp:term":[{"taxonomy":"category","embeddable":true,"href":"https:\/\/slaskipegaz.bs.katowice.pl\/index.php?rest_route=%2Fwp%2Fv2%2Fcategories&post=21389"},{"taxonomy":"post_tag","embeddable":true,"href":"https:\/\/slaskipegaz.bs.katowice.pl\/index.php?rest_route=%2Fwp%2Fv2%2Ftags&post=21389"}],"curies":[{"name":"wp","href":"https:\/\/api.w.org\/{rel}","templated":true}]}}